{"id":248526,"date":"2025-09-03T12:30:00","date_gmt":"2025-09-03T10:30:00","guid":{"rendered":"https:\/\/www.leccecronaca.it\/?p=248526"},"modified":"2025-09-03T14:33:31","modified_gmt":"2025-09-03T12:33:31","slug":"carmiano-giovane-arrestato-per-ripetuti-maltrattamenti-in-famiglia","status":"publish","type":"post","link":"https:\/\/www.leccecronaca.it\/index.php\/2025\/09\/03\/carmiano-giovane-arrestato-per-ripetuti-maltrattamenti-in-famiglia\/","title":{"rendered":"CARMIANO, GIOVANE ARRESTATO PER RIPETUTI MALTRATTAMENTI IN FAMIGLIA"},"content":{"rendered":"\n<p><img decoding=\"async\" loading=\"lazy\" width=\"1599\" height=\"899\" class=\"wp-image-248528\" style=\"width: 1500px;\" src=\"https:\/\/www.leccecronaca.it\/wordpress\/wp-content\/uploads\/2025\/09\/carmi.jpg\" alt=\"\" srcset=\"https:\/\/www.leccecronaca.it\/wordpress\/wp-content\/uploads\/2025\/09\/carmi.jpg 1599w, https:\/\/www.leccecronaca.it\/wordpress\/wp-content\/uploads\/2025\/09\/carmi-300x169.jpg 300w, https:\/\/www.leccecronaca.it\/wordpress\/wp-content\/uploads\/2025\/09\/carmi-1024x576.jpg 1024w, https:\/\/www.leccecronaca.it\/wordpress\/wp-content\/uploads\/2025\/09\/carmi-768x432.jpg 768w, https:\/\/www.leccecronaca.it\/wordpress\/wp-content\/uploads\/2025\/09\/carmi-1536x864.jpg 1536w\" sizes=\"(max-width: 1599px) 100vw, 1599px\" \/><\/p>\n\n\n\n<p>Report del Comando Provinciale dei Carabinieri di Lecce _________<\/p>\n\n\n\n<p>Maltrattamenti contro i familiari. Ennesima misura cautelare personale, quella che ha visto impegnati ieri mattina i Carabinieri della Stazione di Carmiano che hanno dato esecuzione ad una misura cautelare personale degli arresti domiciliari, a seguito di maltrattamenti in famiglia, emessa dal Giudice per le Indagini Preliminari del Tribunale di Lecce a carico di un 39enne del posto, gi\u00e0 noto. <\/p>\n\n\n\n<p>L\u2019ipotesi accusatoria dalla quale l\u2019uomo si dovr\u00e0 difendere \u00e8 quella di maltrattamenti in famiglia e inosservanza dei provvedimenti dell\u2019Autorit\u00e0 Giudiziaria.<br>L\u2019episodio si inserisce in un pi\u00f9 ampio contesto di maltrattamenti in ambito familiare, fenomeno purtroppo diffuso e particolarmente insidioso poich\u00e9 si consuma spesso tra le mura domestiche, minando la serenit\u00e0 e la sicurezza di chi ne \u00e8 vittima.<br>Il provvedimento scaturisce al termine di un\u2019attivit\u00e0 di indagine condotta dai militari che hanno quindi chiesto ed ottenuto la misura cautelare.<br>Secondo la ricostruzione degli uomini dell\u2019Arma, l\u2019uomo, era da tempo gi\u00e0 sottoposto alla misura cautelare del divieto di avvicinamento alla persona offesa con l&#8217;applicazione del braccialetto elettronico. Tale misura per\u00f2 sembrerebbe non essere stata sufficiente tanto da aver reiterato e perseverato nell\u2019assumere condotte vessatorie nei confronti della ex compagna.<br>I fatti contestati risalgono al periodo compreso tra il 2013 e il luglio del 2025, periodo durante il quale il 39enne avrebbe posto in essere continui comportamenti violenti nei confronti della donna, tali da determinare l&#8217;attivazione delle tutele previste dal Codice Rosso.<br>A seguito delle accertate inosservanze della misura cautelare precedentemente adottata, l\u2019Autorit\u00e0 Giudiziaria ha disposto per l\u2019indagato la misura pi\u00f9 restrittiva degli arresti domiciliari, che \u00e8 stata puntualmente eseguita dai militari.<br>L\u2019arrestato al termine delle formalit\u00e0, come disposto dal provvedimento in premessa, \u00e8 stato condotto presso la propria abitazione dove \u00e8 stato sottoposto alla misura degli arresti domiciliari.<br>\u00c8 importante sottolineare che il procedimento penale si trova nella fase preliminare e che le eventuali colpevolezze in ordine al reato contestato dovranno essere accertate in sede di processo nel contraddittorio tra le parti.<br>Lecce, 03 settembre 2025.<\/p>\n<fb:like href='https:\/\/www.leccecronaca.it\/index.php\/2025\/09\/03\/carmiano-giovane-arrestato-per-ripetuti-maltrattamenti-in-famiglia\/' send='true' layout='button_count' show_faces='true' width='450' height='65' action='recommend' colorscheme='light' font='lucida grande'><\/fb:like><span class=\"fb_share\"><fb:like href=\"https:\/\/www.leccecronaca.it\/index.php\/2025\/09\/03\/carmiano-giovane-arrestato-per-ripetuti-maltrattamenti-in-famiglia\/\" layout=\"button_count\"><\/fb:like><\/span>","protected":false},"excerpt":{"rendered":"<p>Report del Comando Provinciale dei Carabinieri di Lecce _________ Maltrattamenti contro i familiari. Ennesima misura cautelare personale, quella che ha visto impegnati ieri mattina i Carabinieri della Stazione di Carmiano che hanno dato esecuzione ad una misura cautelare personale degli arresti domiciliari, a seguito di maltrattamenti in famiglia, emessa dal Giudice per le Indagini Preliminari [&hellip;]<\/p>\n","protected":false},"author":4,"featured_media":248528,"comment_status":"open","ping_status":"closed","sticky":false,"template":"","format":"standard","meta":[],"categories":[69],"tags":[],"_links":{"self":[{"href":"https:\/\/www.leccecronaca.it\/index.php\/wp-json\/wp\/v2\/posts\/248526"}],"collection":[{"href":"https:\/\/www.leccecronaca.it\/index.php\/wp-json\/wp\/v2\/posts"}],"about":[{"href":"https:\/\/www.leccecronaca.it\/index.php\/wp-json\/wp\/v2\/types\/post"}],"author":[{"embeddable":true,"href":"https:\/\/www.leccecronaca.it\/index.php\/wp-json\/wp\/v2\/users\/4"}],"replies":[{"embeddable":true,"href":"https:\/\/www.leccecronaca.it\/index.php\/wp-json\/wp\/v2\/comments?post=248526"}],"version-history":[{"count":2,"href":"https:\/\/www.leccecronaca.it\/index.php\/wp-json\/wp\/v2\/posts\/248526\/revisions"}],"predecessor-version":[{"id":248530,"href":"https:\/\/www.leccecronaca.it\/index.php\/wp-json\/wp\/v2\/posts\/248526\/revisions\/248530"}],"wp:featuredmedia":[{"embeddable":true,"href":"https:\/\/www.leccecronaca.it\/index.php\/wp-json\/wp\/v2\/media\/248528"}],"wp:attachment":[{"href":"https:\/\/www.leccecronaca.it\/index.php\/wp-json\/wp\/v2\/media?parent=248526"}],"wp:term":[{"taxonomy":"category","embeddable":true,"href":"https:\/\/www.leccecronaca.it\/index.php\/wp-json\/wp\/v2\/categories?post=248526"},{"taxonomy":"post_tag","embeddable":true,"href":"https:\/\/www.leccecronaca.it\/index.php\/wp-json\/wp\/v2\/tags?post=248526"}],"curies":[{"name":"wp","href":"https:\/\/api.w.org\/{rel}","templated":true}]}}