{"id":248544,"date":"2025-09-04T11:34:28","date_gmt":"2025-09-04T09:34:28","guid":{"rendered":"https:\/\/www.leccecronaca.it\/?p=248544"},"modified":"2025-09-05T16:33:36","modified_gmt":"2025-09-05T14:33:36","slug":"frode-xylella-comunicato-stampa-dellassociazione-ulivivo-si-decide-il-28-ottobre-il-dossier-di-ricerca-e-di-approfondimento-di-leccecronaca-it","status":"publish","type":"post","link":"https:\/\/www.leccecronaca.it\/index.php\/2025\/09\/04\/frode-xylella-comunicato-stampa-dellassociazione-ulivivo-si-decide-il-28-ottobre-il-dossier-di-ricerca-e-di-approfondimento-di-leccecronaca-it\/","title":{"rendered":"FRODE XYLELLA \/ COMUNICATO STAMPA DELL&#8217;ASSOCIAZIONE ULIVIVO: SI DECIDE IL 28 OTTOBRE. IL DOSSIER DI RICERCA E DI APPROFONDIMENTO DI leccecronaca.it"},"content":{"rendered":"\n<p><img decoding=\"async\" loading=\"lazy\" width=\"960\" height=\"720\" class=\"wp-image-248552\" style=\"width: 1500px;\" src=\"https:\/\/www.leccecronaca.it\/wordpress\/wp-content\/uploads\/2025\/09\/xylella-proteste-san-pietro.jpg\" alt=\"\" srcset=\"https:\/\/www.leccecronaca.it\/wordpress\/wp-content\/uploads\/2025\/09\/xylella-proteste-san-pietro.jpg 960w, https:\/\/www.leccecronaca.it\/wordpress\/wp-content\/uploads\/2025\/09\/xylella-proteste-san-pietro-300x225.jpg 300w, https:\/\/www.leccecronaca.it\/wordpress\/wp-content\/uploads\/2025\/09\/xylella-proteste-san-pietro-768x576.jpg 768w, https:\/\/www.leccecronaca.it\/wordpress\/wp-content\/uploads\/2025\/09\/xylella-proteste-san-pietro-400x300.jpg 400w\" sizes=\"(max-width: 960px) 100vw, 960px\" \/><\/p>\n\n\n\n<p>Riceviamo e volentieri pubblichiamo. Ulivivo, comitato di cittadini e associazioni in difesa degli Ulivi della Puglia, ci manda il seguente comunicato (nella foto del nostro archivio, un momento della manifestazione di protesta contro gli abbattimenti degli ulivi a San Pietro Vernotico il 10 novembre 2015 ) ____________ <\/p>\n\n\n\n<p><strong>CI VEDIAMO IN TRIBUNALE<br>\u201cOperazione Xylella\u201d: Nessuna archiviazione, il 28 ottobre l\u2019udienza<\/strong><\/p>\n\n\n\n<p>BARI, 4 SETT. \u2013 \u201cDistruzione di un intero habitat costituito dalla foresta di ulivi del Salento; falso ideologico e materiale, truffa, procurato allarme, indebito percepimento di erogazioni pubbliche\u201d sono solo alcuni dei reati rilevati dalla Polizia Giudiziaria di cui saranno chiamati a rispondere i vari soggetti coinvolti nell\u2019\u201coperazione xylella\u201d.&nbsp;<strong>Al contrario di quanta affermato da certa stampa e da alcuni giornalisti, e da quanto auspicato da diversi politici nonch\u00e9 rappresentanti del mondo scientifico e associazionistico coinvolti nella vicenda, non vi \u00e8 stata infatti alcuna archiviazione.&nbsp;<\/strong>Anzi. La data \u00e8 quanto mai vicina:&nbsp;<strong>il 28 ottobre 2025 sar\u00e0 il giudice a decidere sulle 7000 pagine di elementi fattuali dettagliatamente documentati dalle forze dell\u2019ordine.&nbsp;<\/strong><br>Elementi che vanno arricchendosi di giorno in giorno, in quanto, il \u201cdisegno criminoso\u201d, cos\u00ec definito negli atti della PG, \u00e8 ancora in corso e continua ad essere causa della distruzione del territorio pugliese e delle economie locali ad esso correlate. <\/p>\n\n\n\n<p>Proseguono infatti migliaia di abbattimenti perpetuati malgrado innumerevoli evidenze scientifiche ed empiriche abbiano dimostrato in questi anni la loro inutilit\u00e0 e il lavoro della PG ne abbiamo sottolineato l\u2019illegittimit\u00e0. Cos\u00ec come&nbsp;<strong>continua a fluire un fiume di denaro fatto di finanziamenti europei e fondi pubblici, nelle mani di chi, in oltre un decennio di presunta emergenza, ha utilizzato il pretesto della xylella per arricchirsi, facendo di gran parte della Puglia un deserto.<\/strong>&nbsp;<\/p>\n\n\n\n<p>\u201cUn giro d\u2019affari milionario tenuto in piedi da monitoraggi manipolati e una narrazione mediatica allarmistica idonea a fomentare una \u2018strategia dell\u2019emergenza\u2019, del vero e proprio \u2018terrorismo psicologico\u2019, specie attraverso i numeri delle piante infette in contrasto con le statistiche emerse dai dati ufficiali\u201d, \u00e8 il quadro inquietante emerso dalle indagini che a brave saranno portate in tribunale.<br>Consapevoli di non poter far nulla per riportare in vita le migliaia di ulivi e di piante distrutte in questi anni, chiediamo giustizia per la nostra terra e i suoi cittadini, umiliati, offesi e depredati per troppo tempo.<br>Il vaso di Pandora si \u00e8 scoperchiato,&nbsp;<strong>\u00e8 arrivato il tempo della verit\u00e0&nbsp;<\/strong>e di un sussulto di dignit\u00e0 da parte di tutta la popolazione pugliese: \u00e8 il momento di dire basta, di fermare l\u2019ecocidio in corso, difendere la nostra terra e tornare a prendercene cura, prima che sia troppo tardi. ___________<\/p>\n\n\n\n<p>LA RICERCA nel nostro articolo del 19 giugno scorso<\/p>\n\n\n\n<figure class=\"wp-block-embed is-type-wp-embed is-provider-leccecronaca-it wp-block-embed-leccecronaca-it\"><div class=\"wp-block-embed__wrapper\">\n<blockquote class=\"wp-embedded-content\" data-secret=\"O7PzzOp4Nf\"><a href=\"https:\/\/www.leccecronaca.it\/index.php\/2025\/06\/19\/244488\/\">PRECISAZIONI PREZIOSE SULL&#8217;INDAGINE DELLA PROCURA DI BARI SULLA XYLELLA<\/a><\/blockquote><iframe class=\"wp-embedded-content\" sandbox=\"allow-scripts\" security=\"restricted\" style=\"position: absolute; clip: rect(1px, 1px, 1px, 1px);\" title=\"&#8220;PRECISAZIONI PREZIOSE SULL&#8217;INDAGINE DELLA PROCURA DI BARI SULLA XYLELLA&#8221; &#8212; LecceCronaca.it\" src=\"https:\/\/www.leccecronaca.it\/index.php\/2025\/06\/19\/244488\/embed\/#?secret=zVywxdXWSn#?secret=O7PzzOp4Nf\" data-secret=\"O7PzzOp4Nf\" width=\"500\" height=\"282\" frameborder=\"0\" marginwidth=\"0\" marginheight=\"0\" scrolling=\"no\"><\/iframe>\n<\/div><\/figure>\n\n\n\n<p><\/p>\n\n\n\n<p>L&#8217;APPROFONDIMENTO nei nostri articoli del 2 aprile scorso<\/p>\n\n\n\n<figure class=\"wp-block-embed is-type-wp-embed is-provider-leccecronaca-it wp-block-embed-leccecronaca-it\"><div class=\"wp-block-embed__wrapper\">\n<blockquote class=\"wp-embedded-content\" data-secret=\"tVZIIWoCIR\"><a href=\"https:\/\/www.leccecronaca.it\/index.php\/2025\/04\/02\/il-convegno-di-sannicandro-dal-vaso-di-pandora-della-frode-spunta-finalmente-la-verita-sulla-xyllella\/\">IL CONVEGNO DI SANNICANDRO \/ DAL VASO DI PANDORA DELLA FRODE, SPUNTA FINALMENTE LA VERITA&#8217; SULLA XYLELLA<\/a><\/blockquote><iframe class=\"wp-embedded-content\" sandbox=\"allow-scripts\" security=\"restricted\" style=\"position: absolute; clip: rect(1px, 1px, 1px, 1px);\" title=\"&#8220;IL CONVEGNO DI SANNICANDRO \/ DAL VASO DI PANDORA DELLA FRODE, SPUNTA FINALMENTE LA VERITA&#8217; SULLA XYLELLA&#8221; &#8212; LecceCronaca.it\" src=\"https:\/\/www.leccecronaca.it\/index.php\/2025\/04\/02\/il-convegno-di-sannicandro-dal-vaso-di-pandora-della-frode-spunta-finalmente-la-verita-sulla-xyllella\/embed\/#?secret=beUBCpXwzw#?secret=tVZIIWoCIR\" data-secret=\"tVZIIWoCIR\" width=\"500\" height=\"282\" frameborder=\"0\" marginwidth=\"0\" marginheight=\"0\" scrolling=\"no\"><\/iframe>\n<\/div><\/figure>\n\n\n\n<p>del 1 settembre 2024<\/p>\n\n\n\n<figure class=\"wp-block-embed is-type-wp-embed is-provider-leccecronaca-it wp-block-embed-leccecronaca-it\"><div class=\"wp-block-embed__wrapper\">\n<blockquote class=\"wp-embedded-content\" data-secret=\"uS1qZEDHSW\"><a href=\"https:\/\/www.leccecronaca.it\/index.php\/2024\/09\/01\/scenari-post-xylella-favolosa-e-leccino-sono-controproducenti-ogliarola-e-cellina-si-riprendono\/\">SCENARI POST XYLELLA: &#8216;FAVOLOSA&#8217; E &#8216;LECCINO&#8217; SONO CONTROPRODUCENTI, &#8216;OGLIAROLA&#8217; E &#8216;CELLINA&#8217; SI RIPRENDONO<\/a><\/blockquote><iframe class=\"wp-embedded-content\" sandbox=\"allow-scripts\" security=\"restricted\" style=\"position: absolute; clip: rect(1px, 1px, 1px, 1px);\" title=\"&#8220;SCENARI POST XYLELLA: &#8216;FAVOLOSA&#8217; E &#8216;LECCINO&#8217; SONO CONTROPRODUCENTI, &#8216;OGLIAROLA&#8217; E &#8216;CELLINA&#8217; SI RIPRENDONO&#8221; &#8212; LecceCronaca.it\" src=\"https:\/\/www.leccecronaca.it\/index.php\/2024\/09\/01\/scenari-post-xylella-favolosa-e-leccino-sono-controproducenti-ogliarola-e-cellina-si-riprendono\/embed\/#?secret=6TTq2WGEmY#?secret=uS1qZEDHSW\" data-secret=\"uS1qZEDHSW\" width=\"500\" height=\"282\" frameborder=\"0\" marginwidth=\"0\" marginheight=\"0\" scrolling=\"no\"><\/iframe>\n<\/div><\/figure>\n\n\n\n<p>del 6 ottobre 2024<\/p>\n\n\n\n<figure class=\"wp-block-embed is-type-wp-embed is-provider-leccecronaca-it wp-block-embed-leccecronaca-it\"><div class=\"wp-block-embed__wrapper\">\n<blockquote class=\"wp-embedded-content\" data-secret=\"uS1qZEDHSW\"><a href=\"https:\/\/www.leccecronaca.it\/index.php\/2024\/09\/01\/scenari-post-xylella-favolosa-e-leccino-sono-controproducenti-ogliarola-e-cellina-si-riprendono\/\">SCENARI POST XYLELLA: &#8216;FAVOLOSA&#8217; E &#8216;LECCINO&#8217; SONO CONTROPRODUCENTI, &#8216;OGLIAROLA&#8217; E &#8216;CELLINA&#8217; SI RIPRENDONO<\/a><\/blockquote><iframe class=\"wp-embedded-content\" sandbox=\"allow-scripts\" security=\"restricted\" style=\"position: absolute; clip: rect(1px, 1px, 1px, 1px);\" title=\"&#8220;SCENARI POST XYLELLA: &#8216;FAVOLOSA&#8217; E &#8216;LECCINO&#8217; SONO CONTROPRODUCENTI, &#8216;OGLIAROLA&#8217; E &#8216;CELLINA&#8217; SI RIPRENDONO&#8221; &#8212; LecceCronaca.it\" src=\"https:\/\/www.leccecronaca.it\/index.php\/2024\/09\/01\/scenari-post-xylella-favolosa-e-leccino-sono-controproducenti-ogliarola-e-cellina-si-riprendono\/embed\/#?secret=6TTq2WGEmY#?secret=uS1qZEDHSW\" data-secret=\"uS1qZEDHSW\" width=\"500\" height=\"282\" frameborder=\"0\" marginwidth=\"0\" marginheight=\"0\" scrolling=\"no\"><\/iframe>\n<\/div><figcaption class=\"wp-element-caption\"><br>e del 25 gennaio scorso<\/figcaption><\/figure>\n\n\n\n<figure class=\"wp-block-embed is-type-wp-embed is-provider-leccecronaca-it wp-block-embed-leccecronaca-it\"><div class=\"wp-block-embed__wrapper\">\n<blockquote class=\"wp-embedded-content\" data-secret=\"uS1qZEDHSW\"><a href=\"https:\/\/www.leccecronaca.it\/index.php\/2024\/09\/01\/scenari-post-xylella-favolosa-e-leccino-sono-controproducenti-ogliarola-e-cellina-si-riprendono\/\">SCENARI POST XYLELLA: &#8216;FAVOLOSA&#8217; E &#8216;LECCINO&#8217; SONO CONTROPRODUCENTI, &#8216;OGLIAROLA&#8217; E &#8216;CELLINA&#8217; SI RIPRENDONO<\/a><\/blockquote><iframe class=\"wp-embedded-content\" sandbox=\"allow-scripts\" security=\"restricted\" style=\"position: absolute; clip: rect(1px, 1px, 1px, 1px);\" title=\"&#8220;SCENARI POST XYLELLA: &#8216;FAVOLOSA&#8217; E &#8216;LECCINO&#8217; SONO CONTROPRODUCENTI, &#8216;OGLIAROLA&#8217; E &#8216;CELLINA&#8217; SI RIPRENDONO&#8221; &#8212; LecceCronaca.it\" src=\"https:\/\/www.leccecronaca.it\/index.php\/2024\/09\/01\/scenari-post-xylella-favolosa-e-leccino-sono-controproducenti-ogliarola-e-cellina-si-riprendono\/embed\/#?secret=6TTq2WGEmY#?secret=uS1qZEDHSW\" data-secret=\"uS1qZEDHSW\" width=\"500\" height=\"282\" frameborder=\"0\" marginwidth=\"0\" marginheight=\"0\" scrolling=\"no\"><\/iframe>\n<\/div><\/figure>\n<fb:like href='https:\/\/www.leccecronaca.it\/index.php\/2025\/09\/04\/frode-xylella-comunicato-stampa-dellassociazione-ulivivo-si-decide-il-28-ottobre-il-dossier-di-ricerca-e-di-approfondimento-di-leccecronaca-it\/' send='true' layout='button_count' show_faces='true' width='450' height='65' action='recommend' colorscheme='light' font='lucida grande'><\/fb:like><span class=\"fb_share\"><fb:like href=\"https:\/\/www.leccecronaca.it\/index.php\/2025\/09\/04\/frode-xylella-comunicato-stampa-dellassociazione-ulivivo-si-decide-il-28-ottobre-il-dossier-di-ricerca-e-di-approfondimento-di-leccecronaca-it\/\" layout=\"button_count\"><\/fb:like><\/span>","protected":false},"excerpt":{"rendered":"<p>Riceviamo e volentieri pubblichiamo. Ulivivo, comitato di cittadini e associazioni in difesa degli Ulivi della Puglia, ci manda il seguente comunicato (nella foto del nostro archivio, un momento della manifestazione di protesta contro gli abbattimenti degli ulivi a San Pietro Vernotico il 10 novembre 2015 ) ____________ CI VEDIAMO IN TRIBUNALE\u201cOperazione Xylella\u201d: Nessuna archiviazione, il [&hellip;]<\/p>\n","protected":false},"author":4,"featured_media":248552,"comment_status":"open","ping_status":"closed","sticky":false,"template":"","format":"standard","meta":[],"categories":[1,69,76,36],"tags":[],"_links":{"self":[{"href":"https:\/\/www.leccecronaca.it\/index.php\/wp-json\/wp\/v2\/posts\/248544"}],"collection":[{"href":"https:\/\/www.leccecronaca.it\/index.php\/wp-json\/wp\/v2\/posts"}],"about":[{"href":"https:\/\/www.leccecronaca.it\/index.php\/wp-json\/wp\/v2\/types\/post"}],"author":[{"embeddable":true,"href":"https:\/\/www.leccecronaca.it\/index.php\/wp-json\/wp\/v2\/users\/4"}],"replies":[{"embeddable":true,"href":"https:\/\/www.leccecronaca.it\/index.php\/wp-json\/wp\/v2\/comments?post=248544"}],"version-history":[{"count":3,"href":"https:\/\/www.leccecronaca.it\/index.php\/wp-json\/wp\/v2\/posts\/248544\/revisions"}],"predecessor-version":[{"id":248555,"href":"https:\/\/www.leccecronaca.it\/index.php\/wp-json\/wp\/v2\/posts\/248544\/revisions\/248555"}],"wp:featuredmedia":[{"embeddable":true,"href":"https:\/\/www.leccecronaca.it\/index.php\/wp-json\/wp\/v2\/media\/248552"}],"wp:attachment":[{"href":"https:\/\/www.leccecronaca.it\/index.php\/wp-json\/wp\/v2\/media?parent=248544"}],"wp:term":[{"taxonomy":"category","embeddable":true,"href":"https:\/\/www.leccecronaca.it\/index.php\/wp-json\/wp\/v2\/categories?post=248544"},{"taxonomy":"post_tag","embeddable":true,"href":"https:\/\/www.leccecronaca.it\/index.php\/wp-json\/wp\/v2\/tags?post=248544"}],"curies":[{"name":"wp","href":"https:\/\/api.w.org\/{rel}","templated":true}]}}