{"id":248562,"date":"2025-09-07T15:30:00","date_gmt":"2025-09-07T13:30:00","guid":{"rendered":"https:\/\/www.leccecronaca.it\/?p=248562"},"modified":"2025-09-09T12:40:37","modified_gmt":"2025-09-09T10:40:37","slug":"il-pranzo-della-domenica-una-panoramica-a-casa-di-vito-candido","status":"publish","type":"post","link":"https:\/\/www.leccecronaca.it\/index.php\/2025\/09\/07\/il-pranzo-della-domenica-una-panoramica-a-casa-di-vito-candido\/","title":{"rendered":"IL PRANZO DELLA DOMENICA \/ UNA&#8230; PANORAMICA A CASA DI VITO CANDIDO"},"content":{"rendered":"\n<p><img decoding=\"async\" loading=\"lazy\" width=\"1536\" height=\"2048\" class=\"wp-image-248563\" style=\"width: 1500px;\" src=\"https:\/\/www.leccecronaca.it\/wordpress\/wp-content\/uploads\/2025\/09\/IMG-20250710-vito.jpg\" alt=\"\" srcset=\"https:\/\/www.leccecronaca.it\/wordpress\/wp-content\/uploads\/2025\/09\/IMG-20250710-vito.jpg 1536w, https:\/\/www.leccecronaca.it\/wordpress\/wp-content\/uploads\/2025\/09\/IMG-20250710-vito-225x300.jpg 225w, https:\/\/www.leccecronaca.it\/wordpress\/wp-content\/uploads\/2025\/09\/IMG-20250710-vito-768x1024.jpg 768w, https:\/\/www.leccecronaca.it\/wordpress\/wp-content\/uploads\/2025\/09\/IMG-20250710-vito-1152x1536.jpg 1152w\" sizes=\"(max-width: 1536px) 100vw, 1536px\" \/><\/p>\n\n\n\n<p>di <strong>Raffaele Polo ____________<\/strong><\/p>\n\n\n\n<p>Da lontano, avvicinandoci a casa sua, sentiamo dei piacevoli accordi di sassofono. Non sapevamo di questa passione di Vito Candido, che ci accoglie sorridente: \u00e8 proprio lui il &#8216;suonatore&#8217; che ci confessa: <\/p>\n\n\n\n<p>\u00abSax e pianoforte mi appassionano da sempre&#8230; Vieni, accomodati&#8230;\u00bb<\/p>\n\n\n\n<p><\/p>\n\n\n\n<p>Lo conosciamo da tempo, ci incontriamo a teatro, alle mostre d&#8217;arte, \u00e8 sempre interessato alla cultura e la sua espressione bonaria e positiva si rallegra ancora di pi\u00f9 al pensiero delle vivande che saranno gustate tra poco. <\/p>\n\n\n\n<p>\u00abTi confesso che a me piace mangiare veramente tutto. E, a volte, esagero un po&#8217;: soprattutto se sono in tavola i miei piatti preferiti, ovvero la matriciana e i dolci. A questi non resisto proprio&#8230;\u00bb<\/p>\n\n\n\n<p><\/p>\n\n\n\n<p>Esauriti i convenevoli, eccoci a cercare di conoscere meglio il nostro amico Vito. <\/p>\n\n\n\n<p><\/p>\n\n\n\n<p>\u00abDa circa 30 anni sono odontotecnico e ho, assieme ad un socio, la responsabilit\u00e0 di un Centro Polivalente che si \u00e8 sviluppato e, tra poco, avr\u00e0 anche un laboratorio digitale tutto suo&#8230; Sono molto soddisfatto della mia attivit\u00e0 e, ogni giorno, verifico i riscontri positivi da parte di chi utilizza la struttura&#8230;\u00bb<\/p>\n\n\n\n<p><\/p>\n\n\n\n<p>\u00abEppure, non manca la concorrenza, soprattutto da parte delle imprese similari situate all&#8217;estero, nell&#8217;Est europeo&#8230;\u00bb, gli chiediamo, cercando di metterlo in imbarazzo.<\/p>\n\n\n\n<p><\/p>\n\n\n\n<p>Ma Vito sorride e ci fissa con i suoi occhi buoni: <\/p>\n\n\n\n<p>\u00abSe ne sentono tante, in ogni luogo si parla spesso e volentieri male dell&#8217;Italia e degli Italiani. Ma io ti posso assicurare che gli Italiani sono i migliori produttori artigianali del settore e i costi sono rapportati al materiale che \u00e8 fondamentale per quello che riguarda i denti e le ricostruzioni. Io dico, soprattutto ai pi\u00f9 giovani che intraprendono questa affascinante professione, che devono applicarsi ai meravigliosi progressi che ci offrono le nuove tecnologie&#8230;\u00bb<\/p>\n\n\n\n<p><\/p>\n\n\n\n<p>\u00abSono passati i tempi delle battaglie tra odontotecnici e dentisti, allora?\u00bb<\/p>\n\n\n\n<p><\/p>\n\n\n\n<p>\u00abOgnuno deve fare il suo, questa \u00e8 la semplice soluzione per ogni controversia. E niente abusivismi, naturalmente&#8230;\u00bb<\/p>\n\n\n\n<p><\/p>\n\n\n\n<p>Il profumo della amatriciana ci travolge, a tavola il faccione di Vito si illumina: <\/p>\n\n\n\n<p>\u00abDovrei stare a dieta, ma come si fa? Vorr\u00e0 dire che domani star\u00f2 a digiuno. E poi la mia compagna \u00e8 una cuoca veramente eccezionale&#8230;\u00bb<\/p>\n\n\n\n<p><\/p>\n\n\n\n<p>Non possiamo che dargli ragione, i piatti sono veramente eccezionali, fino al dulcis in fundo che sar\u00e0 una sorpresa, ci dice Vito.<\/p>\n\n\n\n<p>Ma noi lo sappiamo gi\u00e0 che \u00e8 riuscito, chiss\u00e0 come, a procurarsi le cassate siciliane&#8230;<\/p>\n\n\n\n<p>____________<\/p>\n\n\n\n<p><strong>( 68 \u2010 continua )<\/strong><\/p>\n<fb:like href='https:\/\/www.leccecronaca.it\/index.php\/2025\/09\/07\/il-pranzo-della-domenica-una-panoramica-a-casa-di-vito-candido\/' send='true' layout='button_count' show_faces='true' width='450' height='65' action='recommend' colorscheme='light' font='lucida grande'><\/fb:like><span class=\"fb_share\"><fb:like href=\"https:\/\/www.leccecronaca.it\/index.php\/2025\/09\/07\/il-pranzo-della-domenica-una-panoramica-a-casa-di-vito-candido\/\" layout=\"button_count\"><\/fb:like><\/span>","protected":false},"excerpt":{"rendered":"<p>di Raffaele Polo ____________ Da lontano, avvicinandoci a casa sua, sentiamo dei piacevoli accordi di sassofono. Non sapevamo di questa passione di Vito Candido, che ci accoglie sorridente: \u00e8 proprio lui il &#8216;suonatore&#8217; che ci confessa: \u00abSax e pianoforte mi appassionano da sempre&#8230; Vieni, accomodati&#8230;\u00bb Lo conosciamo da tempo, ci incontriamo a teatro, alle mostre [&hellip;]<\/p>\n","protected":false},"author":4,"featured_media":248563,"comment_status":"open","ping_status":"closed","sticky":false,"template":"","format":"standard","meta":[],"categories":[1,31],"tags":[],"_links":{"self":[{"href":"https:\/\/www.leccecronaca.it\/index.php\/wp-json\/wp\/v2\/posts\/248562"}],"collection":[{"href":"https:\/\/www.leccecronaca.it\/index.php\/wp-json\/wp\/v2\/posts"}],"about":[{"href":"https:\/\/www.leccecronaca.it\/index.php\/wp-json\/wp\/v2\/types\/post"}],"author":[{"embeddable":true,"href":"https:\/\/www.leccecronaca.it\/index.php\/wp-json\/wp\/v2\/users\/4"}],"replies":[{"embeddable":true,"href":"https:\/\/www.leccecronaca.it\/index.php\/wp-json\/wp\/v2\/comments?post=248562"}],"version-history":[{"count":1,"href":"https:\/\/www.leccecronaca.it\/index.php\/wp-json\/wp\/v2\/posts\/248562\/revisions"}],"predecessor-version":[{"id":248564,"href":"https:\/\/www.leccecronaca.it\/index.php\/wp-json\/wp\/v2\/posts\/248562\/revisions\/248564"}],"wp:featuredmedia":[{"embeddable":true,"href":"https:\/\/www.leccecronaca.it\/index.php\/wp-json\/wp\/v2\/media\/248563"}],"wp:attachment":[{"href":"https:\/\/www.leccecronaca.it\/index.php\/wp-json\/wp\/v2\/media?parent=248562"}],"wp:term":[{"taxonomy":"category","embeddable":true,"href":"https:\/\/www.leccecronaca.it\/index.php\/wp-json\/wp\/v2\/categories?post=248562"},{"taxonomy":"post_tag","embeddable":true,"href":"https:\/\/www.leccecronaca.it\/index.php\/wp-json\/wp\/v2\/tags?post=248562"}],"curies":[{"name":"wp","href":"https:\/\/api.w.org\/{rel}","templated":true}]}}