{"id":248579,"date":"2025-09-04T17:09:58","date_gmt":"2025-09-04T15:09:58","guid":{"rendered":"https:\/\/www.leccecronaca.it\/?p=248579"},"modified":"2025-09-04T17:10:02","modified_gmt":"2025-09-04T15:10:02","slug":"il-presidente-di-israele-isaac-herzog-in-udienza-in-santa-sede-a-roma-la-sala-stampa-del-vaticano-spiega-in-una-nota-le-ragioni-dei-colloqui","status":"publish","type":"post","link":"https:\/\/www.leccecronaca.it\/index.php\/2025\/09\/04\/il-presidente-di-israele-isaac-herzog-in-udienza-in-santa-sede-a-roma-la-sala-stampa-del-vaticano-spiega-in-una-nota-le-ragioni-dei-colloqui\/","title":{"rendered":"IL PRESIDENTE DI ISRAELE ISAAC HERZOG IN UDIENZA IN SANTA SEDE A ROMA. LA SALA STAMPA DEL VATICANO SPIEGA IN UNA NOTA LE RAGIONI DEI COLLOQUI"},"content":{"rendered":"\n<p><img decoding=\"async\" loading=\"lazy\" width=\"750\" height=\"422\" class=\"wp-image-248580\" style=\"width: 1500px;\" src=\"https:\/\/www.leccecronaca.it\/wordpress\/wp-content\/uploads\/2025\/09\/cq5dam.thumbnail.cropped.750.422.jpeg\" alt=\"\" srcset=\"https:\/\/www.leccecronaca.it\/wordpress\/wp-content\/uploads\/2025\/09\/cq5dam.thumbnail.cropped.750.422.jpeg 750w, https:\/\/www.leccecronaca.it\/wordpress\/wp-content\/uploads\/2025\/09\/cq5dam.thumbnail.cropped.750.422-300x169.jpeg 300w\" sizes=\"(max-width: 750px) 100vw, 750px\" \/><\/p>\n\n\n\n<p>(Rdl) __________ Comunicato della Sala Stampa della Santa Sede: Udienza al Presidente dello Stato di Israele, 04.09.2025<\/p>\n\n\n\n<p>Oggi, il Santo Padre Leone XIV ha ricevuto in Udienza, nel Palazzo Apostolico Vaticano, il Presidente dello Stato di Israele, S.E. il Sig. Isaac Herzog, il quale si \u00e8 successivamente incontrato con l\u2019Em.mo Cardinale Pietro Parolin, Segretario di Stato, accompagnato da S.E. Mons. Paul R. Gallagher Segretario per i Rapporti con gli Stati e le Organizzazioni internazionali.<\/p>\n\n\n\n<p>Nel corso dei cordiali colloqui con il Santo Padre e in Segreteria di Stato, \u00e8 stata affrontata la situazione politica e sociale del Medio Oriente, dove persistono numerosi conflitti, con particolare attenzione alla tragica situazione a Gaza. Si \u00e8 auspicata una pronta ripresa dei negoziati affinch\u00e9, con disponibilit\u00e0 e decisioni coraggiose, nonch\u00e9 con il sostegno della comunit\u00e0 internazionale, si possa ottenere la liberazione di tutti gli ostaggi, raggiungere con urgenza un cessate-il-fuoco permanente, facilitare l\u2019ingresso sicuro degli aiuti umanitari nelle zone pi\u00f9 colpite e garantire il pieno rispetto del diritto umanitario, come pure le legittime aspirazioni dei due popoli. Si \u00e8 parlato di come garantire un futuro al popolo palestinese e della pace e stabilit\u00e0 della Regione, ribadendo da parte della Santa Sede la soluzione dei due Stati, come unica via d\u2019uscita dalla guerra in corso. Non \u00e8 mancato un riferimento a quanto accade in Cisgiordania e all\u2019importante questione della Citt\u00e0 di Gerusalemme.<\/p>\n\n\n\n<p>Nel prosieguo dei colloqui, si \u00e8 convenuto sul valore storico dei rapporti tra la Santa Sede e Israele e sono state affrontate anche alcune questioni riguardanti i rapporti tra le Autorit\u00e0 statali e la Chiesa locale, con particolare attenzione all\u2019importanza delle comunit\u00e0 cristiane e al loro impegno&nbsp;<em>in&nbsp;loco&nbsp;<\/em>e in tutto il Medio Oriente, a favore dello sviluppo umano e sociale, specialmente nei settori dell\u2019istruzione, della promozione della coesione sociale e della stabilit\u00e0 della regione.<\/p>\n\n\n\n<p>Dal Vaticano, 4 settembre 2025<\/p>\n<fb:like href='https:\/\/www.leccecronaca.it\/index.php\/2025\/09\/04\/il-presidente-di-israele-isaac-herzog-in-udienza-in-santa-sede-a-roma-la-sala-stampa-del-vaticano-spiega-in-una-nota-le-ragioni-dei-colloqui\/' send='true' layout='button_count' show_faces='true' width='450' height='65' action='recommend' colorscheme='light' font='lucida grande'><\/fb:like><span class=\"fb_share\"><fb:like href=\"https:\/\/www.leccecronaca.it\/index.php\/2025\/09\/04\/il-presidente-di-israele-isaac-herzog-in-udienza-in-santa-sede-a-roma-la-sala-stampa-del-vaticano-spiega-in-una-nota-le-ragioni-dei-colloqui\/\" layout=\"button_count\"><\/fb:like><\/span>","protected":false},"excerpt":{"rendered":"<p>(Rdl) __________ Comunicato della Sala Stampa della Santa Sede: Udienza al Presidente dello Stato di Israele, 04.09.2025 Oggi, il Santo Padre Leone XIV ha ricevuto in Udienza, nel Palazzo Apostolico Vaticano, il Presidente dello Stato di Israele, S.E. il Sig. Isaac Herzog, il quale si \u00e8 successivamente incontrato con l\u2019Em.mo Cardinale Pietro Parolin, Segretario di [&hellip;]<\/p>\n","protected":false},"author":4,"featured_media":248580,"comment_status":"open","ping_status":"closed","sticky":false,"template":"","format":"standard","meta":[],"categories":[69,76],"tags":[],"_links":{"self":[{"href":"https:\/\/www.leccecronaca.it\/index.php\/wp-json\/wp\/v2\/posts\/248579"}],"collection":[{"href":"https:\/\/www.leccecronaca.it\/index.php\/wp-json\/wp\/v2\/posts"}],"about":[{"href":"https:\/\/www.leccecronaca.it\/index.php\/wp-json\/wp\/v2\/types\/post"}],"author":[{"embeddable":true,"href":"https:\/\/www.leccecronaca.it\/index.php\/wp-json\/wp\/v2\/users\/4"}],"replies":[{"embeddable":true,"href":"https:\/\/www.leccecronaca.it\/index.php\/wp-json\/wp\/v2\/comments?post=248579"}],"version-history":[{"count":1,"href":"https:\/\/www.leccecronaca.it\/index.php\/wp-json\/wp\/v2\/posts\/248579\/revisions"}],"predecessor-version":[{"id":248581,"href":"https:\/\/www.leccecronaca.it\/index.php\/wp-json\/wp\/v2\/posts\/248579\/revisions\/248581"}],"wp:featuredmedia":[{"embeddable":true,"href":"https:\/\/www.leccecronaca.it\/index.php\/wp-json\/wp\/v2\/media\/248580"}],"wp:attachment":[{"href":"https:\/\/www.leccecronaca.it\/index.php\/wp-json\/wp\/v2\/media?parent=248579"}],"wp:term":[{"taxonomy":"category","embeddable":true,"href":"https:\/\/www.leccecronaca.it\/index.php\/wp-json\/wp\/v2\/categories?post=248579"},{"taxonomy":"post_tag","embeddable":true,"href":"https:\/\/www.leccecronaca.it\/index.php\/wp-json\/wp\/v2\/tags?post=248579"}],"curies":[{"name":"wp","href":"https:\/\/api.w.org\/{rel}","templated":true}]}}