{"id":248582,"date":"2025-09-05T09:37:33","date_gmt":"2025-09-05T07:37:33","guid":{"rendered":"https:\/\/www.leccecronaca.it\/?p=248582"},"modified":"2025-09-07T11:47:43","modified_gmt":"2025-09-07T09:47:43","slug":"festa-di-compleanno-i-cinquanta-anni-di-rimmel-di-francesco-de-gregori-il-tour-celebrativo-ha-fatto-tappa-a-lecce-con-un-concerto-alle-cave-del-duca-che-cosa-e-rimasto","status":"publish","type":"post","link":"https:\/\/www.leccecronaca.it\/index.php\/2025\/09\/05\/festa-di-compleanno-i-cinquanta-anni-di-rimmel-di-francesco-de-gregori-il-tour-celebrativo-ha-fatto-tappa-a-lecce-con-un-concerto-alle-cave-del-duca-che-cosa-e-rimasto\/","title":{"rendered":"&#8220;Festa di compleanno&#8221;. I CINQUANTA ANNI DI \u2018Rimmel\u2019 DI FRANCESCO DE GREGORI: IL TOUR CELEBRATIVO HA FATTO  TAPPA A LECCE  CON UN CONCERTO ALLE CAVE DEL DUCA. MA CHE COSA E&#8217; RIMASTO \u201cfra le pagine chiare e le pagine scure\u201d ?"},"content":{"rendered":"\n<p><img decoding=\"async\" loading=\"lazy\" width=\"1881\" height=\"1673\" class=\"wp-image-248594\" style=\"width: 1500px;\" src=\"https:\/\/www.leccecronaca.it\/wordpress\/wp-content\/uploads\/2025\/09\/cover.jpeg\" alt=\"\" srcset=\"https:\/\/www.leccecronaca.it\/wordpress\/wp-content\/uploads\/2025\/09\/cover.jpeg 1881w, https:\/\/www.leccecronaca.it\/wordpress\/wp-content\/uploads\/2025\/09\/cover-300x267.jpeg 300w, https:\/\/www.leccecronaca.it\/wordpress\/wp-content\/uploads\/2025\/09\/cover-1024x911.jpeg 1024w, https:\/\/www.leccecronaca.it\/wordpress\/wp-content\/uploads\/2025\/09\/cover-768x683.jpeg 768w, https:\/\/www.leccecronaca.it\/wordpress\/wp-content\/uploads\/2025\/09\/cover-1536x1366.jpeg 1536w\" sizes=\"(max-width: 1881px) 100vw, 1881px\" \/><\/p>\n\n\n\n<p><\/p>\n\n\n\n<p>di <strong>Giuseppe Puppo ___________<\/strong><\/p>\n\n\n\n<p>&#8220;<em>Stasera \u00e8 una festa di compleanno&#8221; &#8211; <\/em>ha detto lui, ad un certo punto, dal palco.<\/p>\n\n\n\n<p>E allora, che cosa \u00e8 rimasto<\/p>\n\n\n\n<p>&#8220;<em>fra le pagine chiare e le pagine scure<\/em>&#8221; ?<\/p>\n\n\n\n<p>Il tempo ruba i contorni a<\/p>\n\n\n\n<p>&#8220;<em>quella foto in cui tu sorridevi e non guardavi&#8221;.<\/em><\/p>\n\n\n\n<p>Troppe labbra spedite a un indirizzo nuovo, troppe facce sovrapposte a quella di chiss\u00e0 chi altro.<\/p>\n\n\n\n<p><\/p>\n\n\n\n<p>Ci vedo solo ricordi. I ricordi, queste ombre troppo lunghe del nostro breve corpo,<br>questo strascico di morte che noi lasciamo vivendo.<\/p>\n\n\n\n<p><\/p>\n\n\n\n<p>I cancelli davanti alla scuola, per quel che mi riguarda il Palmieri (la foto di copertina \u00e8 tratta dal libro &#8220;Lecce nuovissima La citt\u00e0 degli anni Settanta&#8221; di Michele Mainardi, e grazie a Filippo Montanari per la paziente ricerca e la gentile collaborazione). <\/p>\n\n\n\n<p>Le assemblee &#8211; tante: di classe, di sezione, dei rappresentanti di classe, quelle generali &#8211; i cineforum affollati e fumosi, i dibattiti, i terribili anni di piombo, gli scontri, le battaglie fra &#8216;comunisti&#8217; e &#8216;fascisti&#8217;, i giornali, i volantini cicl.inprop. <\/p>\n\n\n\n<p>e gli scioperi, che, al di l\u00e0 della retorica ufficiale, poi in realt\u00e0 si facevano per saltare l&#8217;interrogazione di greco e per andare a rintanarsi al Grunt, oppure a infrattarsi all&#8217;Universit\u00e0 in qualche cantina buia dove noi.<\/p>\n\n\n\n<p><\/p>\n\n\n\n<p>&#8220;<em>Pablo \u00e8 vivo&#8221; <\/em>!?! Chiedetelo a Mario Monti, a Mario Draghi, a Matteo Renzi. Chiedetelo a Elsa Fornero.<\/p>\n\n\n\n<p><\/p>\n\n\n\n<p>Adesso Dio \u00e8 morto. Marx pure e Nietzsche non sta tanto bene.<\/p>\n\n\n\n<p>Adesso i leader studenteschi di allora, da una parte sono entrati in banca, fanno gli avvocati difensori degli interessi del Pci, che intanto ha cambiato nome e tutto il resto, oppure i fini dicitori degli outfit della casa reale inglese; dall&#8217;altra, fanno gli esponenti di governo del Msi, che intanto ha cambiato nome e tutto il resto, s\u00ec s\u00ec certo<\/p>\n\n\n\n<p>&#8220;<em>hanno facce serene e cravatte intonate alla camicia<\/em>&#8220;<\/p>\n\n\n\n<p>ma adesso han fatto carriera, non sono pi\u00f9 seduti dalla parte del torto, occupano poltrone di prima fila, facendo gli illusionisti della memoria, che negano tutto anche a s\u00e9 stessi di quel che era una volta, a fronte di quello che \u00e8 adesso.<\/p>\n\n\n\n<p><\/p>\n\n\n\n<p>Gli americani se ne andarono dal Vietnam, in quel 1975: generale, la guerra \u00e8 finita&#8230; E intanto, una dopo l&#8217;altra, ne sono scoppiate tantissime altre.<\/p>\n\n\n\n<p><\/p>\n\n\n\n<p>Il &#8216;privato&#8217; non \u00e8 pi\u00f9 &#8216;pubblico&#8217;: &#8220;il personale \u00e8 politico&#8221;, come si diceva allora, non se lo ricorda pi\u00f9 nessuno.<\/p>\n\n\n\n<p>Solo Francesco De Gregori, forse, che, nel furore ideologico di quegli anni, sub\u00ec un sequestro di persona ed un processo pubblico da un improvvisato &#8216;tribunale del popolo&#8217;, per aver osato scrivere una canzone come &#8216;Rimmel&#8217;, o, peggio ancora, come &#8216;Buonanotte fiorellino&#8217;.<\/p>\n\n\n\n<p>Ma dove gli era uscito quell&#8217;incredibile &#8216;Buonanotte fiorellino&#8217;? <\/p>\n\n\n\n<p>Forse, era innamorato.<\/p>\n\n\n\n<p>&#8220;<em>Gli uccellini nel vento non si fanno mai male<br>Hanno ali pi\u00f9 grandi di me<br>E dall&#8217;alba al tramonto sono soli nel sole<\/em><\/p>\n\n\n\n<p><em>Buonanotte, questa notte \u00e8 per te<\/em>&#8220;<\/p>\n\n\n\n<p>Di sicuro, innamorato non lo \u00e8 pi\u00f9. Qualcosa dentro di lui di questa canzone confligge ancora: ieri sera, prima l&#8217;ha omessa dalla sequenza della scaletta, poi, non potendosi proprio esimersi dal farla, l&#8217;ha fatta alla fine, giusto in chiusura, massacrandola musicalmente, trasformandola cio\u00e8 in un happening per ballare il valzer: ma &#8220;Buonanotte fiorellino&#8221; non \u00e8 un valzer, non \u00e8 fatta per ballare, era e non lo \u00e8 pi\u00f9 tutta un&#8217;altra cosa.  <\/p>\n\n\n\n<p><\/p>\n\n\n\n<p>Forse, solo io, ma non ne sono pi\u00f9 tanto sicuro.<\/p>\n\n\n\n<p><\/p>\n\n\n\n<p>Le Cave del Duca \u00e8, come dicono quelli che parlano bene l&#8217;italiano, una location maestosa, fra l&#8217;altro con un&#8217;acustica talmente dirompente, che le vibrazioni della musica rimbombano nel corpo degli spettatori in platea.<\/p>\n\n\n\n<p>Il concerto \u00e8 stato mediamente noioso, &#8220;<em>tranquillo, una cosa per famiglie&#8221; &#8211; <\/em>l&#8217;ha definito sul momento, accanto a me, il nostro critico severo Roberto Molle, del quale a parte potrete leggere il commento &#8211; s\u00ec ma troppo tranquillo, e triste. Come sono tristi le feste di compleanno, appunto, gli incontri e le cene fra vecchi compagni di scuola, le partenze, gli arrivederci senza sorriso sulle labbra, e gli addii.<\/p>\n\n\n\n<p><\/p>\n\n\n\n<p><img decoding=\"async\" loading=\"lazy\" width=\"2048\" height=\"1536\" class=\"wp-image-248595\" style=\"width: 800px;\" src=\"https:\/\/www.leccecronaca.it\/wordpress\/wp-content\/uploads\/2025\/09\/concedegregorio.jpeg\" alt=\"\" srcset=\"https:\/\/www.leccecronaca.it\/wordpress\/wp-content\/uploads\/2025\/09\/concedegregorio.jpeg 2048w, https:\/\/www.leccecronaca.it\/wordpress\/wp-content\/uploads\/2025\/09\/concedegregorio-300x225.jpeg 300w, https:\/\/www.leccecronaca.it\/wordpress\/wp-content\/uploads\/2025\/09\/concedegregorio-1024x768.jpeg 1024w, https:\/\/www.leccecronaca.it\/wordpress\/wp-content\/uploads\/2025\/09\/concedegregorio-768x576.jpeg 768w, https:\/\/www.leccecronaca.it\/wordpress\/wp-content\/uploads\/2025\/09\/concedegregorio-1536x1152.jpeg 1536w, https:\/\/www.leccecronaca.it\/wordpress\/wp-content\/uploads\/2025\/09\/concedegregorio-400x300.jpeg 400w\" sizes=\"(max-width: 2048px) 100vw, 2048px\" \/><\/p>\n\n\n\n<p> <\/p>\n\n\n\n<p><\/p>\n\n\n\n<p><\/p>\n<fb:like href='https:\/\/www.leccecronaca.it\/index.php\/2025\/09\/05\/festa-di-compleanno-i-cinquanta-anni-di-rimmel-di-francesco-de-gregori-il-tour-celebrativo-ha-fatto-tappa-a-lecce-con-un-concerto-alle-cave-del-duca-che-cosa-e-rimasto\/' send='true' layout='button_count' show_faces='true' width='450' height='65' action='recommend' colorscheme='light' font='lucida grande'><\/fb:like><span class=\"fb_share\"><fb:like href=\"https:\/\/www.leccecronaca.it\/index.php\/2025\/09\/05\/festa-di-compleanno-i-cinquanta-anni-di-rimmel-di-francesco-de-gregori-il-tour-celebrativo-ha-fatto-tappa-a-lecce-con-un-concerto-alle-cave-del-duca-che-cosa-e-rimasto\/\" layout=\"button_count\"><\/fb:like><\/span>","protected":false},"excerpt":{"rendered":"<p>di Giuseppe Puppo ___________ &#8220;Stasera \u00e8 una festa di compleanno&#8221; &#8211; ha detto lui, ad un certo punto, dal palco. E allora, che cosa \u00e8 rimasto &#8220;fra le pagine chiare e le pagine scure&#8221; ? Il tempo ruba i contorni a &#8220;quella foto in cui tu sorridevi e non guardavi&#8221;. Troppe labbra spedite a un [&hellip;]<\/p>\n","protected":false},"author":4,"featured_media":248594,"comment_status":"open","ping_status":"closed","sticky":false,"template":"","format":"standard","meta":[],"categories":[1,69,31,75,76],"tags":[],"_links":{"self":[{"href":"https:\/\/www.leccecronaca.it\/index.php\/wp-json\/wp\/v2\/posts\/248582"}],"collection":[{"href":"https:\/\/www.leccecronaca.it\/index.php\/wp-json\/wp\/v2\/posts"}],"about":[{"href":"https:\/\/www.leccecronaca.it\/index.php\/wp-json\/wp\/v2\/types\/post"}],"author":[{"embeddable":true,"href":"https:\/\/www.leccecronaca.it\/index.php\/wp-json\/wp\/v2\/users\/4"}],"replies":[{"embeddable":true,"href":"https:\/\/www.leccecronaca.it\/index.php\/wp-json\/wp\/v2\/comments?post=248582"}],"version-history":[{"count":9,"href":"https:\/\/www.leccecronaca.it\/index.php\/wp-json\/wp\/v2\/posts\/248582\/revisions"}],"predecessor-version":[{"id":248605,"href":"https:\/\/www.leccecronaca.it\/index.php\/wp-json\/wp\/v2\/posts\/248582\/revisions\/248605"}],"wp:featuredmedia":[{"embeddable":true,"href":"https:\/\/www.leccecronaca.it\/index.php\/wp-json\/wp\/v2\/media\/248594"}],"wp:attachment":[{"href":"https:\/\/www.leccecronaca.it\/index.php\/wp-json\/wp\/v2\/media?parent=248582"}],"wp:term":[{"taxonomy":"category","embeddable":true,"href":"https:\/\/www.leccecronaca.it\/index.php\/wp-json\/wp\/v2\/categories?post=248582"},{"taxonomy":"post_tag","embeddable":true,"href":"https:\/\/www.leccecronaca.it\/index.php\/wp-json\/wp\/v2\/tags?post=248582"}],"curies":[{"name":"wp","href":"https:\/\/api.w.org\/{rel}","templated":true}]}}