{"id":248606,"date":"2025-09-05T10:32:59","date_gmt":"2025-09-05T08:32:59","guid":{"rendered":"https:\/\/www.leccecronaca.it\/?p=248606"},"modified":"2025-09-05T10:34:17","modified_gmt":"2025-09-05T08:34:17","slug":"rinvio-alla-fase-di-merito-del-tar-di-bari-segnale-positivo-per-il-ricorso-contro-la-discarica-del-comitato-no-burgesi","status":"publish","type":"post","link":"https:\/\/www.leccecronaca.it\/index.php\/2025\/09\/05\/rinvio-alla-fase-di-merito-del-tar-di-bari-segnale-positivo-per-il-ricorso-contro-la-discarica-del-comitato-no-burgesi\/","title":{"rendered":"&#8220;Rinvio alla fase di merito&#8221; DEL TAR DI BARI. &#8220;Segnale positivo&#8221; PER IL RICORSO CONTRO LA DISCARICA DEL COMITATO NO BURGESI"},"content":{"rendered":"\n<p><img decoding=\"async\" loading=\"lazy\" width=\"997\" height=\"563\" class=\"wp-image-248607\" style=\"width: 1500px;\" src=\"https:\/\/www.leccecronaca.it\/wordpress\/wp-content\/uploads\/2025\/09\/DISCA.jpeg\" alt=\"\" srcset=\"https:\/\/www.leccecronaca.it\/wordpress\/wp-content\/uploads\/2025\/09\/DISCA.jpeg 997w, https:\/\/www.leccecronaca.it\/wordpress\/wp-content\/uploads\/2025\/09\/DISCA-300x169.jpeg 300w, https:\/\/www.leccecronaca.it\/wordpress\/wp-content\/uploads\/2025\/09\/DISCA-768x434.jpeg 768w\" sizes=\"(max-width: 997px) 100vw, 997px\" \/><\/p>\n\n\n\n<p>Riceviamo e volentieri pubblichiamo. Il Comitato No Burgesi ci manda il seguente comunicato ___________<\/p>\n\n\n\n<p>Discarica&nbsp; Burgesi, il TAR rinvia al merito: \u201cquestione complessa, la salute dei cittadini al centro\u201d<\/p>\n\n\n\n<p>Il 3 settembre si \u00e8 tenuta presso il TAR di&nbsp; Bari l\u2019udienza in Camera di Consiglio relativa ai ricorsi presentati dai Comuni di Presicce-Acquarica e Ugento contro il provvedimento dell\u2019AGER Puglia che autorizza il conferimento di rifiuti presso la discarica di Burgesi, annessa all\u2019impianto di biostabilizzazione.<\/p>\n\n\n\n<p>Il Comitato \u201cNo Burgesi\u201d, impegnato nella tutela della salute dei cittadini e dell\u2019ambiente, ha affidato la propria difesa all\u2019avvocato Giacomo Massimo Ciullo, costituendosi nel giudizio con un intervento ad adiuvandum a sostegno dei ricorsi dei due Comuni contro Regione Puglia, AGER e la societ\u00e0 Progetto Ambiente Bacino Lecce Tre S.u.r.l., concessionaria della gestione dell\u2019impianto.<\/p>\n\n\n\n<p>Al termine della discussione, il Collegio giudicante non si \u00e8 espresso sulla richiesta di sospensiva, rinviando l\u2019esame della controversia alla fase di merito.&nbsp;<\/p>\n\n\n\n<p>Durante la seduta, il Presidente del TAR ha riconosciuto che la questione riveste una notevole complessit\u00e0 e incide sul destino e sulla salute delle comunit\u00e0. Prova ne \u00e8&nbsp; l&#8217;intervento ad adiuvandum delle associazioni del Comitato che si \u00e8 rivelato utile ai fini della dimostrazione, della&nbsp; sensibilit\u00e0 e dell&#8217;interesse collettivo.<\/p>\n\n\n\n<p>Nel corso dell\u2019udienza, l\u2019avv. Ciullo ha, inoltre, richiesto l\u2019adozione di una ordinanza istruttoria per disporre accertamenti indipendenti sull\u2019impatto ambientale e sanitario dell\u2019impianto, invocando la terziet\u00e0 del TAR per garantire un\u2019analisi imparziale.<\/p>\n\n\n\n<p>Il Presidente ha ritenuto la richiesta degna di considerazione, precisando&nbsp; che un\u2019eventuale ordinanza potr\u00e0 essere adottata solo nella fase di merito e non in quella cautelare.<\/p>\n\n\n\n<p>Al termine \u00e8 stato&nbsp; annunciato che prossimamente sar\u00e0&nbsp; fissata&nbsp; un&#8217; udienza pubblica, data l\u2019urgenza e la rilevanza della vicenda.<\/p>\n\n\n\n<p>La Regione Puglia non si \u00e8 costituita in giudizio, mentre la difesa di AGER e della\u00a0 societ\u00e0 Progetto Ambiente Lecce S.u.r.l, ha chiesto il rigetto dei ricorsi e dell\u2019atto di intervento delle associazioni. <\/p>\n\n\n\n<p>\u00abIl rinvio al merito \u00e8 per noi un segnale positivo\u00bb \u2013 dichiara Antonio Nuzzo, referente del Comitato \u201cNo Burgesi\u201d. \u00abIl TAR ha riconosciuto la complessit\u00e0 della vicenda e la sua rilevanza per la salute dei cittadini. Continueremo a vigilare e a batterci, certi che la verit\u00e0 sull\u2019impatto della discarica emerger\u00e0 con chiarezza\u00bb.<\/p>\n\n\n\n<p>Il Comitato \u201cNo Burgesi\u201d ribadisce il proprio impegno costante nella difesa del territorio e invita cittadini e istituzioni a mantenere alta l\u2019attenzione su una vicenda che riguarda da vicino la salute pubblica e la tutela ambientale.<\/p>\n\n\n\n<p>Referente &#8220;Comitato No Burgesi&#8221; Antonio Nuzzo<\/p>\n\n\n\n<p>Daniela Casciaro ( responsabile comunicazione)<\/p>\n<fb:like href='https:\/\/www.leccecronaca.it\/index.php\/2025\/09\/05\/rinvio-alla-fase-di-merito-del-tar-di-bari-segnale-positivo-per-il-ricorso-contro-la-discarica-del-comitato-no-burgesi\/' send='true' layout='button_count' show_faces='true' width='450' height='65' action='recommend' colorscheme='light' font='lucida grande'><\/fb:like><span class=\"fb_share\"><fb:like href=\"https:\/\/www.leccecronaca.it\/index.php\/2025\/09\/05\/rinvio-alla-fase-di-merito-del-tar-di-bari-segnale-positivo-per-il-ricorso-contro-la-discarica-del-comitato-no-burgesi\/\" layout=\"button_count\"><\/fb:like><\/span>","protected":false},"excerpt":{"rendered":"<p>Riceviamo e volentieri pubblichiamo. Il Comitato No Burgesi ci manda il seguente comunicato ___________ Discarica&nbsp; Burgesi, il TAR rinvia al merito: \u201cquestione complessa, la salute dei cittadini al centro\u201d Il 3 settembre si \u00e8 tenuta presso il TAR di&nbsp; Bari l\u2019udienza in Camera di Consiglio relativa ai ricorsi presentati dai Comuni di Presicce-Acquarica e Ugento [&hellip;]<\/p>\n","protected":false},"author":4,"featured_media":248607,"comment_status":"open","ping_status":"closed","sticky":false,"template":"","format":"standard","meta":[],"categories":[1,69,76],"tags":[],"_links":{"self":[{"href":"https:\/\/www.leccecronaca.it\/index.php\/wp-json\/wp\/v2\/posts\/248606"}],"collection":[{"href":"https:\/\/www.leccecronaca.it\/index.php\/wp-json\/wp\/v2\/posts"}],"about":[{"href":"https:\/\/www.leccecronaca.it\/index.php\/wp-json\/wp\/v2\/types\/post"}],"author":[{"embeddable":true,"href":"https:\/\/www.leccecronaca.it\/index.php\/wp-json\/wp\/v2\/users\/4"}],"replies":[{"embeddable":true,"href":"https:\/\/www.leccecronaca.it\/index.php\/wp-json\/wp\/v2\/comments?post=248606"}],"version-history":[{"count":1,"href":"https:\/\/www.leccecronaca.it\/index.php\/wp-json\/wp\/v2\/posts\/248606\/revisions"}],"predecessor-version":[{"id":248608,"href":"https:\/\/www.leccecronaca.it\/index.php\/wp-json\/wp\/v2\/posts\/248606\/revisions\/248608"}],"wp:featuredmedia":[{"embeddable":true,"href":"https:\/\/www.leccecronaca.it\/index.php\/wp-json\/wp\/v2\/media\/248607"}],"wp:attachment":[{"href":"https:\/\/www.leccecronaca.it\/index.php\/wp-json\/wp\/v2\/media?parent=248606"}],"wp:term":[{"taxonomy":"category","embeddable":true,"href":"https:\/\/www.leccecronaca.it\/index.php\/wp-json\/wp\/v2\/categories?post=248606"},{"taxonomy":"post_tag","embeddable":true,"href":"https:\/\/www.leccecronaca.it\/index.php\/wp-json\/wp\/v2\/tags?post=248606"}],"curies":[{"name":"wp","href":"https:\/\/api.w.org\/{rel}","templated":true}]}}