{"id":248627,"date":"2025-09-05T09:40:00","date_gmt":"2025-09-05T07:40:00","guid":{"rendered":"https:\/\/www.leccecronaca.it\/?p=248627"},"modified":"2025-09-07T11:48:39","modified_gmt":"2025-09-07T09:48:39","slug":"il-concerto-di-de-gregori-a-lecce-alle-cave-del-duca-cera-un-mulino-bianco-lapprofondimento-del-critico-musicale-di-leccecronaca-it-fra-ricordi-privati-e-note-pubbliche","status":"publish","type":"post","link":"https:\/\/www.leccecronaca.it\/index.php\/2025\/09\/05\/il-concerto-di-de-gregori-a-lecce-alle-cave-del-duca-cera-un-mulino-bianco-lapprofondimento-del-critico-musicale-di-leccecronaca-it-fra-ricordi-privati-e-note-pubbliche\/","title":{"rendered":"IL CONCERTO DI DE GREGORI A LECCE \/ ALLE CAVE DEL DUCA C&#8217;ERA UN MULINO BIANCO: L&#8217;APPROFONDIMENTO DEL CRITICO MUSICALE DI leccecronaca.it FRA VIZI  PRIVATI E PUBBLICHE VIRTU&#8217;"},"content":{"rendered":"\n<p><img decoding=\"async\" loading=\"lazy\" width=\"2048\" height=\"1536\" class=\"wp-image-248629\" style=\"width: 1500px;\" src=\"https:\/\/www.leccecronaca.it\/wordpress\/wp-content\/uploads\/2025\/09\/concerto.jpeg\" alt=\"\" srcset=\"https:\/\/www.leccecronaca.it\/wordpress\/wp-content\/uploads\/2025\/09\/concerto.jpeg 2048w, https:\/\/www.leccecronaca.it\/wordpress\/wp-content\/uploads\/2025\/09\/concerto-300x225.jpeg 300w, https:\/\/www.leccecronaca.it\/wordpress\/wp-content\/uploads\/2025\/09\/concerto-1024x768.jpeg 1024w, https:\/\/www.leccecronaca.it\/wordpress\/wp-content\/uploads\/2025\/09\/concerto-768x576.jpeg 768w, https:\/\/www.leccecronaca.it\/wordpress\/wp-content\/uploads\/2025\/09\/concerto-1536x1152.jpeg 1536w, https:\/\/www.leccecronaca.it\/wordpress\/wp-content\/uploads\/2025\/09\/concerto-400x300.jpeg 400w\" sizes=\"(max-width: 2048px) 100vw, 2048px\" \/><\/p>\n\n\n\n<p>di <strong>Roberto Molle _________<\/strong><\/p>\n\n\n\n<p>Neanche lo sapevo, del concerto che <strong>Francesco De Gregori<\/strong> avrebbe tenuto ieri sera alle <strong>Cave Del Duca<\/strong> di <strong>Lecce<\/strong>. Solo qualche giorno prima <strong>Giuseppe Puppo<\/strong> (direttore di <strong>leccecronaca.it<\/strong>) mi aveva telefonato proponendomi di andare a sentirlo insieme, cos\u00ec intorno alle diciannove di un anonimo gioved\u00ec di settembre mi metto in macchina e in una quarantina di minuti sono in citt\u00e0, passo a prendere il direttore e, dopo aver superato qualche piccolo ingorgo, arriviamo finalmente alle Cave.<\/p>\n\n\n\n<p>In giornata avevo dato uno sguardo al link del portale di <strong>TicketOne<\/strong> e qualcosa non mi tornava: rispetto alla sterminata disponibilit\u00e0 di posti risultavano solo un paio di centinaio di prenotazioni.<\/p>\n\n\n\n<p>Pu\u00f2 essere? De Gregori \u201cil principe\u201d non attira pi\u00f9 il pubblico? L\u2019avremmo scoperto di l\u00ec a poco.<\/p>\n\n\n\n<p><\/p>\n\n\n\n<p>Arrivati sul luogo del concerto, dopo aver percorso un po\u2019 di stradine a piedi, finalmente il <em>gate<\/em> dove ci convalidano gli accrediti e ci fanno entrare. Dentro lo sconfinato spazio a perdere delle cave, sullo sfondo un palco maestoso e qualche migliaia di persone disseminate tra l\u2019area food e la spianata dove \u00e8 alloggiato il palco. Mi pareva! Probabilmente il server di TicketOne ha qualche problema.<\/p>\n\n\n\n<p><\/p>\n\n\n\n<p>Le luci sul palco sono tutte spente, il concerto non inizier\u00e0 prima delle ventuno e trenta. Dalle casse mastodontiche appese ai lati dell\u2019americana si libera la voce di <strong>Peter Gabriel<\/strong>, girer\u00e0 nell\u2019aria per almeno una ventina di minuti (piacevole coincidenza, avevo assistito a un concerto di Gabriel proprio l\u00ec ventuno anni prima).<\/p>\n\n\n\n<p>Quando il concerto sta per iniziare i posti a sedere non riescono a contenere tutto il pubblico, in tanti restano in piedi; almeno cinquemila persone in prevalenza boomer (ma curiosamente non solo) sono concentrati a naso in su verso il palco.<\/p>\n\n\n\n<p>La tappa di Lecce si configura dentro un tour che Francesco De Gregori sta portando in giro per l\u2019Italia celebrando il cinquantennale della pubblicazione di \u201c<strong>Rimmel<\/strong>\u201d, forse il suo l\u2019album pi\u00f9 iconico per molti versi.<\/p>\n\n\n\n<p>A inizio concerto mi aspettavo una set-list di massima che avevo letto da qualche parte, in verit\u00e0 quasi del tutto rispettata. Ovviamente Francesco ha cantato tutti i brani di \u201cRimmel\u201d e altri random, pi\u00f9 o meno sedimentati dentro i cuori degli astanti.<\/p>\n\n\n\n<p><\/p>\n\n\n\n<p>Sul palco il cantautore \u00e8 spalleggiato da musicisti eccellenti a iniziare da <strong>Guido Guglielminetti<\/strong> (basso e contrabasso), <strong>Carlo Gaudiello<\/strong> (pianoforte), <strong>Primiano Di Biase<\/strong> (hammond, tastiere e fisarmonica), poi <strong>Alessandro Valle<\/strong> (chitarra, pedal steel e mandolino), <strong>Simone Talone<\/strong> (batteria e percussioni) e le splendide coriste <strong>Francesca La Colla<\/strong> e <strong>Cristina Greco<\/strong>.<\/p>\n\n\n\n<p><\/p>\n\n\n\n<p>Francesco \u00e8 stato ineccepibile, a 74 anni la sua voce \u00e8 ancora calda, profonda, energica. Tutto \u00e8 filato liscio e il pubblico ha ringraziato puntuale con applausi generosi, l\u2019acustica \u00e8 stata impeccabile, e in tanti hanno cantato quelle canzoni che almeno una volta nella vita sono state colonne sonore di amori, tormenti, sconfitte e vittorie.<\/p>\n\n\n\n<p>Tutto ok allora? <\/p>\n\n\n\n<p>No, per niente.<\/p>\n\n\n\n<p>Intanto, la zona cuscinetto tra il palco e il pubblico era enorme (si dir\u00e0 per la sicurezza), i musicisti apparivano come piccoli omini della <em>playmobil<\/em>, magari un binocolo avrebbe aiutato (di solito in casi di cos\u00ec grande affluenza e ampiezza di spazi si installa un mega schermo).<\/p>\n\n\n\n<p>L\u2019esecuzione delle canzoni era cos\u00ec fedele alle originali (a parte la <em>Buonanotte fiorellino)<\/em> del finale, letteralmente massacrata nella sua essenza, ridotta a walzerino con annesso invito al ballo (per le coppie invitate sotto il palco) da risultare perfetta per il pubblico presente, a colpo d\u2019occhio ordinato, educato, da \u201cmulino bianco\u201d (verrebbe da aggiungere).<\/p>\n\n\n\n<p>Francesco De Gregori ha scritto delle canzoni memorabili, che ci accompagneranno sempre e resteranno eterne nell\u2019immaginario di un Paese che quelli come lui li ha sempre amati (in fondo). Insieme a <strong>Francesco Guccini<\/strong>, <strong>Fabrizio De Andr\u00e9<\/strong>, <strong>Roberto Vecchioni, Lucio Dalla<\/strong> e <strong>Antonello Venditti<\/strong> (solo per citare i pi\u00f9 noti o mainstream come si dice adesso), De Gregori ha rappresentato un baluardo contro le disuguaglianze, la brutta politica, un sentire personale capace di farsi popolare, il cantare di storie, di amori e vissuti che sono dentro di noi, ineluttabilmente.<\/p>\n\n\n\n<p>\u00c8 stato un bel concerto insomma? <\/p>\n\n\n\n<p>Per chi scrive \u00e8 stato un concerto \u201caddomesticato\u201d buono per le famiglie (che magari sono nate intorno a quelle canzoni) e per certi nerd che malgrado il tempo andasse avanti, mentre il progressive si dissolveva e il punk radeva al suolo la musica rifondandola, e nel tempo grunge, post-rock e alt-rock riedificavano le fondamenta dell\u2019archetipo sonoro, loro ascoltano sempre (e per sempre) i \u201ccantautori\u201d, quei cantautori! Senza vedere o percepirne l\u2019esistenza di altri che, scrivevano e cantavano canzoni altrettanto importanti, in linea col loro tempo e la loro sensibilit\u00e0, non meno bravi e interessanti dei summenzionati (<strong>Claudio Lolli<\/strong>, <strong>Claudio Rocchi<\/strong>, <strong>Stefano Rosso<\/strong>,<strong> Ivan Della Mea<\/strong>, per citarne solo alcuni).<\/p>\n\n\n\n<p><\/p>\n\n\n\n<p>Ero curioso prima del concerto di capire che effetto mi avrebbe fatto ascoltare live quelle canzoni; alcune di esse si sono rimescolate a momenti che mi resteranno eterni a causa di quel mood che le ha impregnate, lasciandone addosso un sapore e una percezione che non andr\u00e0 mai via. Quella volta di \u201cRimmel\u201d ascoltato per intero dentro un plumbeo pomeriggio svizzero, con la nostalgia di casa che mi divorava: come faceva Francesco a cantare con quella voce che mi riempiva di dolcezza e, contemporaneamente, mi alimentava dentro uno spleen mai provato prima? E tutti quegli ermetici giri con le parole che a vent\u2019anni non riesci ancora a decifrare? O di quando a causa di una storia che si stava per chiudere male mi attaccai a \u201cTitanic\u201d per non precipitare dentro un vuoto da cui forse non sarei potuto pi\u00f9 risalire? Quel disco mi salv\u00f2 la vita\u2026 veramente.<\/p>\n\n\n\n<p>Poi tutte le canzoni fattesi paradigma di un sentire che non smentisce necessariamente mille altre direzioni possibili, fatte di suoni e parole.<\/p>\n\n\n\n<p>Francesco De Gregori \u00e8 un grande \u00e8 non ha niente da dover dimostrare, ma come giustificare quel tiepido sentimento che mi hanno suscitato ieri sera l\u2019ascolto di brani eterni come <em>Generale<\/em>, <em>La storia siamo noi<\/em>, <em>Caterina<\/em>, <em>Cercando un altro Egitto<\/em>, <em>Pablo<\/em>, <em>Bufalo Bill<\/em> e cosi via?<\/p>\n\n\n\n<p><\/p>\n\n\n\n<p>Dopo \u201csolo\u201d un\u2019ora e tre quarti il concerto \u00e8 finito. Con Giuseppe Puppo, mentre ci avviavamo verso l\u2019uscita si \u00e8 parlato delle sensazioni provate, poi di quella famosa contestazione avvenuta nella primavera del 1976 al <strong>Palalido<\/strong> di <strong>Milano<\/strong>. Alcuni ragazzi dei collettivi politici studenteschi salirono sul palco interrompendo il concerto e accusando De Gregori di strumentalizzare i temi cari alla Sinistra per arricchirsi. Dopo aver eseguito sottotono e di malavoglia qualche canzone, De Gregori fin\u00ec il concerto. I contestatori, minacciando ulteriori tumulti lo costrinsero a tornare sul palco e a rispondere in pubblico a una serie di domande tipo: \u201cQuanto hai guadagnato stasera?\u201d, Se sei uno di sinistra non a parole, ma a fatti, perch\u00e9 non lasci qui l\u2019incasso stasera?\u201d. Dopo circa venti minuti di interrogatorio, in un clima delirante la polizia fece irruzione e disperse i contestatori. De Gregori decise di non cantare pi\u00f9 in pubblico. Lo fece per un po di anni.<\/p>\n\n\n\n<p>Poi torn\u00f2 e ci regal\u00f2 tante altre belle canzoni. Ma chiss\u00e0 cosa penserebbero quei \u201cragazzi\u201d di allora in un tempo questo, dove l\u2019edonismo, l\u2019individualismo e aggiungo il capitalismo fagocitante ha sdoganato ogni sorta di intenti, caratterizzando anche il pi\u00f9 puro degli artisti. Francesco venne contestato per un biglietto di mille e cinquecento lire, ieri sera il prezzo variava da settore a settore dai poco pi\u00f9 di ottanta euro fino a un minimo di quarantasei euro. Incassi stratosferici che al netto delle spese sono comunque tanti soldi. Nessuno ha avuto da ridire, neanche per un briciolo di romanticismo.<\/p>\n\n\n\n<p><img decoding=\"async\" loading=\"lazy\" width=\"2048\" height=\"1536\" class=\"wp-image-248628\" style=\"width: 1500px;\" src=\"https:\/\/www.leccecronaca.it\/wordpress\/wp-content\/uploads\/2025\/09\/concerto-2.jpeg\" alt=\"\" srcset=\"https:\/\/www.leccecronaca.it\/wordpress\/wp-content\/uploads\/2025\/09\/concerto-2.jpeg 2048w, https:\/\/www.leccecronaca.it\/wordpress\/wp-content\/uploads\/2025\/09\/concerto-2-300x225.jpeg 300w, https:\/\/www.leccecronaca.it\/wordpress\/wp-content\/uploads\/2025\/09\/concerto-2-1024x768.jpeg 1024w, https:\/\/www.leccecronaca.it\/wordpress\/wp-content\/uploads\/2025\/09\/concerto-2-768x576.jpeg 768w, https:\/\/www.leccecronaca.it\/wordpress\/wp-content\/uploads\/2025\/09\/concerto-2-1536x1152.jpeg 1536w, https:\/\/www.leccecronaca.it\/wordpress\/wp-content\/uploads\/2025\/09\/concerto-2-400x300.jpeg 400w\" sizes=\"(max-width: 2048px) 100vw, 2048px\" \/><\/p>\n\n\n\n<p>_____________<\/p>\n\n\n\n<p>LA RICERCA nel nostro articolo immediatamente precedente<\/p>\n\n\n\n<figure class=\"wp-block-embed is-type-wp-embed is-provider-leccecronaca-it wp-block-embed-leccecronaca-it\"><div class=\"wp-block-embed__wrapper\">\n<blockquote class=\"wp-embedded-content\" data-secret=\"Q2E5KeEBYF\"><a href=\"https:\/\/www.leccecronaca.it\/index.php\/2025\/09\/05\/festa-di-compleanno-i-cinquanta-anni-di-rimmel-di-francesco-de-gregori-il-tour-celebrativo-ha-fatto-tappa-a-lecce-con-un-concerto-alle-cave-del-duca-che-cosa-e-rimasto\/\">&#8220;Festa di compleanno&#8221;. I CINQUANTA ANNI DI \u2018Rimmel\u2019 DI FRANCESCO DE GREGORI: IL TOUR CELEBRATIVO HA FATTO  TAPPA A LECCE  CON UN CONCERTO ALLE CAVE DEL DUCA. MA CHE COSA E&#8217; RIMASTO \u201cfra le pagine chiare e le pagine scure\u201d ?<\/a><\/blockquote><iframe class=\"wp-embedded-content\" sandbox=\"allow-scripts\" security=\"restricted\" style=\"position: absolute; clip: rect(1px, 1px, 1px, 1px);\" title=\"&#8220;&#8220;Festa di compleanno&#8221;. I CINQUANTA ANNI DI \u2018Rimmel\u2019 DI FRANCESCO DE GREGORI: IL TOUR CELEBRATIVO HA FATTO  TAPPA A LECCE  CON UN CONCERTO ALLE CAVE DEL DUCA. MA CHE COSA E&#8217; RIMASTO \u201cfra le pagine chiare e le pagine scure\u201d ?&#8221; &#8212; LecceCronaca.it\" src=\"https:\/\/www.leccecronaca.it\/index.php\/2025\/09\/05\/festa-di-compleanno-i-cinquanta-anni-di-rimmel-di-francesco-de-gregori-il-tour-celebrativo-ha-fatto-tappa-a-lecce-con-un-concerto-alle-cave-del-duca-che-cosa-e-rimasto\/embed\/#?secret=UZ1nO9M9o3#?secret=Q2E5KeEBYF\" data-secret=\"Q2E5KeEBYF\" width=\"500\" height=\"282\" frameborder=\"0\" marginwidth=\"0\" marginheight=\"0\" scrolling=\"no\"><\/iframe>\n<\/div><\/figure>\n\n\n\n<h4 class=\"wp-block-heading\">&nbsp;<\/h4>\n<fb:like href='https:\/\/www.leccecronaca.it\/index.php\/2025\/09\/05\/il-concerto-di-de-gregori-a-lecce-alle-cave-del-duca-cera-un-mulino-bianco-lapprofondimento-del-critico-musicale-di-leccecronaca-it-fra-ricordi-privati-e-note-pubbliche\/' send='true' layout='button_count' show_faces='true' width='450' height='65' action='recommend' colorscheme='light' font='lucida grande'><\/fb:like><span class=\"fb_share\"><fb:like href=\"https:\/\/www.leccecronaca.it\/index.php\/2025\/09\/05\/il-concerto-di-de-gregori-a-lecce-alle-cave-del-duca-cera-un-mulino-bianco-lapprofondimento-del-critico-musicale-di-leccecronaca-it-fra-ricordi-privati-e-note-pubbliche\/\" layout=\"button_count\"><\/fb:like><\/span>","protected":false},"excerpt":{"rendered":"<p>di Roberto Molle _________ Neanche lo sapevo, del concerto che Francesco De Gregori avrebbe tenuto ieri sera alle Cave Del Duca di Lecce. Solo qualche giorno prima Giuseppe Puppo (direttore di leccecronaca.it) mi aveva telefonato proponendomi di andare a sentirlo insieme, cos\u00ec intorno alle diciannove di un anonimo gioved\u00ec di settembre mi metto in macchina [&hellip;]<\/p>\n","protected":false},"author":4,"featured_media":248629,"comment_status":"open","ping_status":"closed","sticky":false,"template":"","format":"standard","meta":[],"categories":[1,31,75],"tags":[],"_links":{"self":[{"href":"https:\/\/www.leccecronaca.it\/index.php\/wp-json\/wp\/v2\/posts\/248627"}],"collection":[{"href":"https:\/\/www.leccecronaca.it\/index.php\/wp-json\/wp\/v2\/posts"}],"about":[{"href":"https:\/\/www.leccecronaca.it\/index.php\/wp-json\/wp\/v2\/types\/post"}],"author":[{"embeddable":true,"href":"https:\/\/www.leccecronaca.it\/index.php\/wp-json\/wp\/v2\/users\/4"}],"replies":[{"embeddable":true,"href":"https:\/\/www.leccecronaca.it\/index.php\/wp-json\/wp\/v2\/comments?post=248627"}],"version-history":[{"count":4,"href":"https:\/\/www.leccecronaca.it\/index.php\/wp-json\/wp\/v2\/posts\/248627\/revisions"}],"predecessor-version":[{"id":248634,"href":"https:\/\/www.leccecronaca.it\/index.php\/wp-json\/wp\/v2\/posts\/248627\/revisions\/248634"}],"wp:featuredmedia":[{"embeddable":true,"href":"https:\/\/www.leccecronaca.it\/index.php\/wp-json\/wp\/v2\/media\/248629"}],"wp:attachment":[{"href":"https:\/\/www.leccecronaca.it\/index.php\/wp-json\/wp\/v2\/media?parent=248627"}],"wp:term":[{"taxonomy":"category","embeddable":true,"href":"https:\/\/www.leccecronaca.it\/index.php\/wp-json\/wp\/v2\/categories?post=248627"},{"taxonomy":"post_tag","embeddable":true,"href":"https:\/\/www.leccecronaca.it\/index.php\/wp-json\/wp\/v2\/tags?post=248627"}],"curies":[{"name":"wp","href":"https:\/\/api.w.org\/{rel}","templated":true}]}}