{"id":248668,"date":"2025-09-06T14:59:18","date_gmt":"2025-09-06T12:59:18","guid":{"rendered":"https:\/\/www.leccecronaca.it\/?p=248668"},"modified":"2025-09-06T17:21:09","modified_gmt":"2025-09-06T15:21:09","slug":"ultima-puntata-con-antonio-decaro-accanto-a-elly-schlein-no-la-telenovela-continuera","status":"publish","type":"post","link":"https:\/\/www.leccecronaca.it\/index.php\/2025\/09\/06\/ultima-puntata-con-antonio-decaro-accanto-a-elly-schlein-no-la-telenovela-continuera\/","title":{"rendered":"ULTIMA PUNTATA, CON ANTONIO DECARO ACCANTO A ELLY SCHLEIN? NO, LA TELENOVELA CONTINUERA&#8217;!"},"content":{"rendered":"\n<p><img decoding=\"async\" loading=\"lazy\" width=\"2048\" height=\"1646\" class=\"wp-image-248669\" style=\"width: 2500px;\" src=\"https:\/\/www.leccecronaca.it\/wordpress\/wp-content\/uploads\/2025\/09\/543095813_1323202645829107_2250049598249336394_n.jpg\" alt=\"\" srcset=\"https:\/\/www.leccecronaca.it\/wordpress\/wp-content\/uploads\/2025\/09\/543095813_1323202645829107_2250049598249336394_n.jpg 2048w, https:\/\/www.leccecronaca.it\/wordpress\/wp-content\/uploads\/2025\/09\/543095813_1323202645829107_2250049598249336394_n-300x241.jpg 300w, https:\/\/www.leccecronaca.it\/wordpress\/wp-content\/uploads\/2025\/09\/543095813_1323202645829107_2250049598249336394_n-1024x823.jpg 1024w, https:\/\/www.leccecronaca.it\/wordpress\/wp-content\/uploads\/2025\/09\/543095813_1323202645829107_2250049598249336394_n-768x617.jpg 768w, https:\/\/www.leccecronaca.it\/wordpress\/wp-content\/uploads\/2025\/09\/543095813_1323202645829107_2250049598249336394_n-1536x1235.jpg 1536w\" sizes=\"(max-width: 2048px) 100vw, 2048px\" \/><\/p>\n\n\n\n<p><\/p>\n\n\n\n<p>(g.p.) _____________ Finita, la telenovela dell&#8217;estate? Col gran finale in diretta nazionale per la gioia dei talk show serali, tutto calcolato, di ieri sera a Bisceglie (nella foto)? <\/p>\n\n\n\n<p>Sul &#8220;teatrino&#8221;, come l&#8217;ha definito il diretto interessato, nell&#8217;accettare la candidatura a presidente della Regione Puglia per il Pd, chiedendo scusa, e questo almeno gli fa onore, \u00e8 dunque calato il sipario?<\/p>\n\n\n\n<p>No no e per fortuna&#8230; Come faremmo se no a sopravvivere senza le indicibili emozioni che essa ci ha regalato in tutti questi mesi, dalle dispute sui figli, padri e padrini, ai colpi di scena da &#8216;c&#8217;eravamo tanto amati&#8217;? <\/p>\n\n\n\n<p>Una produzione Apulia Film Commission, &#8220;Aspettando Antonio&#8221;, sequel di &#8216;Aspettando Godot&#8217;, testo di Samuel Beckett, da un&#8217;idea dell&#8217;assurdo di Eugene Ionesco, regia di Elly Schlein, Antonio Decaro protagonista, con la partecipazione straordinaria di Michele Emiliano e di Nichi Vendola e quella meno straordinaria di Francesco Boccia, non finisce qui.<\/p>\n\n\n\n<p><\/p>\n\n\n\n<p>Infatti, si tratta ora di capire che far\u00e0 Michele Emiliano, che aveva fatto un passo di lato, accettando l&#8217;esclusione dalle liste, a differenza di Nichi Vendola, rimasto fermo sulle sue posizioni intransigenti: e ora, il presidente uscente, che cosa avr\u00e0 da dire? A caldo, ha diffuso la seguente dichiarazione:<\/p>\n\n\n\n<p>\u201cLeggo comunicati che parlano a mio nome in margine alle mie prossime decisioni e li smentisco tutti. Parler\u00f2 a tempo debito\u201d.<\/p>\n\n\n\n<p><\/p>\n\n\n\n<p>E vaiiiiiii, e meno male: la telenovela continua.<\/p>\n\n\n\n<p>Poi, ci sar\u00e0 da comporre le liste, di partito e della coalizione, e qui ne vedremo ancora delle belle, soprattutto per i tanti miracolati da Emiliano.<\/p>\n\n\n\n<p><\/p>\n\n\n\n<p>Intanto c&#8217;\u00e8 subito lavoro per politologi e filologi.<\/p>\n\n\n\n<p>I primi dovranno dipanare due complicate matasse: se la formula di accettazione evocata da Decaro &#8216;in nome degli amici&#8217;, sia o meno retaggio democristiano da Prima Repubblica; e quanto, in pi\u00f9 o in meno, la telenovela influir\u00e0 sulla percentuale bulgara con cui egli vincer\u00e0.<\/p>\n\n\n\n<p>Non meno complicata, anzi, la matassa che attende i filologi, chiamati a interpretare quel &#8220;mena&#8221; attribuito dal candidato al compianto Donato Metallo: trattasi di imperativo dal verbo &#8216;menare&#8217;, che nell&#8217;eloquio volgare barese significherebbe &#8216;colpisci duro&#8217;, oppure di interiezione che nel dialetto salentino significherebbe &#8216;sbrigati&#8217;?<\/p>\n\n\n\n<p>Insomma: teoria della non violenza a parte, c&#8217;\u00e8 una bella differenza, fra l&#8217;affrettarsi, e il dare mazzate.<\/p>\n\n\n\n<p><\/p>\n\n\n\n<p>Soprattutto quindi e meno male, come visto, c&#8217;\u00e8 spazio per tante altre puntate, riassunti delle puntate precedenti e nuovi episodi. Forse, addirittura per una nuova stagione.<\/p>\n\n\n\n<p>Meno male, s\u00ec. Di fronte ad un&#8217;elezione dall&#8217;esito scontato in Puglia a favore del candidato del Pd, ci saremmo annoiati. Invece adesso, cos\u00ec ci siamo appassionati e fino all&#8217;autunno non ci annoieremo&#8230; E se qualche elettore al quale le telenovele non piacciono non andr\u00e0 a votare, in aggiunta a quelli che non ci sarebbero andati comunque, chi se ne frega? ____________<\/p>\n\n\n\n<p><\/p>\n\n\n\n<p>LA RICERCA nella nostra vignetta di ieri e nel nostro articolo del 16 luglio scorso<\/p>\n\n\n\n<figure class=\"wp-block-embed is-type-wp-embed is-provider-leccecronaca-it wp-block-embed-leccecronaca-it\"><div class=\"wp-block-embed__wrapper\">\n<blockquote class=\"wp-embedded-content\" data-secret=\"bI1CT6rkgL\"><a href=\"https:\/\/www.leccecronaca.it\/index.php\/2025\/09\/05\/decaro-non-saro-ostaggio-di-emiliano-e-vendola-o-loro-o-io-la-vignetta-di-valerio-melcore\/\">DECARO: NON SARO&#8217; OSTAGGIO DI EMILIANO E VENDOLA, O LORO O IO &#8211; La Vignetta di Valerio Melcore<\/a><\/blockquote><iframe class=\"wp-embedded-content\" sandbox=\"allow-scripts\" security=\"restricted\" style=\"position: absolute; clip: rect(1px, 1px, 1px, 1px);\" title=\"&#8220;DECARO: NON SARO&#8217; OSTAGGIO DI EMILIANO E VENDOLA, O LORO O IO &#8211; La Vignetta di Valerio Melcore&#8221; &#8212; LecceCronaca.it\" src=\"https:\/\/www.leccecronaca.it\/index.php\/2025\/09\/05\/decaro-non-saro-ostaggio-di-emiliano-e-vendola-o-loro-o-io-la-vignetta-di-valerio-melcore\/embed\/#?secret=aqBWWnruGP#?secret=bI1CT6rkgL\" data-secret=\"bI1CT6rkgL\" width=\"500\" height=\"282\" frameborder=\"0\" marginwidth=\"0\" marginheight=\"0\" scrolling=\"no\"><\/iframe>\n<\/div><\/figure>\n\n\n\n<figure class=\"wp-block-embed is-type-wp-embed is-provider-leccecronaca-it wp-block-embed-leccecronaca-it\"><div class=\"wp-block-embed__wrapper\">\n<blockquote class=\"wp-embedded-content\" data-secret=\"K3uXEOTimv\"><a href=\"https:\/\/www.leccecronaca.it\/index.php\/2025\/07\/16\/botta-e-risposta-da-sceneggiata-fra-antonio-decaro-e-michele-emiliano-ma-e-figli-so-piezz-e-core\/\">BOTTA E RISPOSTA DA SCENEGGIATA FRA ANTONIO DECARO E MICHELE EMILIANO. MA &#8216;E figli so piezz e core&#8217;<\/a><\/blockquote><iframe class=\"wp-embedded-content\" sandbox=\"allow-scripts\" security=\"restricted\" style=\"position: absolute; clip: rect(1px, 1px, 1px, 1px);\" title=\"&#8220;BOTTA E RISPOSTA DA SCENEGGIATA FRA ANTONIO DECARO E MICHELE EMILIANO. MA &#8216;E figli so piezz e core&#8217;&#8221; &#8212; LecceCronaca.it\" src=\"https:\/\/www.leccecronaca.it\/index.php\/2025\/07\/16\/botta-e-risposta-da-sceneggiata-fra-antonio-decaro-e-michele-emiliano-ma-e-figli-so-piezz-e-core\/embed\/#?secret=KGW7oNhk0h#?secret=K3uXEOTimv\" data-secret=\"K3uXEOTimv\" width=\"500\" height=\"282\" frameborder=\"0\" marginwidth=\"0\" marginheight=\"0\" scrolling=\"no\"><\/iframe>\n<\/div><\/figure>\n\n\n\n<p>      <\/p>\n<fb:like href='https:\/\/www.leccecronaca.it\/index.php\/2025\/09\/06\/ultima-puntata-con-antonio-decaro-accanto-a-elly-schlein-no-la-telenovela-continuera\/' send='true' layout='button_count' show_faces='true' width='450' height='65' action='recommend' colorscheme='light' font='lucida grande'><\/fb:like><span class=\"fb_share\"><fb:like href=\"https:\/\/www.leccecronaca.it\/index.php\/2025\/09\/06\/ultima-puntata-con-antonio-decaro-accanto-a-elly-schlein-no-la-telenovela-continuera\/\" layout=\"button_count\"><\/fb:like><\/span>","protected":false},"excerpt":{"rendered":"<p>(g.p.) _____________ Finita, la telenovela dell&#8217;estate? Col gran finale in diretta nazionale per la gioia dei talk show serali, tutto calcolato, di ieri sera a Bisceglie (nella foto)? Sul &#8220;teatrino&#8221;, come l&#8217;ha definito il diretto interessato, nell&#8217;accettare la candidatura a presidente della Regione Puglia per il Pd, chiedendo scusa, e questo almeno gli fa onore, [&hellip;]<\/p>\n","protected":false},"author":4,"featured_media":248669,"comment_status":"open","ping_status":"closed","sticky":false,"template":"","format":"standard","meta":[],"categories":[1,69,76],"tags":[],"_links":{"self":[{"href":"https:\/\/www.leccecronaca.it\/index.php\/wp-json\/wp\/v2\/posts\/248668"}],"collection":[{"href":"https:\/\/www.leccecronaca.it\/index.php\/wp-json\/wp\/v2\/posts"}],"about":[{"href":"https:\/\/www.leccecronaca.it\/index.php\/wp-json\/wp\/v2\/types\/post"}],"author":[{"embeddable":true,"href":"https:\/\/www.leccecronaca.it\/index.php\/wp-json\/wp\/v2\/users\/4"}],"replies":[{"embeddable":true,"href":"https:\/\/www.leccecronaca.it\/index.php\/wp-json\/wp\/v2\/comments?post=248668"}],"version-history":[{"count":13,"href":"https:\/\/www.leccecronaca.it\/index.php\/wp-json\/wp\/v2\/posts\/248668\/revisions"}],"predecessor-version":[{"id":248691,"href":"https:\/\/www.leccecronaca.it\/index.php\/wp-json\/wp\/v2\/posts\/248668\/revisions\/248691"}],"wp:featuredmedia":[{"embeddable":true,"href":"https:\/\/www.leccecronaca.it\/index.php\/wp-json\/wp\/v2\/media\/248669"}],"wp:attachment":[{"href":"https:\/\/www.leccecronaca.it\/index.php\/wp-json\/wp\/v2\/media?parent=248668"}],"wp:term":[{"taxonomy":"category","embeddable":true,"href":"https:\/\/www.leccecronaca.it\/index.php\/wp-json\/wp\/v2\/categories?post=248668"},{"taxonomy":"post_tag","embeddable":true,"href":"https:\/\/www.leccecronaca.it\/index.php\/wp-json\/wp\/v2\/tags?post=248668"}],"curies":[{"name":"wp","href":"https:\/\/api.w.org\/{rel}","templated":true}]}}