{"id":248731,"date":"2025-09-08T00:05:00","date_gmt":"2025-09-07T22:05:00","guid":{"rendered":"https:\/\/www.leccecronaca.it\/?p=248731"},"modified":"2025-09-07T13:25:33","modified_gmt":"2025-09-07T11:25:33","slug":"la-fallimentare-programmazione-ambientale-del-comune-di-lecce-lesempio-del-rione-santa-rosa","status":"publish","type":"post","link":"https:\/\/www.leccecronaca.it\/index.php\/2025\/09\/08\/la-fallimentare-programmazione-ambientale-del-comune-di-lecce-lesempio-del-rione-santa-rosa\/","title":{"rendered":"LA FALLIMENTARE PROGRAMMAZIONE AMBIENTALE DEL COMUNE DI LECCE: L&#8217;ESEMPIO DEL RIONE SANTA ROSA"},"content":{"rendered":"\n<p><img decoding=\"async\" loading=\"lazy\" width=\"1536\" height=\"2048\" class=\"wp-image-248732\" style=\"width: 1500px;\" src=\"https:\/\/www.leccecronaca.it\/wordpress\/wp-content\/uploads\/2025\/09\/rione-santa-rosa-2.jpeg\" alt=\"\" srcset=\"https:\/\/www.leccecronaca.it\/wordpress\/wp-content\/uploads\/2025\/09\/rione-santa-rosa-2.jpeg 1536w, https:\/\/www.leccecronaca.it\/wordpress\/wp-content\/uploads\/2025\/09\/rione-santa-rosa-2-225x300.jpeg 225w, https:\/\/www.leccecronaca.it\/wordpress\/wp-content\/uploads\/2025\/09\/rione-santa-rosa-2-768x1024.jpeg 768w, https:\/\/www.leccecronaca.it\/wordpress\/wp-content\/uploads\/2025\/09\/rione-santa-rosa-2-1152x1536.jpeg 1152w\" sizes=\"(max-width: 1536px) 100vw, 1536px\" \/><\/p>\n\n\n\n<p>Riceviamo e volentieri pubblichiamo. Pierluigi Caiulo, presidente dell&#8217;associazione di promozione sociale Rione Santa Rosa, ci manda il seguente comunicato, con relativa documentazione fotografica ____________<\/p>\n\n\n\n<p>\u201cTutto cambia affinch\u00e9 nulla cambi\u201d<br>Da mesi l&#8217;associazione Rione Santa Rosa APS riceve molteplici segnalazioni da cittadini e commercianti che evidenziano come in buona parte del quartiere Santa Rosa la manutenzione del verde pubblico lasci a desiderare. Di esempi ce ne sono tanti, basti pensare all\u2019incuria adiacente il mercato rionale di Santa Rosa, dove erbacce infestanti impediscono ai bambini di giocare e alle famiglie di sedersi sulle panche di recente installazione. <\/p>\n\n\n\n<p>Ancor peggio, quando si parla della messa a dimora di specie arboree nella medesima zona e lasciate al triste destino. Non ultimo il caso deprimente di via Tevere, con gli alberi piantumati su nostra iniziativa e lasciati morire, un\u2019offesa alle scuole del quartiere che credono e partecipano alle nostre iniziative concrete e nei buoni esempi.<\/p>\n\n\n\n<p><br>La Nostra citt\u00e0 \u00e8 orfana di una visione e programmazione politica ambientale, nello specifico il nostro quartiere negli ultimi decenni si \u00e8 impoverito da un punto di vista arboreo, perdendo via via le origini di &#8220;citt\u00e0 giardino&#8221;. <\/p>\n\n\n\n<p>L\u2019Amministrazione Comunale continua drasticamente a tagliare alberi nascondendosi dietro la sicurezza dei cittadini, evitando in realt\u00e0 di assumersi responsabilit\u00e0 pi\u00f9 contenitive, finalizzate a tutelare il patrimonio ambientale.<\/p>\n\n\n\n<p><br>L\u2019assenza di un ufficio verde pubblico, la scarsa competenza nella gestione del verde urbano hanno amplificato questi gap, paradossalmente con il PNRR. Pur di non perdere i finanziamenti, si piantano alberelli (sulla carta) che poi non si annaffiano e quindi muoiono. <\/p>\n\n\n\n<p><img decoding=\"async\" loading=\"lazy\" width=\"1061\" height=\"2048\" class=\"wp-image-248733\" style=\"width: 800px;\" src=\"https:\/\/www.leccecronaca.it\/wordpress\/wp-content\/uploads\/2025\/09\/rione-santa-rosa.jpeg\" alt=\"\" srcset=\"https:\/\/www.leccecronaca.it\/wordpress\/wp-content\/uploads\/2025\/09\/rione-santa-rosa.jpeg 1061w, https:\/\/www.leccecronaca.it\/wordpress\/wp-content\/uploads\/2025\/09\/rione-santa-rosa-155x300.jpeg 155w, https:\/\/www.leccecronaca.it\/wordpress\/wp-content\/uploads\/2025\/09\/rione-santa-rosa-531x1024.jpeg 531w, https:\/\/www.leccecronaca.it\/wordpress\/wp-content\/uploads\/2025\/09\/rione-santa-rosa-768x1482.jpeg 768w, https:\/\/www.leccecronaca.it\/wordpress\/wp-content\/uploads\/2025\/09\/rione-santa-rosa-796x1536.jpeg 796w\" sizes=\"(max-width: 1061px) 100vw, 1061px\" \/><\/p>\n\n\n\n<p>Quindi, anche il Nostro lavoro sul territorio con giornate di piantumazione, di sensibilizzazione insieme alle scuole e ad altre associazioni, rimane vano se il Comune di Lecce, con gli uffici e le societ\u00e0 competenti, non evolve da un punto di vista politico, organizzativo e gestionale. Questo dimostra che non \u00e8 sufficiente sostituire il management di una societ\u00e0 ma \u00e8 necessario rivedere il modello di business e organizzativo della stessa. <\/p>\n\n\n\n<p>Qualche decina di lavoratori non sono pi\u00f9 sufficienti per colmare questa emergenza, per stare al passo di una citt\u00e0 che continua a crescere a vista d\u2019occhio, con zone urbane totalmente non servite e con cittadini sempre pi\u00f9 allontanati dalla buona politica.<\/p>\n\n\n\n<p><img decoding=\"async\" loading=\"lazy\" width=\"1536\" height=\"2048\" class=\"wp-image-248734\" style=\"width: 800px;\" src=\"https:\/\/www.leccecronaca.it\/wordpress\/wp-content\/uploads\/2025\/09\/rione-santa-rosa-3.jpeg\" alt=\"\" srcset=\"https:\/\/www.leccecronaca.it\/wordpress\/wp-content\/uploads\/2025\/09\/rione-santa-rosa-3.jpeg 1536w, https:\/\/www.leccecronaca.it\/wordpress\/wp-content\/uploads\/2025\/09\/rione-santa-rosa-3-225x300.jpeg 225w, https:\/\/www.leccecronaca.it\/wordpress\/wp-content\/uploads\/2025\/09\/rione-santa-rosa-3-768x1024.jpeg 768w, https:\/\/www.leccecronaca.it\/wordpress\/wp-content\/uploads\/2025\/09\/rione-santa-rosa-3-1152x1536.jpeg 1152w\" sizes=\"(max-width: 1536px) 100vw, 1536px\" \/><br><\/p>\n<fb:like href='https:\/\/www.leccecronaca.it\/index.php\/2025\/09\/08\/la-fallimentare-programmazione-ambientale-del-comune-di-lecce-lesempio-del-rione-santa-rosa\/' send='true' layout='button_count' show_faces='true' width='450' height='65' action='recommend' colorscheme='light' font='lucida grande'><\/fb:like><span class=\"fb_share\"><fb:like href=\"https:\/\/www.leccecronaca.it\/index.php\/2025\/09\/08\/la-fallimentare-programmazione-ambientale-del-comune-di-lecce-lesempio-del-rione-santa-rosa\/\" layout=\"button_count\"><\/fb:like><\/span>","protected":false},"excerpt":{"rendered":"<p>Riceviamo e volentieri pubblichiamo. Pierluigi Caiulo, presidente dell&#8217;associazione di promozione sociale Rione Santa Rosa, ci manda il seguente comunicato, con relativa documentazione fotografica ____________ \u201cTutto cambia affinch\u00e9 nulla cambi\u201dDa mesi l&#8217;associazione Rione Santa Rosa APS riceve molteplici segnalazioni da cittadini e commercianti che evidenziano come in buona parte del quartiere Santa Rosa la manutenzione del [&hellip;]<\/p>\n","protected":false},"author":4,"featured_media":248732,"comment_status":"open","ping_status":"closed","sticky":false,"template":"","format":"standard","meta":[],"categories":[69,76,36],"tags":[],"_links":{"self":[{"href":"https:\/\/www.leccecronaca.it\/index.php\/wp-json\/wp\/v2\/posts\/248731"}],"collection":[{"href":"https:\/\/www.leccecronaca.it\/index.php\/wp-json\/wp\/v2\/posts"}],"about":[{"href":"https:\/\/www.leccecronaca.it\/index.php\/wp-json\/wp\/v2\/types\/post"}],"author":[{"embeddable":true,"href":"https:\/\/www.leccecronaca.it\/index.php\/wp-json\/wp\/v2\/users\/4"}],"replies":[{"embeddable":true,"href":"https:\/\/www.leccecronaca.it\/index.php\/wp-json\/wp\/v2\/comments?post=248731"}],"version-history":[{"count":1,"href":"https:\/\/www.leccecronaca.it\/index.php\/wp-json\/wp\/v2\/posts\/248731\/revisions"}],"predecessor-version":[{"id":248735,"href":"https:\/\/www.leccecronaca.it\/index.php\/wp-json\/wp\/v2\/posts\/248731\/revisions\/248735"}],"wp:featuredmedia":[{"embeddable":true,"href":"https:\/\/www.leccecronaca.it\/index.php\/wp-json\/wp\/v2\/media\/248732"}],"wp:attachment":[{"href":"https:\/\/www.leccecronaca.it\/index.php\/wp-json\/wp\/v2\/media?parent=248731"}],"wp:term":[{"taxonomy":"category","embeddable":true,"href":"https:\/\/www.leccecronaca.it\/index.php\/wp-json\/wp\/v2\/categories?post=248731"},{"taxonomy":"post_tag","embeddable":true,"href":"https:\/\/www.leccecronaca.it\/index.php\/wp-json\/wp\/v2\/tags?post=248731"}],"curies":[{"name":"wp","href":"https:\/\/api.w.org\/{rel}","templated":true}]}}