{"id":248757,"date":"2025-09-08T08:27:00","date_gmt":"2025-09-08T06:27:00","guid":{"rendered":"https:\/\/www.leccecronaca.it\/?p=248757"},"modified":"2025-09-08T10:30:19","modified_gmt":"2025-09-08T08:30:19","slug":"premio-isabella-le-incredibili-eccellenze-domani-la-presentazione-in-provincia-a-lecce-venerdi-12-la-cerimonia-a-galatina-al-teatro-cavallino-bianco","status":"publish","type":"post","link":"https:\/\/www.leccecronaca.it\/index.php\/2025\/09\/08\/premio-isabella-le-incredibili-eccellenze-domani-la-presentazione-in-provincia-a-lecce-venerdi-12-la-cerimonia-a-galatina-al-teatro-cavallino-bianco\/","title":{"rendered":"\u201cPREMIO ISABELLA &#8211;\u00a0LE INCREDIBILI ECCELLENZE\u201d. DOMANI LA PRESENTAZIONE IN PROVINCIA A LECCE. VENERDI&#8217; 12 LA CERIMONIA A GALATINA AL TEATRO CAVALLINO BIANCO"},"content":{"rendered":"\n<p>Comunicazione istituzionale della Provincia di Lecce ____________<\/p>\n\n\n\n<p><img decoding=\"async\" loading=\"lazy\" width=\"656\" height=\"492\" class=\"wp-image-248758\" style=\"width: 1500px;\" src=\"https:\/\/www.leccecronaca.it\/wordpress\/wp-content\/uploads\/2025\/09\/90bcafdc-7b0b-11ee-a74c-7ca670ad1bbe.jpg\" alt=\"\" srcset=\"https:\/\/www.leccecronaca.it\/wordpress\/wp-content\/uploads\/2025\/09\/90bcafdc-7b0b-11ee-a74c-7ca670ad1bbe.jpg 656w, https:\/\/www.leccecronaca.it\/wordpress\/wp-content\/uploads\/2025\/09\/90bcafdc-7b0b-11ee-a74c-7ca670ad1bbe-300x225.jpg 300w, https:\/\/www.leccecronaca.it\/wordpress\/wp-content\/uploads\/2025\/09\/90bcafdc-7b0b-11ee-a74c-7ca670ad1bbe-400x300.jpg 400w\" sizes=\"(max-width: 656px) 100vw, 656px\" \/><\/p>\n\n\n\n<p><strong>\u201cPREMIO ISABELLA &#8211;&nbsp;LE INCREDIBILI ECCELLENZE\u201d:&nbsp;A PALAZZO ADORNO SI PRESENTA L\u2019EVENTO DEDICATO&nbsp;AI TRAGUARDI DELLE PERSONE CON DISABILITA\u2019<\/strong><\/p>\n\n\n\n<p>Marted\u00ec 9 settembre, alle ore 11, a Palazzo Adorno a Lecce, si terr\u00e0 la conferenza stampa di presentazione del \u201cPremio Isabella &#8211; Le incredibili eccellenze\u201d, quarta edizione, evento promosso dall\u2019associazione Giubbe Verdi Compagnia Salento di Copertino e che gode del patrocinio, tra gli altri, della Provincia di Lecce.<\/p>\n\n\n\n<p>La manifestazione \u00e8 in programma venerd\u00ec 12 settembre, alle ore 20.30, presso il Teatro Cavallino Bianco, a Galatina e vedr\u00e0 la presenza speciale, in qualit\u00e0 di madrina della serata, dell\u2019avvocato, esperta di diritto di famiglia e della persona Anna Maria Bernardini De Pace (nella nostra foto, ndr).<\/p>\n\n\n\n<p>Alla conferenza stampa interverranno il presidente della Provincia di Lecce Stefano Minerva, il direttore tecnico-organizzativo ed ideatore dell\u2019evento Gianluca Cal\u00f2, la direttrice artistica e presentatrice della serata Maria Antonietta Vacca. Presenti anche i ragazzi delle Giubbe Verdi ed alcuni componenti della Asd Dea Centro Sport e Danza.<\/p>\n\n\n\n<p>Giubbe Verdi Compagnia Salento \u00e8 l\u2019organizzazione di volontariato che ha istituito il \u201cPremio Isabella\u201d per riconoscere e premiare i risultati e i traguardi delle persone con disabilit\u00e0. I candidati sono stati scelti attraverso un\u2019accurata ricerca e intervistati per approfondire e far emergere le loro incredibili storie. Si sono contraddistinti in ambito sportivo, culturale e lavorativo, e saranno premiati seguendo queste categorie. Ci sar\u00e0 anche una categoria speciale, relativa all\u2019attivismo sociale per la disabilit\u00e0.<\/p>\n\n\n\n<p>Lecce, 8 settembre 2025<\/p>\n\n\n\n<p><img decoding=\"async\" loading=\"lazy\" width=\"1089\" height=\"1078\" class=\"wp-image-248759\" style=\"width: 400px;\" src=\"https:\/\/www.leccecronaca.it\/wordpress\/wp-content\/uploads\/2025\/09\/Locandina-sito.jpeg\" alt=\"\" srcset=\"https:\/\/www.leccecronaca.it\/wordpress\/wp-content\/uploads\/2025\/09\/Locandina-sito.jpeg 1089w, https:\/\/www.leccecronaca.it\/wordpress\/wp-content\/uploads\/2025\/09\/Locandina-sito-300x297.jpeg 300w, https:\/\/www.leccecronaca.it\/wordpress\/wp-content\/uploads\/2025\/09\/Locandina-sito-1024x1014.jpeg 1024w, https:\/\/www.leccecronaca.it\/wordpress\/wp-content\/uploads\/2025\/09\/Locandina-sito-768x760.jpeg 768w, https:\/\/www.leccecronaca.it\/wordpress\/wp-content\/uploads\/2025\/09\/Locandina-sito-60x60.jpeg 60w\" sizes=\"(max-width: 1089px) 100vw, 1089px\" \/><\/p>\n<fb:like href='https:\/\/www.leccecronaca.it\/index.php\/2025\/09\/08\/premio-isabella-le-incredibili-eccellenze-domani-la-presentazione-in-provincia-a-lecce-venerdi-12-la-cerimonia-a-galatina-al-teatro-cavallino-bianco\/' send='true' layout='button_count' show_faces='true' width='450' height='65' action='recommend' colorscheme='light' font='lucida grande'><\/fb:like><span class=\"fb_share\"><fb:like href=\"https:\/\/www.leccecronaca.it\/index.php\/2025\/09\/08\/premio-isabella-le-incredibili-eccellenze-domani-la-presentazione-in-provincia-a-lecce-venerdi-12-la-cerimonia-a-galatina-al-teatro-cavallino-bianco\/\" layout=\"button_count\"><\/fb:like><\/span>","protected":false},"excerpt":{"rendered":"<p>Comunicazione istituzionale della Provincia di Lecce ____________ \u201cPREMIO ISABELLA &#8211;&nbsp;LE INCREDIBILI ECCELLENZE\u201d:&nbsp;A PALAZZO ADORNO SI PRESENTA L\u2019EVENTO DEDICATO&nbsp;AI TRAGUARDI DELLE PERSONE CON DISABILITA\u2019 Marted\u00ec 9 settembre, alle ore 11, a Palazzo Adorno a Lecce, si terr\u00e0 la conferenza stampa di presentazione del \u201cPremio Isabella &#8211; Le incredibili eccellenze\u201d, quarta edizione, evento promosso dall\u2019associazione Giubbe Verdi [&hellip;]<\/p>\n","protected":false},"author":4,"featured_media":248758,"comment_status":"open","ping_status":"closed","sticky":false,"template":"","format":"standard","meta":[],"categories":[1,31,75],"tags":[],"_links":{"self":[{"href":"https:\/\/www.leccecronaca.it\/index.php\/wp-json\/wp\/v2\/posts\/248757"}],"collection":[{"href":"https:\/\/www.leccecronaca.it\/index.php\/wp-json\/wp\/v2\/posts"}],"about":[{"href":"https:\/\/www.leccecronaca.it\/index.php\/wp-json\/wp\/v2\/types\/post"}],"author":[{"embeddable":true,"href":"https:\/\/www.leccecronaca.it\/index.php\/wp-json\/wp\/v2\/users\/4"}],"replies":[{"embeddable":true,"href":"https:\/\/www.leccecronaca.it\/index.php\/wp-json\/wp\/v2\/comments?post=248757"}],"version-history":[{"count":2,"href":"https:\/\/www.leccecronaca.it\/index.php\/wp-json\/wp\/v2\/posts\/248757\/revisions"}],"predecessor-version":[{"id":248761,"href":"https:\/\/www.leccecronaca.it\/index.php\/wp-json\/wp\/v2\/posts\/248757\/revisions\/248761"}],"wp:featuredmedia":[{"embeddable":true,"href":"https:\/\/www.leccecronaca.it\/index.php\/wp-json\/wp\/v2\/media\/248758"}],"wp:attachment":[{"href":"https:\/\/www.leccecronaca.it\/index.php\/wp-json\/wp\/v2\/media?parent=248757"}],"wp:term":[{"taxonomy":"category","embeddable":true,"href":"https:\/\/www.leccecronaca.it\/index.php\/wp-json\/wp\/v2\/categories?post=248757"},{"taxonomy":"post_tag","embeddable":true,"href":"https:\/\/www.leccecronaca.it\/index.php\/wp-json\/wp\/v2\/tags?post=248757"}],"curies":[{"name":"wp","href":"https:\/\/api.w.org\/{rel}","templated":true}]}}