{"id":248829,"date":"2025-09-10T00:02:00","date_gmt":"2025-09-09T22:02:00","guid":{"rendered":"https:\/\/www.leccecronaca.it\/?p=248829"},"modified":"2025-09-09T13:00:21","modified_gmt":"2025-09-09T11:00:21","slug":"eco-del-tuo-amore-di-paolo-colonna","status":"publish","type":"post","link":"https:\/\/www.leccecronaca.it\/index.php\/2025\/09\/10\/eco-del-tuo-amore-di-paolo-colonna\/","title":{"rendered":"&#8220;Eco del tuo amore&#8221; DI PAOLO COLONNA"},"content":{"rendered":"\n<p><img decoding=\"async\" loading=\"lazy\" width=\"1024\" height=\"768\" class=\"wp-image-248831\" style=\"width: 1200px;\" src=\"https:\/\/www.leccecronaca.it\/wordpress\/wp-content\/uploads\/2025\/09\/VisitMelendugno-Chiesa-Matrice-SS-Assunta-Melendugno-02.jpg\" alt=\"\" srcset=\"https:\/\/www.leccecronaca.it\/wordpress\/wp-content\/uploads\/2025\/09\/VisitMelendugno-Chiesa-Matrice-SS-Assunta-Melendugno-02.jpg 1024w, https:\/\/www.leccecronaca.it\/wordpress\/wp-content\/uploads\/2025\/09\/VisitMelendugno-Chiesa-Matrice-SS-Assunta-Melendugno-02-300x225.jpg 300w, https:\/\/www.leccecronaca.it\/wordpress\/wp-content\/uploads\/2025\/09\/VisitMelendugno-Chiesa-Matrice-SS-Assunta-Melendugno-02-768x576.jpg 768w, https:\/\/www.leccecronaca.it\/wordpress\/wp-content\/uploads\/2025\/09\/VisitMelendugno-Chiesa-Matrice-SS-Assunta-Melendugno-02-400x300.jpg 400w\" sizes=\"(max-width: 1024px) 100vw, 1024px\" \/><\/p>\n\n\n\n<p>di <strong>Raffaele Polo ___________<\/strong><\/p>\n\n\n\n<p>Ce lo spiega subito, con parole sue, che cosa \u00e8 la preghiera:<\/p>\n\n\n\n<p>\u00abOgni persona oltre al corpo fisico, materiale, ne ha anche uno spirituale, che \u00e8 in noi, e come il corpo ha bisogno di respirare per continuare a vivere, cos\u00ec anche la nostra anima necessita del suo respiro. Il respiro dell&#8217;anima \u00e8 la preghiera, ossigeno che la fa vivere. Quanto pi\u00f9 uno prega, tanto pi\u00f9 l&#8217;anima si avvicina a Dio, che \u00e8 il vero ossigeno dell&#8217;anima\u00bb.<\/p>\n\n\n\n<p><\/p>\n\n\n\n<p>Ed ecco, allora, che la ragione, il motivo essenziale di questa accorata pubblicazione fortemente voluta da\u00a0Paolo Colonna, emerge in tutta la sua forza. E supera, totalmente e senza parere, le eventuali difficolt\u00e0 legate al linguaggio, all&#8217;ortografia, alla consecutio&#8230; In una preghiera, ci suggerisce l&#8217;autore, non si deve badare ad una forma perfetta, ad uno stile suggerito dalla moda del tempo e dall&#8217;evolversi della grammatica.\u00a0E anche il rivolgersi al Signore a volte con la lettera maiuscola o con il confidenziale &#8216;tu&#8217; minuscolo non \u00e8 altro che uno spontaneo interpretare il momento catartico, il pathos che avvince e travolge chi si dedica spontaneamente e sinceramente al colloquio con l&#8217;Ente supremo. Che non guarda certamente alla umana &#8216;etichetta&#8217; che impone regole e obblighi anche nell&#8217;interpello e nella apertura del proprio cuore&#8230;<\/p>\n\n\n\n<p><\/p>\n\n\n\n<p>Non \u00e8 facile calarsi nella realt\u00e0 di queste pagine. Che non sono un romanzo, un saggio, una esposizione scientifica di asserti e teoremi. Sono, piuttosto, dei momenti di elevazione e spiritualit\u00e0 che l&#8217;autore, con semplicit\u00e0 esemplare, ci offre perch\u00e8 scompaia da subito quel sorrisino di compatimento e sufficienza che, ne siamo sicuri, \u00e8 la prima impressione che far\u00e0 questo libricino a chi lo avr\u00e0 per le mani.\u00a0 Ma poi, sfogliandolo, ci accorgeremo che quel &#8216;respiro dell&#8217;anima&#8217; a cui accennava Paolo, ci sta prendendo, ci coinvolge e addolcisce la dura scorza di noi cristiani di facciata, ormai incapaci di rivolgerci a Lui senza orpelli e intermediari.<\/p>\n\n\n\n<p><\/p>\n\n\n\n<p>\u201cEco del tuo amore\u201d di Paolo Colonna, si presenta sabato 13 settembre, dalle ore 20, presso la Chiesa Madre di Melendugno: insieme a me, intervengono a dialogare con l&#8217;autore,\u00a0don Salvatore Scardino e don Corrado Buttazzo.<\/p>\n\n\n\n<p><\/p>\n\n\n\n<p><img decoding=\"async\" loading=\"lazy\" width=\"1131\" height=\"1600\" class=\"wp-image-248830\" style=\"width: 600px;\" src=\"https:\/\/www.leccecronaca.it\/wordpress\/wp-content\/uploads\/2025\/09\/paolocolonna.jpg\" alt=\"\" srcset=\"https:\/\/www.leccecronaca.it\/wordpress\/wp-content\/uploads\/2025\/09\/paolocolonna.jpg 1131w, https:\/\/www.leccecronaca.it\/wordpress\/wp-content\/uploads\/2025\/09\/paolocolonna-212x300.jpg 212w, https:\/\/www.leccecronaca.it\/wordpress\/wp-content\/uploads\/2025\/09\/paolocolonna-724x1024.jpg 724w, https:\/\/www.leccecronaca.it\/wordpress\/wp-content\/uploads\/2025\/09\/paolocolonna-768x1086.jpg 768w, https:\/\/www.leccecronaca.it\/wordpress\/wp-content\/uploads\/2025\/09\/paolocolonna-1086x1536.jpg 1086w\" sizes=\"(max-width: 1131px) 100vw, 1131px\" \/><\/p>\n<fb:like href='https:\/\/www.leccecronaca.it\/index.php\/2025\/09\/10\/eco-del-tuo-amore-di-paolo-colonna\/' send='true' layout='button_count' show_faces='true' width='450' height='65' action='recommend' colorscheme='light' font='lucida grande'><\/fb:like><span class=\"fb_share\"><fb:like href=\"https:\/\/www.leccecronaca.it\/index.php\/2025\/09\/10\/eco-del-tuo-amore-di-paolo-colonna\/\" layout=\"button_count\"><\/fb:like><\/span>","protected":false},"excerpt":{"rendered":"<p>di Raffaele Polo ___________ Ce lo spiega subito, con parole sue, che cosa \u00e8 la preghiera: \u00abOgni persona oltre al corpo fisico, materiale, ne ha anche uno spirituale, che \u00e8 in noi, e come il corpo ha bisogno di respirare per continuare a vivere, cos\u00ec anche la nostra anima necessita del suo respiro. Il respiro [&hellip;]<\/p>\n","protected":false},"author":4,"featured_media":248831,"comment_status":"open","ping_status":"closed","sticky":false,"template":"","format":"standard","meta":[],"categories":[31,75,57],"tags":[],"_links":{"self":[{"href":"https:\/\/www.leccecronaca.it\/index.php\/wp-json\/wp\/v2\/posts\/248829"}],"collection":[{"href":"https:\/\/www.leccecronaca.it\/index.php\/wp-json\/wp\/v2\/posts"}],"about":[{"href":"https:\/\/www.leccecronaca.it\/index.php\/wp-json\/wp\/v2\/types\/post"}],"author":[{"embeddable":true,"href":"https:\/\/www.leccecronaca.it\/index.php\/wp-json\/wp\/v2\/users\/4"}],"replies":[{"embeddable":true,"href":"https:\/\/www.leccecronaca.it\/index.php\/wp-json\/wp\/v2\/comments?post=248829"}],"version-history":[{"count":1,"href":"https:\/\/www.leccecronaca.it\/index.php\/wp-json\/wp\/v2\/posts\/248829\/revisions"}],"predecessor-version":[{"id":248832,"href":"https:\/\/www.leccecronaca.it\/index.php\/wp-json\/wp\/v2\/posts\/248829\/revisions\/248832"}],"wp:featuredmedia":[{"embeddable":true,"href":"https:\/\/www.leccecronaca.it\/index.php\/wp-json\/wp\/v2\/media\/248831"}],"wp:attachment":[{"href":"https:\/\/www.leccecronaca.it\/index.php\/wp-json\/wp\/v2\/media?parent=248829"}],"wp:term":[{"taxonomy":"category","embeddable":true,"href":"https:\/\/www.leccecronaca.it\/index.php\/wp-json\/wp\/v2\/categories?post=248829"},{"taxonomy":"post_tag","embeddable":true,"href":"https:\/\/www.leccecronaca.it\/index.php\/wp-json\/wp\/v2\/tags?post=248829"}],"curies":[{"name":"wp","href":"https:\/\/api.w.org\/{rel}","templated":true}]}}