{"id":250436,"date":"2025-10-21T13:24:03","date_gmt":"2025-10-21T11:24:03","guid":{"rendered":"https:\/\/www.leccecronaca.it\/?p=250436"},"modified":"2025-10-21T13:24:41","modified_gmt":"2025-10-21T11:24:41","slug":"violenza-su-minore-arrestato-lo-zio-pedofilo-che-finisce-in-carcere","status":"publish","type":"post","link":"https:\/\/www.leccecronaca.it\/index.php\/2025\/10\/21\/violenza-su-minore-arrestato-lo-zio-pedofilo-che-finisce-in-carcere\/","title":{"rendered":"VIOLENZA SU MINORE A NARDO&#8217;, LO ZIO PEDOFILO FINISCE IN CARCERE"},"content":{"rendered":"\n<figure class=\"wp-block-image size-large\"><img decoding=\"async\" loading=\"lazy\" width=\"1024\" height=\"768\" src=\"https:\/\/www.leccecronaca.it\/wordpress\/wp-content\/uploads\/2025\/10\/Commissariato-Nardo-sera-1-1024x768.jpg\" alt=\"\" class=\"wp-image-250438\" srcset=\"https:\/\/www.leccecronaca.it\/wordpress\/wp-content\/uploads\/2025\/10\/Commissariato-Nardo-sera-1-1024x768.jpg 1024w, https:\/\/www.leccecronaca.it\/wordpress\/wp-content\/uploads\/2025\/10\/Commissariato-Nardo-sera-1-300x225.jpg 300w, https:\/\/www.leccecronaca.it\/wordpress\/wp-content\/uploads\/2025\/10\/Commissariato-Nardo-sera-1-768x576.jpg 768w, https:\/\/www.leccecronaca.it\/wordpress\/wp-content\/uploads\/2025\/10\/Commissariato-Nardo-sera-1-1536x1152.jpg 1536w, https:\/\/www.leccecronaca.it\/wordpress\/wp-content\/uploads\/2025\/10\/Commissariato-Nardo-sera-1-2048x1536.jpg 2048w, https:\/\/www.leccecronaca.it\/wordpress\/wp-content\/uploads\/2025\/10\/Commissariato-Nardo-sera-1-400x300.jpg 400w\" sizes=\"(max-width: 1024px) 100vw, 1024px\" \/><\/figure>\n\n\n\n<p>(f.f.)__________<\/p>\n\n\n\n<p>La Polizia di Stato ha eseguito l\u2019arresto di un uomo di 58 anni, residente a Nard\u00f2, accusato di violenza sessuale aggravata ai danni del proprio nipote, un bambino di et\u00e0 inferiore ai dieci anni. Il provvedimento cautelare in carcere \u00e8 stato disposto dal giudice per le indagini preliminari del Tribunale di Lecce su richiesta della Procura, dopo un\u2019articolata indagine condotta dagli agenti del Commissariato di Nard\u00f2.<\/p>\n\n\n\n<p>L\u2019attivit\u00e0 investigativa \u00e8 partita venerd\u00ec scorso, quando una donna si \u00e8 presentata negli uffici di Polizia per riferire di aver assistito a una scena sconvolgente avvenuta domenica 12 ottobre, intorno alle 17, nei giardinetti di un quartiere popolare della citt\u00e0. <\/p>\n\n\n\n<p>La testimone, ancora scossa, ha fornito indicazioni ritenute decisive: il colore e le caratteristiche di un\u2019automobile, inclusa una specifica ammaccatura nella parte posteriore, che hanno permesso agli investigatori di risalire rapidamente al sospettato. Secondo la ricostruzione degli inquirenti, l\u2019uomo avrebbe compiuto atti sessuali sul bambino in pieno giorno. Solo l\u2019intervento della testimone, che ha gridato richiamando l\u2019attenzione, ha posto fine all\u2019episodio.<\/p>\n\n\n\n<p>L\u2019uomo si sarebbe quindi allontanato insieme al minore. Considerata la gravit\u00e0 dei fatti, e per evitare il rischio di nuove condotte analoghe, la Procura ha chiesto l\u2019immediata custodia cautelare in carcere, accolta dal GIP. Gli agenti hanno poi eseguito perquisizioni nell\u2019abitazione e sull\u2019autovettura dell\u2019indagato, trasferendolo successivamente presso la Casa circondariale di Lecce.<\/p>\n<fb:like href='https:\/\/www.leccecronaca.it\/index.php\/2025\/10\/21\/violenza-su-minore-arrestato-lo-zio-pedofilo-che-finisce-in-carcere\/' send='true' layout='button_count' show_faces='true' width='450' height='65' action='recommend' colorscheme='light' font='lucida grande'><\/fb:like><span class=\"fb_share\"><fb:like href=\"https:\/\/www.leccecronaca.it\/index.php\/2025\/10\/21\/violenza-su-minore-arrestato-lo-zio-pedofilo-che-finisce-in-carcere\/\" layout=\"button_count\"><\/fb:like><\/span>","protected":false},"excerpt":{"rendered":"<p>(f.f.)__________ La Polizia di Stato ha eseguito l\u2019arresto di un uomo di 58 anni, residente a Nard\u00f2, accusato di violenza sessuale aggravata ai danni del proprio nipote, un bambino di et\u00e0 inferiore ai dieci anni. Il provvedimento cautelare in carcere \u00e8 stato disposto dal giudice per le indagini preliminari del Tribunale di Lecce su richiesta [&hellip;]<\/p>\n","protected":false},"author":4,"featured_media":250438,"comment_status":"open","ping_status":"closed","sticky":false,"template":"","format":"standard","meta":[],"categories":[69],"tags":[],"_links":{"self":[{"href":"https:\/\/www.leccecronaca.it\/index.php\/wp-json\/wp\/v2\/posts\/250436"}],"collection":[{"href":"https:\/\/www.leccecronaca.it\/index.php\/wp-json\/wp\/v2\/posts"}],"about":[{"href":"https:\/\/www.leccecronaca.it\/index.php\/wp-json\/wp\/v2\/types\/post"}],"author":[{"embeddable":true,"href":"https:\/\/www.leccecronaca.it\/index.php\/wp-json\/wp\/v2\/users\/4"}],"replies":[{"embeddable":true,"href":"https:\/\/www.leccecronaca.it\/index.php\/wp-json\/wp\/v2\/comments?post=250436"}],"version-history":[{"count":3,"href":"https:\/\/www.leccecronaca.it\/index.php\/wp-json\/wp\/v2\/posts\/250436\/revisions"}],"predecessor-version":[{"id":250447,"href":"https:\/\/www.leccecronaca.it\/index.php\/wp-json\/wp\/v2\/posts\/250436\/revisions\/250447"}],"wp:featuredmedia":[{"embeddable":true,"href":"https:\/\/www.leccecronaca.it\/index.php\/wp-json\/wp\/v2\/media\/250438"}],"wp:attachment":[{"href":"https:\/\/www.leccecronaca.it\/index.php\/wp-json\/wp\/v2\/media?parent=250436"}],"wp:term":[{"taxonomy":"category","embeddable":true,"href":"https:\/\/www.leccecronaca.it\/index.php\/wp-json\/wp\/v2\/categories?post=250436"},{"taxonomy":"post_tag","embeddable":true,"href":"https:\/\/www.leccecronaca.it\/index.php\/wp-json\/wp\/v2\/tags?post=250436"}],"curies":[{"name":"wp","href":"https:\/\/api.w.org\/{rel}","templated":true}]}}