{"id":250509,"date":"2025-10-22T15:42:39","date_gmt":"2025-10-22T13:42:39","guid":{"rendered":"https:\/\/www.leccecronaca.it\/?p=250509"},"modified":"2025-10-22T15:42:42","modified_gmt":"2025-10-22T13:42:42","slug":"fabio-tarantino-presidente-facente-funzioni-della-provincia-di-lecce","status":"publish","type":"post","link":"https:\/\/www.leccecronaca.it\/index.php\/2025\/10\/22\/fabio-tarantino-presidente-facente-funzioni-della-provincia-di-lecce\/","title":{"rendered":"FABIO TARANTINO PRESIDENTE FACENTE FUNZIONI DELLA PROVINCIA DI LECCE"},"content":{"rendered":"\n<p><img decoding=\"async\" loading=\"lazy\" width=\"531\" height=\"969\" class=\"wp-image-250510\" style=\"width: 1500px;\" src=\"https:\/\/www.leccecronaca.it\/wordpress\/wp-content\/uploads\/2025\/10\/Tarantino1.jpg\" alt=\"\" srcset=\"https:\/\/www.leccecronaca.it\/wordpress\/wp-content\/uploads\/2025\/10\/Tarantino1.jpg 531w, https:\/\/www.leccecronaca.it\/wordpress\/wp-content\/uploads\/2025\/10\/Tarantino1-164x300.jpg 164w\" sizes=\"(max-width: 531px) 100vw, 531px\" \/><\/p>\n\n\n\n<p>Comunicazione istituzionale della Provincia di Lecce ____________<\/p>\n\n\n\n<p><strong>Fabio Tarantino<\/strong>\u00a0assume ufficialmente la guida di Palazzo dei Celestini.<\/p>\n\n\n\n<p>A partire da oggi, infatti, il presidente\u00a0<strong>Stefano Minerva<\/strong>\u00a0\u00e8 decaduto automaticamente dalla carica provinciale, ai sensi della Legge 56\/2014 (Legge Delrio), per effetto della cessazione dalla carica di sindaco del Comune di Gallipoli (incarico da cui si \u00e8 dimesso per potersi presentare candidato alle elezioni regionali del 23 e 24 novembre, ndr). Ne consegue l\u2019immediato\u00a0<strong>subentro nelle funzioni<\/strong>\u00a0del vicepresidente\u00a0<strong>Fabio Tarantino<\/strong>.<\/p>\n\n\n\n<p>Tarantino, che \u00e8 anche\u00a0<strong>primo cittadino di Martano<\/strong>, sar\u00e0\u00a0<strong>presidente facente funzioni<\/strong>, fino alle nuove elezioni (da tenersi nel periodo che va dagli ultimi giorni di questo 2025, ai primi dell&#8217;entrante 2026, ndr).<\/p>\n\n\n\n<p>\u201cRivolgo un ringraziamento denso di gratitudine a Stefano Minerva, per il suo costante lavoro di dialogo con le amministrazioni locali, per la sua capacit\u00e0 partecipativa e di coinvolgimento rispetto a tutte le forze politiche in Consiglio, nonch\u00e9 per i risultati raggiunti in ogni ambito di competenza dell\u2019Ente\u201d, dichiara\u00a0<strong>Fabio<\/strong>\u00a0<strong>Tarantino<\/strong>.<\/p>\n\n\n\n<p>\u201cLa mia sar\u00e0 una presidenza nel segno della continuit\u00e0 e in linea con quanto fatto e seminato in questi anni. Punter\u00f2 a finalizzare le progettualit\u00e0 gi\u00e0 in atto, ma anche ad offrire nuovi spunti per il futuro. Si proceder\u00e0 nel solco di quella freschezza e di quel rinnovamento che la Provincia ha rappresentato e delle tante opportunit\u00e0 per il territorio costruite negli anni trascorsi\u201d.<\/p>\n\n\n\n<p>Lecce, 22 ottobre 2025<\/p>\n<fb:like href='https:\/\/www.leccecronaca.it\/index.php\/2025\/10\/22\/fabio-tarantino-presidente-facente-funzioni-della-provincia-di-lecce\/' send='true' layout='button_count' show_faces='true' width='450' height='65' action='recommend' colorscheme='light' font='lucida grande'><\/fb:like><span class=\"fb_share\"><fb:like href=\"https:\/\/www.leccecronaca.it\/index.php\/2025\/10\/22\/fabio-tarantino-presidente-facente-funzioni-della-provincia-di-lecce\/\" layout=\"button_count\"><\/fb:like><\/span>","protected":false},"excerpt":{"rendered":"<p>Comunicazione istituzionale della Provincia di Lecce ____________ Fabio Tarantino\u00a0assume ufficialmente la guida di Palazzo dei Celestini. A partire da oggi, infatti, il presidente\u00a0Stefano Minerva\u00a0\u00e8 decaduto automaticamente dalla carica provinciale, ai sensi della Legge 56\/2014 (Legge Delrio), per effetto della cessazione dalla carica di sindaco del Comune di Gallipoli (incarico da cui si \u00e8 dimesso per [&hellip;]<\/p>\n","protected":false},"author":4,"featured_media":250510,"comment_status":"open","ping_status":"closed","sticky":false,"template":"","format":"standard","meta":[],"categories":[76],"tags":[],"_links":{"self":[{"href":"https:\/\/www.leccecronaca.it\/index.php\/wp-json\/wp\/v2\/posts\/250509"}],"collection":[{"href":"https:\/\/www.leccecronaca.it\/index.php\/wp-json\/wp\/v2\/posts"}],"about":[{"href":"https:\/\/www.leccecronaca.it\/index.php\/wp-json\/wp\/v2\/types\/post"}],"author":[{"embeddable":true,"href":"https:\/\/www.leccecronaca.it\/index.php\/wp-json\/wp\/v2\/users\/4"}],"replies":[{"embeddable":true,"href":"https:\/\/www.leccecronaca.it\/index.php\/wp-json\/wp\/v2\/comments?post=250509"}],"version-history":[{"count":1,"href":"https:\/\/www.leccecronaca.it\/index.php\/wp-json\/wp\/v2\/posts\/250509\/revisions"}],"predecessor-version":[{"id":250511,"href":"https:\/\/www.leccecronaca.it\/index.php\/wp-json\/wp\/v2\/posts\/250509\/revisions\/250511"}],"wp:featuredmedia":[{"embeddable":true,"href":"https:\/\/www.leccecronaca.it\/index.php\/wp-json\/wp\/v2\/media\/250510"}],"wp:attachment":[{"href":"https:\/\/www.leccecronaca.it\/index.php\/wp-json\/wp\/v2\/media?parent=250509"}],"wp:term":[{"taxonomy":"category","embeddable":true,"href":"https:\/\/www.leccecronaca.it\/index.php\/wp-json\/wp\/v2\/categories?post=250509"},{"taxonomy":"post_tag","embeddable":true,"href":"https:\/\/www.leccecronaca.it\/index.php\/wp-json\/wp\/v2\/tags?post=250509"}],"curies":[{"name":"wp","href":"https:\/\/api.w.org\/{rel}","templated":true}]}}