{"id":250584,"date":"2025-10-24T11:47:32","date_gmt":"2025-10-24T09:47:32","guid":{"rendered":"https:\/\/www.leccecronaca.it\/?p=250584"},"modified":"2025-10-24T11:47:34","modified_gmt":"2025-10-24T09:47:34","slug":"ma-quando-apre-il-centro-sportivo-polifunzionale-di-via-potenza","status":"publish","type":"post","link":"https:\/\/www.leccecronaca.it\/index.php\/2025\/10\/24\/ma-quando-apre-il-centro-sportivo-polifunzionale-di-via-potenza\/","title":{"rendered":"MA QUANDO APRE IL CENTRO SPORTIVO POLIFUNZIONALE DI VIA POTENZA?"},"content":{"rendered":"\n<p><img decoding=\"async\" loading=\"lazy\" width=\"600\" height=\"400\" class=\"wp-image-250585\" style=\"width: 1500px;\" src=\"https:\/\/www.leccecronaca.it\/wordpress\/wp-content\/uploads\/2025\/10\/rendering-via-potenza.jpg\" alt=\"\" srcset=\"https:\/\/www.leccecronaca.it\/wordpress\/wp-content\/uploads\/2025\/10\/rendering-via-potenza.jpg 600w, https:\/\/www.leccecronaca.it\/wordpress\/wp-content\/uploads\/2025\/10\/rendering-via-potenza-300x200.jpg 300w\" sizes=\"(max-width: 600px) 100vw, 600px\" \/><\/p>\n\n\n\n<p>Riceviamo e volentieri pubblichiamo. Il presidente dell\u2019 Adoc, associazione difesa e orientamento dei consumatori, Lecce Alessandro Presicce ci manda il seguente comunicato ____________<\/p>\n\n\n\n<p>&nbsp;&nbsp;&nbsp;&nbsp;&nbsp;&nbsp;&nbsp;&nbsp;&nbsp;&nbsp;&nbsp;&nbsp;&nbsp;&nbsp; Un centro sportivo polifunzionale completamente terminato, collaudato e costato tanto denaro pubblico, \u00e8 fermo da quasi due anni. \u00c8 la nuova struttura di via Potenza a Lecce, simbolo di un\u2019inspiegabile paralisi amministrativa che danneggia i cittadini e grava ulteriormente sulle casse comunali.<\/p>\n\n\n\n<p>&nbsp;&nbsp;&nbsp;&nbsp;&nbsp;&nbsp;&nbsp;&nbsp;&nbsp;&nbsp;&nbsp;&nbsp;&nbsp;&nbsp; Il Centro si via Potenza sarebbe dovuto essere il nuovo Circolo Tennis di Lecce: moderno, efficiente, accogliente, anche in previsione dei lavori del secondo lotto del Parco delle Mura Urbiche che certamente non potr\u00e0 prevedere che una struttura sportiva o delle gradinate siano addossate alle storiche Mura Urbiche<\/p>\n\n\n\n<p>&nbsp;&nbsp;&nbsp;&nbsp;&nbsp;&nbsp;&nbsp;&nbsp;&nbsp;&nbsp;&nbsp;&nbsp;&nbsp;&nbsp; I dati ufficiali del portale delle opere pubbliche del Comune di Lecce parlano chiaro: i lavori sono iniziati il 7 luglio 2020 e si sono conclusi. Il Centro include 2 campi da tennis coperti e 3 all\u2019aperto, un campo polifunzionale per basket, pallavolo e tennis, un campo da padel, spogliatoi, pronto soccorso, aree di servizio e ristoro, e spazi destinati al pubblico. &nbsp;&nbsp;&nbsp;&nbsp;&nbsp;&nbsp; Una struttura all\u2019avanguardia, pronta ad ospitare sportivi, famiglie, associazioni e scuole. Eppure, nonostante i lavori ultimati e i collaudi completati, l\u2019impianto \u00e8 ancora chiuso. Le ultime comunicazioni ufficiali risalgono al 20 settembre 2022, da allora il silenzio.<\/p>\n\n\n\n<p>&nbsp;&nbsp;&nbsp;&nbsp;&nbsp;&nbsp;&nbsp;&nbsp;&nbsp;&nbsp;&nbsp;&nbsp;&nbsp;&nbsp; Nel frattempo, come riportato dalla carta stampata il 21 giugno 2025, il centro sportivo \u2013 \u201c<em>finito ad aprile 2024, ma fermo da un anno<\/em>\u201d \u2013 continua a generare spese di manutenzione a carico del Comune, mentre nessun bando per la gestione \u00e8 stato pubblicato. Il 12 dicembre 2024, infatti, il Comune ha stanziato oltre 20.000 euro per interventi di pulizia e ripristino dei campi e delle aree interne, necessari a causa dei danni provocati dal tempo e dall\u2019abbandono. Un paradosso amministrativo che solleva interrogativi gravi: a chi giova questo stallo? Perch\u00e9 la struttura non \u00e8 stata ancora affidata e resa operativa?<\/p>\n\n\n\n<p>&nbsp;&nbsp;&nbsp;&nbsp;&nbsp;&nbsp;&nbsp;&nbsp;&nbsp;&nbsp;&nbsp;&nbsp;&nbsp;&nbsp; A maggio 2025, l\u2019assessore allo Sport Giancarlo Capoccia aveva assicurato che il bando sarebbe uscito \u201c<em>a breve<\/em>\u201d. Ma, cinque mesi dopo, nulla \u00e8 accaduto.<\/p>\n\n\n\n<p>&nbsp;&nbsp;&nbsp;&nbsp;&nbsp;&nbsp;&nbsp;&nbsp;&nbsp;&nbsp;&nbsp;&nbsp;&nbsp;&nbsp; Ebbene, ogni giorno di ritardo rappresenta uno spreco di denaro pubblico e un\u2019occasione persa per la citt\u00e0, per i giovani e per le associazioni sportive che da anni chiedono spazi adeguati. Non si pu\u00f2 continuare a tenere chiusi impianti finiti e pagati con soldi dei cittadini.<\/p>\n\n\n\n<p>&nbsp;&nbsp;&nbsp;&nbsp;&nbsp;&nbsp;&nbsp;&nbsp;&nbsp;&nbsp;&nbsp;&nbsp;&nbsp;&nbsp; Secondo i pi\u00f9 recenti rapporti di UISP, Openpolis e Il Sole 24 Ore, Lecce si colloca nella parte bassa delle classifiche nazionali per dotazione e qualit\u00e0 degli impianti sportivi pubblici. In una citt\u00e0 che gi\u00e0 soffre di una cronica carenza di strutture per lo sport e il tempo libero, mantenere chiuso un impianto nuovo e collaudato significa aggravare il divario territoriale e negare ai cittadini il diritto allo sport sancito dalla Costituzione.<\/p>\n\n\n\n<p>&nbsp;&nbsp;&nbsp;&nbsp;&nbsp;&nbsp;&nbsp;&nbsp;&nbsp;&nbsp;&nbsp;&nbsp;&nbsp;&nbsp; Come associazione per la tutela dei diritti dei cittadini e dei consumatori, denunciamo pubblicamente questa situazione. Il prolungato ritardo nell\u2019apertura del centro sportivo di via Potenza rappresenta un grave disservizio amministrativo e un danno collettivo. I cittadini hanno diritto a sapere perch\u00e9 una struttura pronta e collaudata non sia ancora disponibile e chi sia responsabile di tale inerzia.<\/p>\n\n\n\n<p>&nbsp;&nbsp;&nbsp;&nbsp;&nbsp;&nbsp;&nbsp;&nbsp;&nbsp;&nbsp;&nbsp;&nbsp;&nbsp;&nbsp; Chiediamo pertanto:<\/p>\n\n\n\n<ul>\n<li>La pubblicazione immediata del bando di gestione e la restituzione dell\u2019impianto alla citt\u00e0;<ul><li>Trasparenza sugli atti e sui tempi, con motivazioni ufficiali del ritardo;<\/li><\/ul><ul><li>Un piano di utilizzo pubblico che favorisca accessibilit\u00e0, inclusione sociale e sostenibilit\u00e0 economica;<\/li><\/ul>\n<ul>\n<li>Un impegno concreto del Comune di Lecce a garantire una gestione efficiente e trasparente delle infrastrutture sportive, evitando nuovi sprechi di risorse pubbliche.<\/li>\n<\/ul>\n<\/li>\n<\/ul>\n\n\n\n<p>&nbsp;&nbsp;&nbsp;&nbsp;&nbsp;&nbsp;&nbsp;&nbsp;&nbsp;&nbsp;&nbsp;&nbsp;&nbsp;&nbsp; \u00c8 tempo che l\u2019amministrazione comunale esca dal silenzio e restituisca ai cittadini di Lecce ci\u00f2 che gi\u00e0 appartiene loro: un centro sportivo pronto, funzionale, moderno.<\/p>\n\n\n\n<p>\u00a0\u00a0\u00a0\u00a0\u00a0\u00a0\u00a0\u00a0\u00a0\u00a0\u00a0\u00a0\u00a0\u00a0 <\/p>\n\n\n\n<p>\u00a0\u00a0\u00a0\u00a0\u00a0\u00a0\u00a0\u00a0\u00a0\u00a0\u00a0\u00a0\u00a0\u00a0\u00a0\u00a0\u00a0\u00a0\u00a0\u00a0\u00a0\u00a0\u00a0\u00a0\u00a0\u00a0\u00a0\u00a0\u00a0\u00a0\u00a0\u00a0\u00a0\u00a0\u00a0\u00a0\u00a0\u00a0\u00a0\u00a0\u00a0\u00a0\u00a0\u00a0\u00a0\u00a0\u00a0\u00a0\u00a0\u00a0\u00a0\u00a0\u00a0\u00a0\u00a0\u00a0\u00a0\u00a0\u00a0\u00a0\u00a0\u00a0\u00a0\u00a0\u00a0\u00a0\u00a0\u00a0\u00a0\u00a0\u00a0\u00a0\u00a0\u00a0\u00a0\u00a0\u00a0\u00a0\u00a0\u00a0\u00a0\u00a0\u00a0\u00a0\u00a0\u00a0\u00a0\u00a0\u00a0\u00a0\u00a0\u00a0\u00a0\u00a0\u00a0\u00a0\u00a0\u00a0\u00a0\u00a0\u00a0\u00a0\u00a0\u00a0\u00a0\u00a0\u00a0\u00a0\u00a0\u00a0\u00a0\u00a0\u00a0\u00a0\u00a0\u00a0\u00a0\u00a0\u00a0\u00a0\u00a0\u00a0\u00a0\u00a0\u00a0\u00a0\u00a0\u00a0\u00a0\u00a0\u00a0\u00a0\u00a0\u00a0\u00a0\u00a0\u00a0\u00a0\u00a0\u00a0\u00a0\u00a0\u00a0\u00a0\u00a0\u00a0\u00a0 <\/p>\n\n\n\n<p>\u00a0\u00a0\u00a0\u00a0\u00a0\u00a0\u00a0\u00a0\u00a0\u00a0\u00a0\u00a0\u00a0\u00a0\u00a0\u00a0\u00a0\u00a0\u00a0\u00a0\u00a0\u00a0\u00a0\u00a0\u00a0\u00a0\u00a0\u00a0\u00a0\u00a0\u00a0\u00a0\u00a0\u00a0\u00a0\u00a0\u00a0\u00a0\u00a0\u00a0\u00a0\u00a0\u00a0\u00a0\u00a0\u00a0\u00a0\u00a0\u00a0\u00a0\u00a0\u00a0\u00a0\u00a0\u00a0\u00a0\u00a0\u00a0\u00a0\u00a0\u00a0\u00a0\u00a0\u00a0\u00a0\u00a0\u00a0\u00a0\u00a0\u00a0\u00a0\u00a0\u00a0\u00a0\u00a0\u00a0\u00a0\u00a0\u00a0\u00a0\u00a0\u00a0\u00a0\u00a0\u00a0\u00a0\u00a0\u00a0\u00a0\u00a0\u00a0\u00a0\u00a0\u00a0\u00a0\u00a0\u00a0\u00a0\u00a0\u00a0\u00a0\u00a0\u00a0\u00a0\u00a0\u00a0\u00a0\u00a0\u00a0\u00a0\u00a0\u00a0\u00a0\u00a0\u00a0\u00a0\u00a0\u00a0\u00a0\u00a0\u00a0\u00a0\u00a0\u00a0\u00a0\u00a0\u00a0\u00a0\u00a0\u00a0\u00a0\u00a0\u00a0\u00a0\u00a0\u00a0\u00a0\u00a0\u00a0\u00a0\u00a0\u00a0<\/p>\n<fb:like href='https:\/\/www.leccecronaca.it\/index.php\/2025\/10\/24\/ma-quando-apre-il-centro-sportivo-polifunzionale-di-via-potenza\/' send='true' layout='button_count' show_faces='true' width='450' height='65' action='recommend' colorscheme='light' font='lucida grande'><\/fb:like><span class=\"fb_share\"><fb:like href=\"https:\/\/www.leccecronaca.it\/index.php\/2025\/10\/24\/ma-quando-apre-il-centro-sportivo-polifunzionale-di-via-potenza\/\" layout=\"button_count\"><\/fb:like><\/span>","protected":false},"excerpt":{"rendered":"<p>Riceviamo e volentieri pubblichiamo. Il presidente dell\u2019 Adoc, associazione difesa e orientamento dei consumatori, Lecce Alessandro Presicce ci manda il seguente comunicato ____________ &nbsp;&nbsp;&nbsp;&nbsp;&nbsp;&nbsp;&nbsp;&nbsp;&nbsp;&nbsp;&nbsp;&nbsp;&nbsp;&nbsp; Un centro sportivo polifunzionale completamente terminato, collaudato e costato tanto denaro pubblico, \u00e8 fermo da quasi due anni. \u00c8 la nuova struttura di via Potenza a Lecce, simbolo di un\u2019inspiegabile paralisi [&hellip;]<\/p>\n","protected":false},"author":4,"featured_media":0,"comment_status":"open","ping_status":"closed","sticky":false,"template":"","format":"standard","meta":[],"categories":[69,76,36,28],"tags":[],"_links":{"self":[{"href":"https:\/\/www.leccecronaca.it\/index.php\/wp-json\/wp\/v2\/posts\/250584"}],"collection":[{"href":"https:\/\/www.leccecronaca.it\/index.php\/wp-json\/wp\/v2\/posts"}],"about":[{"href":"https:\/\/www.leccecronaca.it\/index.php\/wp-json\/wp\/v2\/types\/post"}],"author":[{"embeddable":true,"href":"https:\/\/www.leccecronaca.it\/index.php\/wp-json\/wp\/v2\/users\/4"}],"replies":[{"embeddable":true,"href":"https:\/\/www.leccecronaca.it\/index.php\/wp-json\/wp\/v2\/comments?post=250584"}],"version-history":[{"count":1,"href":"https:\/\/www.leccecronaca.it\/index.php\/wp-json\/wp\/v2\/posts\/250584\/revisions"}],"predecessor-version":[{"id":250586,"href":"https:\/\/www.leccecronaca.it\/index.php\/wp-json\/wp\/v2\/posts\/250584\/revisions\/250586"}],"wp:attachment":[{"href":"https:\/\/www.leccecronaca.it\/index.php\/wp-json\/wp\/v2\/media?parent=250584"}],"wp:term":[{"taxonomy":"category","embeddable":true,"href":"https:\/\/www.leccecronaca.it\/index.php\/wp-json\/wp\/v2\/categories?post=250584"},{"taxonomy":"post_tag","embeddable":true,"href":"https:\/\/www.leccecronaca.it\/index.php\/wp-json\/wp\/v2\/tags?post=250584"}],"curies":[{"name":"wp","href":"https:\/\/api.w.org\/{rel}","templated":true}]}}