{"id":250591,"date":"2025-10-24T12:37:07","date_gmt":"2025-10-24T10:37:07","guid":{"rendered":"https:\/\/www.leccecronaca.it\/?p=250591"},"modified":"2025-10-24T12:37:10","modified_gmt":"2025-10-24T10:37:10","slug":"al-friuli-udinese-lecce-sabato-25","status":"publish","type":"post","link":"https:\/\/www.leccecronaca.it\/index.php\/2025\/10\/24\/al-friuli-udinese-lecce-sabato-25\/","title":{"rendered":"AL &#8216;Friuli&#8217; UDINESE &#8211; LECCE SABATO 25"},"content":{"rendered":"\n<p><img decoding=\"async\" loading=\"lazy\" width=\"1200\" height=\"1485\" class=\"wp-image-250592\" style=\"width: 1500px;\" src=\"https:\/\/www.leccecronaca.it\/wordpress\/wp-content\/uploads\/2025\/10\/fri.jpg\" alt=\"\" srcset=\"https:\/\/www.leccecronaca.it\/wordpress\/wp-content\/uploads\/2025\/10\/fri.jpg 1200w, https:\/\/www.leccecronaca.it\/wordpress\/wp-content\/uploads\/2025\/10\/fri-242x300.jpg 242w, https:\/\/www.leccecronaca.it\/wordpress\/wp-content\/uploads\/2025\/10\/fri-827x1024.jpg 827w, https:\/\/www.leccecronaca.it\/wordpress\/wp-content\/uploads\/2025\/10\/fri-768x950.jpg 768w\" sizes=\"(max-width: 1200px) 100vw, 1200px\" \/><\/p>\n\n\n\n<p>(Rdl) ______________ All&#8217;ottava giornata, l&#8217;Udinese a met\u00e0 classifica con 9 punti ospita il Lecce che di punti ne ha &#8216;solo&#8217; 6 per\u00f2 quanto bastano per essere davanti a quattro squadre in fondo alla classifica, cio\u00e8 Verona, Genoa, Pisa e, sorprendentemente, la Fiorentina.<\/p>\n\n\n\n<p>L&#8217;allenatore dei Friulani Kosta Runjaic medita alcune novit\u00e0 di formazione, a vantaggio di quelli dei suoi calciatori che gli sembrano pi\u00f9 in forma, salvo la coppia d&#8217;attacco che sar\u00e0 formata da Davis e dal ritrovato Zaniolo.<\/p>\n\n\n\n<p>L&#8217;allenatore dei Salentini Eusebio Di Francesco deve fare di necessit\u00e0 virt\u00f9, affidandosi ad alcune certezze acquisite nel frattempo, fra cui non c&#8217;\u00e8 quella della punta centrale, nel suo abituale 4 &#8211; 3 &#8211; 3: schiera regolarmente Rebic e riserva a Camarda l&#8217;ultimo quarto d&#8217;ora.<\/p>\n\n\n\n<p>Vedremo domani.<\/p>\n\n\n\n<p>Si gioca allo stadio Friuli sabato 25 ottobre alle 15, agli ordini del signor Ermanno Feliciani di Teramo.<\/p>\n\n\n\n<p>Poi di nuovo subito tutti in campo, per la nona giornata, che sar\u00e0 aperta proprio dal Lecce, che ospiter\u00e0 al Via del Mare il Napoli marted\u00ec 28 alle 18.30. <\/p>\n<fb:like href='https:\/\/www.leccecronaca.it\/index.php\/2025\/10\/24\/al-friuli-udinese-lecce-sabato-25\/' send='true' layout='button_count' show_faces='true' width='450' height='65' action='recommend' colorscheme='light' font='lucida grande'><\/fb:like><span class=\"fb_share\"><fb:like href=\"https:\/\/www.leccecronaca.it\/index.php\/2025\/10\/24\/al-friuli-udinese-lecce-sabato-25\/\" layout=\"button_count\"><\/fb:like><\/span>","protected":false},"excerpt":{"rendered":"<p>(Rdl) ______________ All&#8217;ottava giornata, l&#8217;Udinese a met\u00e0 classifica con 9 punti ospita il Lecce che di punti ne ha &#8216;solo&#8217; 6 per\u00f2 quanto bastano per essere davanti a quattro squadre in fondo alla classifica, cio\u00e8 Verona, Genoa, Pisa e, sorprendentemente, la Fiorentina. L&#8217;allenatore dei Friulani Kosta Runjaic medita alcune novit\u00e0 di formazione, a vantaggio di [&hellip;]<\/p>\n","protected":false},"author":4,"featured_media":250592,"comment_status":"open","ping_status":"closed","sticky":false,"template":"","format":"standard","meta":[],"categories":[28],"tags":[],"_links":{"self":[{"href":"https:\/\/www.leccecronaca.it\/index.php\/wp-json\/wp\/v2\/posts\/250591"}],"collection":[{"href":"https:\/\/www.leccecronaca.it\/index.php\/wp-json\/wp\/v2\/posts"}],"about":[{"href":"https:\/\/www.leccecronaca.it\/index.php\/wp-json\/wp\/v2\/types\/post"}],"author":[{"embeddable":true,"href":"https:\/\/www.leccecronaca.it\/index.php\/wp-json\/wp\/v2\/users\/4"}],"replies":[{"embeddable":true,"href":"https:\/\/www.leccecronaca.it\/index.php\/wp-json\/wp\/v2\/comments?post=250591"}],"version-history":[{"count":1,"href":"https:\/\/www.leccecronaca.it\/index.php\/wp-json\/wp\/v2\/posts\/250591\/revisions"}],"predecessor-version":[{"id":250593,"href":"https:\/\/www.leccecronaca.it\/index.php\/wp-json\/wp\/v2\/posts\/250591\/revisions\/250593"}],"wp:featuredmedia":[{"embeddable":true,"href":"https:\/\/www.leccecronaca.it\/index.php\/wp-json\/wp\/v2\/media\/250592"}],"wp:attachment":[{"href":"https:\/\/www.leccecronaca.it\/index.php\/wp-json\/wp\/v2\/media?parent=250591"}],"wp:term":[{"taxonomy":"category","embeddable":true,"href":"https:\/\/www.leccecronaca.it\/index.php\/wp-json\/wp\/v2\/categories?post=250591"},{"taxonomy":"post_tag","embeddable":true,"href":"https:\/\/www.leccecronaca.it\/index.php\/wp-json\/wp\/v2\/tags?post=250591"}],"curies":[{"name":"wp","href":"https:\/\/api.w.org\/{rel}","templated":true}]}}