{"id":250625,"date":"2025-10-25T13:27:19","date_gmt":"2025-10-25T11:27:19","guid":{"rendered":"https:\/\/www.leccecronaca.it\/?p=250625"},"modified":"2025-10-25T13:55:33","modified_gmt":"2025-10-25T11:55:33","slug":"amore-dautunno-per-massio-cacciari","status":"publish","type":"post","link":"https:\/\/www.leccecronaca.it\/index.php\/2025\/10\/25\/amore-dautunno-per-massio-cacciari\/","title":{"rendered":"IL FILOSOFO SI SPOSA: AMORE D&#8217;AUTUNNO PER MASSIMO CACCIARI"},"content":{"rendered":"\n<p><img decoding=\"async\" loading=\"lazy\" width=\"800\" height=\"494\" class=\"wp-image-250626\" style=\"width: 1500px;\" src=\"https:\/\/www.leccecronaca.it\/wordpress\/wp-content\/uploads\/2025\/10\/cacciari.jpg\" alt=\"\" srcset=\"https:\/\/www.leccecronaca.it\/wordpress\/wp-content\/uploads\/2025\/10\/cacciari.jpg 800w, https:\/\/www.leccecronaca.it\/wordpress\/wp-content\/uploads\/2025\/10\/cacciari-300x185.jpg 300w, https:\/\/www.leccecronaca.it\/wordpress\/wp-content\/uploads\/2025\/10\/cacciari-768x474.jpg 768w\" sizes=\"(max-width: 800px) 100vw, 800px\" \/><\/p>\n\n\n\n<p><strong>(g.p.)  _________ Perch\u00e9 non si \u00e8 mai sposato?<\/strong> &#8211; gli chiese anni fa in un&#8217;intervista per il Corriere della Sera Candida Morvillo, la quale con la sua sensibilit\u00e0 tipicamente femminile ebbe il merito di farlo parlare per la prima volta anche di argomenti personali, come le relazioni amorose o i pensieri cupi sulla vecchiaia arrembante. Lui cos\u00ec le rispose: <\/p>\n\n\n\n<p>\u00abBisogna aver letto Nietzsche per capire cosa significa dire di s\u00ec, quando chiede: hai scavato il fondo della tua anima? Sei pronto a dire &#8220;per sempre&#8221;? Vale anche per essere padre; infatti, non ho avuto figli\u00bb.<\/p>\n\n\n\n<p>Lei lo incalz\u00f2:<\/p>\n\n\n\n<p><strong>Ha mai avuto il dubbio di sposarsi o no?<\/strong><\/p>\n\n\n\n<p>\u00abTutte le volte che ho amato\u00bb.<\/p>\n\n\n\n<p><strong>E quante volte ha amato?<\/strong><\/p>\n\n\n\n<p>\u00ab\u00c8 impossibile a dirsi&#8230; Dire amore \u00e8 come dire popolo: ogni volta, \u00e8 una cosa diversa\u00bb.<\/p>\n\n\n\n<p><\/p>\n\n\n\n<p>Ma mai dire mai, anche se questo non l&#8217;ha detto il suo beneamento Nietzsche. Massimo Cacciari, l&#8217;intellettuale disorganico, la mente pi\u00f9 lucida dell&#8217;intero panorama mondiale, capace di interpretare per far capire il presente, con qualche punta di lucida profezia, si sposa.<\/p>\n\n\n\n<p>La notizia \u00e8 di oggi. Sono state affisse le pubblicazioni sull&#8217;albo pretorio del Comune di Milano, dove avverr\u00e0 la cerimonia, anche se non c&#8217;\u00e8 ancora la data. Lui ha 81 anni. Lei, 52: \u00e8 Chiara Patriarca, architetto, con la quale conviveva da pochi anni.<\/p>\n\n\n\n<p>Nonostante la riservatezza della coppia, e malgrado il buco clamoroso di Dagospia che ormai non \u00e8 pi\u00f9 quello di una volta, avviato verso un inarrestabile declino, abbiamo qualche particolare in pi\u00f9, apparso &#8216;stamattina sul quotidiano veneziano Il Gazzettino:<\/p>\n\n\n\n<p>&#8220;La convivenza tra i due va avanti almeno dai tempi del Covid, nel quartiere dei Navigli a Milano. Non era mai successo che Massimo decidesse di abitare nella stessa casa con una donna, ma con Chiara \u00e8 diverso. Lei \u00e8 simpatica, sa tenergli testa, non solo intellettualmente ma anche sul piano caratteriale&#8221;.&nbsp;<\/p>\n\n\n\n<p><\/p>\n\n\n\n<p>Auguri ai promessi sposi!<\/p>\n\n\n\n<p><em>Passasti con quella luce in pugno!<\/em><br><em>Dissi: \u201cNon so, so molto poco dell\u2019amore.<\/em><br><em>Gi\u00f9 c\u2019\u00e8 un abisso, lo conosco bene\u201d.<\/em><br><em>Tu mi prendesti per la giacca,<\/em><br><em>met\u00e0 del mio viso era gi\u00e0 in ombra.<\/em><br><em>Dissi: \u201cCorriamo, tu sarai la mia corsa.<\/em><br><em>Ti seguir\u00f2? Sono al tuo fianco adesso\u201d.<\/em><\/p>\n\n\n\n<p>ROBERTO CARIFI, &#8220;Amore d&#8217;autunno&#8221;, 1998 (Cit.)<\/p>\n<fb:like href='https:\/\/www.leccecronaca.it\/index.php\/2025\/10\/25\/amore-dautunno-per-massio-cacciari\/' send='true' layout='button_count' show_faces='true' width='450' height='65' action='recommend' colorscheme='light' font='lucida grande'><\/fb:like><span class=\"fb_share\"><fb:like href=\"https:\/\/www.leccecronaca.it\/index.php\/2025\/10\/25\/amore-dautunno-per-massio-cacciari\/\" layout=\"button_count\"><\/fb:like><\/span>","protected":false},"excerpt":{"rendered":"<p>(g.p.) _________ Perch\u00e9 non si \u00e8 mai sposato? &#8211; gli chiese anni fa in un&#8217;intervista per il Corriere della Sera Candida Morvillo, la quale con la sua sensibilit\u00e0 tipicamente femminile ebbe il merito di farlo parlare per la prima volta anche di argomenti personali, come le relazioni amorose o i pensieri cupi sulla vecchiaia arrembante. [&hellip;]<\/p>\n","protected":false},"author":4,"featured_media":250626,"comment_status":"open","ping_status":"closed","sticky":false,"template":"","format":"standard","meta":[],"categories":[1,69,31,75],"tags":[],"_links":{"self":[{"href":"https:\/\/www.leccecronaca.it\/index.php\/wp-json\/wp\/v2\/posts\/250625"}],"collection":[{"href":"https:\/\/www.leccecronaca.it\/index.php\/wp-json\/wp\/v2\/posts"}],"about":[{"href":"https:\/\/www.leccecronaca.it\/index.php\/wp-json\/wp\/v2\/types\/post"}],"author":[{"embeddable":true,"href":"https:\/\/www.leccecronaca.it\/index.php\/wp-json\/wp\/v2\/users\/4"}],"replies":[{"embeddable":true,"href":"https:\/\/www.leccecronaca.it\/index.php\/wp-json\/wp\/v2\/comments?post=250625"}],"version-history":[{"count":5,"href":"https:\/\/www.leccecronaca.it\/index.php\/wp-json\/wp\/v2\/posts\/250625\/revisions"}],"predecessor-version":[{"id":250631,"href":"https:\/\/www.leccecronaca.it\/index.php\/wp-json\/wp\/v2\/posts\/250625\/revisions\/250631"}],"wp:featuredmedia":[{"embeddable":true,"href":"https:\/\/www.leccecronaca.it\/index.php\/wp-json\/wp\/v2\/media\/250626"}],"wp:attachment":[{"href":"https:\/\/www.leccecronaca.it\/index.php\/wp-json\/wp\/v2\/media?parent=250625"}],"wp:term":[{"taxonomy":"category","embeddable":true,"href":"https:\/\/www.leccecronaca.it\/index.php\/wp-json\/wp\/v2\/categories?post=250625"},{"taxonomy":"post_tag","embeddable":true,"href":"https:\/\/www.leccecronaca.it\/index.php\/wp-json\/wp\/v2\/tags?post=250625"}],"curies":[{"name":"wp","href":"https:\/\/api.w.org\/{rel}","templated":true}]}}