{"id":250634,"date":"2025-10-25T15:20:08","date_gmt":"2025-10-25T13:20:08","guid":{"rendered":"https:\/\/www.leccecronaca.it\/?p=250634"},"modified":"2025-10-25T15:20:11","modified_gmt":"2025-10-25T13:20:11","slug":"sebastiano-leo-presenta-le-liste-per-la-puglia-decaro-candidato-presidente","status":"publish","type":"post","link":"https:\/\/www.leccecronaca.it\/index.php\/2025\/10\/25\/sebastiano-leo-presenta-le-liste-per-la-puglia-decaro-candidato-presidente\/","title":{"rendered":"SEBASTIANO LEO PRESENTA LE LISTE &#8220;Per la Puglia &#8211; Decaro candidato presidente&#8221;"},"content":{"rendered":"\n<p><img decoding=\"async\" loading=\"lazy\" width=\"1000\" height=\"667\" class=\"wp-image-250635\" style=\"width: 1500px;\" src=\"https:\/\/www.leccecronaca.it\/wordpress\/wp-content\/uploads\/2025\/10\/Sebastiano-LEO.jpeg\" alt=\"\" srcset=\"https:\/\/www.leccecronaca.it\/wordpress\/wp-content\/uploads\/2025\/10\/Sebastiano-LEO.jpeg 1000w, https:\/\/www.leccecronaca.it\/wordpress\/wp-content\/uploads\/2025\/10\/Sebastiano-LEO-300x200.jpeg 300w, https:\/\/www.leccecronaca.it\/wordpress\/wp-content\/uploads\/2025\/10\/Sebastiano-LEO-768x512.jpeg 768w\" sizes=\"(max-width: 1000px) 100vw, 1000px\" \/><\/p>\n\n\n\n<p>(Rdl) ______________ <\/p>\n\n\n\n<p><em>&#8220;Un onore e una responsabilit\u00e0, ma oggi sono orgoglioso del lavoro fatto e delle persone che rappresentano la nostra lista\u201d<\/em><\/p>\n\n\n\n<p>Questa mattina sono state ufficialmente presentate e depositate le liste\u00a0<strong>\u201cPer la Puglia \u2013 Decaro Candidato Presidente\u201d<\/strong>, coordinate a livello regionale dall\u2019assessore regionale all\u2019istruzione, formazione e al lavoro\u00a0<strong>Sebastiano Leo<\/strong>.<\/p>\n\n\n\n<p><\/p>\n\n\n\n<p>Un passaggio fondamentale nel percorso che accompagna la candidatura di&nbsp;<strong>Antonio Decaro<\/strong>&nbsp;alla Presidenza della Regione Puglia e che rappresenta la sintesi di un grande lavoro di squadra svolto nei territori, coinvolgendo persone, energie e competenze di valore.<\/p>\n\n\n\n<p><em>\u201cCoordinare una lista costituita da persone eccellenti, assessori e consiglieri regionali, uomini e donne della politica e dal grande spessore e impegno civile\u00a0<\/em>\u2013 dichiara\u00a0<strong>Sebastiano Leo<\/strong>\u00a0\u2013\u00a0<em>\u00e8 stato per me un onore e al tempo stesso un onere, perch\u00e9 porta con s\u00e9 una grande responsabilit\u00e0. Ma oggi, dopo settimane di intenso lavoro sui territori per individuarne i loro migliori rappresentanti, mi ritengo davvero soddisfatto e felice. Siamo riusciti a costruire una squadra di candidati di grande livello, uomini e donne che amano profondamente la Puglia e che hanno scelto di impegnarsi per il suo futuro. Sono certo che la lista riscuoter\u00e0 un grandissimo successo in tutte le circoscrizioni, perch\u00e9 dietro ogni nome c\u2019\u00e8 una storia che ha fatto la differenza nella Regione Puglia, e ci sono passione, competenza e spirito di servizio\u201d.<\/em><\/p>\n\n\n\n<p><img decoding=\"async\" loading=\"lazy\" width=\"591\" height=\"591\" class=\"wp-image-250636\" style=\"width: 800px;\" src=\"https:\/\/www.leccecronaca.it\/wordpress\/wp-content\/uploads\/2025\/10\/logobbu.jpg\" alt=\"\" srcset=\"https:\/\/www.leccecronaca.it\/wordpress\/wp-content\/uploads\/2025\/10\/logobbu.jpg 591w, https:\/\/www.leccecronaca.it\/wordpress\/wp-content\/uploads\/2025\/10\/logobbu-300x300.jpg 300w, https:\/\/www.leccecronaca.it\/wordpress\/wp-content\/uploads\/2025\/10\/logobbu-150x150.jpg 150w, https:\/\/www.leccecronaca.it\/wordpress\/wp-content\/uploads\/2025\/10\/logobbu-60x60.jpg 60w\" sizes=\"(max-width: 591px) 100vw, 591px\" \/><\/p>\n\n\n\n<p><\/p>\n\n\n\n<p><strong>Liste PER LA PUGLIA DECARO CANDIDATO PRESIDENTE<\/strong><\/p>\n\n\n\n<p><strong>LECCE<\/strong><\/p>\n\n\n\n<p>Leo Sebastiano Giuseppe<\/p>\n\n\n\n<p>Anselmi Maria Grazia<\/p>\n\n\n\n<p>Calabrese Mattia<\/p>\n\n\n\n<p>De Simone Gabriele<\/p>\n\n\n\n<p>Gentile Martina<\/p>\n\n\n\n<p>Lee Linda Jacqueline<\/p>\n\n\n\n<p>Liberti Simona<\/p>\n\n\n\n<p>Pappad\u00e0 Antonella<\/p>\n\n\n\n<p>Pezzuto Maurizio<\/p>\n\n\n\n<p>Quido Clarissa<\/p>\n\n\n\n<p><strong>BRINDISI<\/strong><\/p>\n\n\n\n<p>Amati Fabiano<\/p>\n\n\n\n<p>Monteduro Erminia<\/p>\n\n\n\n<p>Palumbo Raffaella<\/p>\n\n\n\n<p>Sacco Greta<\/p>\n\n\n\n<p>Vizzino Mauro<\/p>\n\n\n\n<p><strong>TARANTO<\/strong><\/p>\n\n\n\n<p>Lopane Gianfranco<\/p>\n\n\n\n<p>Bussolotto Rosanna<\/p>\n\n\n\n<p>Cosa Francesco<\/p>\n\n\n\n<p>Cristini Maurizio<\/p>\n\n\n\n<p>Gentile Raffaele<\/p>\n\n\n\n<p>Lacava Alessandra<\/p>\n\n\n\n<p>Pulpo Corina<\/p>\n\n\n\n<p><strong>BAT<\/strong><\/p>\n\n\n\n<p>Passero Ruggiero<\/p>\n\n\n\n<p>Cornacchia Irene<\/p>\n\n\n\n<p>Di Benedetto Arianna<\/p>\n\n\n\n<p>Maiorana Daniela Jolanda<\/p>\n\n\n\n<p>Valente Vincenzo<\/p>\n\n\n\n<p><strong>BARI<\/strong><\/p>\n\n\n\n<p>Tammacco Saverio<\/p>\n\n\n\n<p>Appice Antonia<\/p>\n\n\n\n<p>Campanelli Salvatore<\/p>\n\n\n\n<p>D\u2019amato Vito<\/p>\n\n\n\n<p>De Donato Maria Giuseppa<\/p>\n\n\n\n<p>Deflorio Angela<\/p>\n\n\n\n<p>Digiesi Maria Filippa<\/p>\n\n\n\n<p>Galiano Angelo<\/p>\n\n\n\n<p>Gattullo Picciarelli Giuseppina<\/p>\n\n\n\n<p>Genco Maria Anna<\/p>\n\n\n\n<p>Gentile Simone<\/p>\n\n\n\n<p>Mastrodonato Vincenzo<\/p>\n\n\n\n<p>Partipilo Lucia<\/p>\n\n\n\n<p>Pennisi Cristina<\/p>\n\n\n\n<p>Povia Sergio<\/p>\n\n\n\n<p>Ressa Carmela<\/p>\n\n\n\n<p><strong>FOGGIA<\/strong><\/p>\n\n\n\n<p>Tutolo Antonio<\/p>\n\n\n\n<p>Cusmai Rosario<\/p>\n\n\n\n<p>Damiani Isabella<\/p>\n\n\n\n<p>Draicchio Mattea Pia<\/p>\n\n\n\n<p>Marino Francesco<\/p>\n\n\n\n<p>Masselli Alfonso<\/p>\n\n\n\n<p>Niro Francesca<\/p>\n<fb:like href='https:\/\/www.leccecronaca.it\/index.php\/2025\/10\/25\/sebastiano-leo-presenta-le-liste-per-la-puglia-decaro-candidato-presidente\/' send='true' layout='button_count' show_faces='true' width='450' height='65' action='recommend' colorscheme='light' font='lucida grande'><\/fb:like><span class=\"fb_share\"><fb:like href=\"https:\/\/www.leccecronaca.it\/index.php\/2025\/10\/25\/sebastiano-leo-presenta-le-liste-per-la-puglia-decaro-candidato-presidente\/\" layout=\"button_count\"><\/fb:like><\/span>","protected":false},"excerpt":{"rendered":"<p>(Rdl) ______________ &#8220;Un onore e una responsabilit\u00e0, ma oggi sono orgoglioso del lavoro fatto e delle persone che rappresentano la nostra lista\u201d Questa mattina sono state ufficialmente presentate e depositate le liste\u00a0\u201cPer la Puglia \u2013 Decaro Candidato Presidente\u201d, coordinate a livello regionale dall\u2019assessore regionale all\u2019istruzione, formazione e al lavoro\u00a0Sebastiano Leo. Un passaggio fondamentale nel percorso [&hellip;]<\/p>\n","protected":false},"author":4,"featured_media":250635,"comment_status":"open","ping_status":"closed","sticky":false,"template":"","format":"standard","meta":[],"categories":[69,76],"tags":[],"_links":{"self":[{"href":"https:\/\/www.leccecronaca.it\/index.php\/wp-json\/wp\/v2\/posts\/250634"}],"collection":[{"href":"https:\/\/www.leccecronaca.it\/index.php\/wp-json\/wp\/v2\/posts"}],"about":[{"href":"https:\/\/www.leccecronaca.it\/index.php\/wp-json\/wp\/v2\/types\/post"}],"author":[{"embeddable":true,"href":"https:\/\/www.leccecronaca.it\/index.php\/wp-json\/wp\/v2\/users\/4"}],"replies":[{"embeddable":true,"href":"https:\/\/www.leccecronaca.it\/index.php\/wp-json\/wp\/v2\/comments?post=250634"}],"version-history":[{"count":1,"href":"https:\/\/www.leccecronaca.it\/index.php\/wp-json\/wp\/v2\/posts\/250634\/revisions"}],"predecessor-version":[{"id":250637,"href":"https:\/\/www.leccecronaca.it\/index.php\/wp-json\/wp\/v2\/posts\/250634\/revisions\/250637"}],"wp:featuredmedia":[{"embeddable":true,"href":"https:\/\/www.leccecronaca.it\/index.php\/wp-json\/wp\/v2\/media\/250635"}],"wp:attachment":[{"href":"https:\/\/www.leccecronaca.it\/index.php\/wp-json\/wp\/v2\/media?parent=250634"}],"wp:term":[{"taxonomy":"category","embeddable":true,"href":"https:\/\/www.leccecronaca.it\/index.php\/wp-json\/wp\/v2\/categories?post=250634"},{"taxonomy":"post_tag","embeddable":true,"href":"https:\/\/www.leccecronaca.it\/index.php\/wp-json\/wp\/v2\/tags?post=250634"}],"curies":[{"name":"wp","href":"https:\/\/api.w.org\/{rel}","templated":true}]}}