{"id":250659,"date":"2025-10-26T10:08:04","date_gmt":"2025-10-26T09:08:04","guid":{"rendered":"https:\/\/www.leccecronaca.it\/?p=250659"},"modified":"2025-10-26T10:08:07","modified_gmt":"2025-10-26T09:08:07","slug":"con-ada-donno-candidata-a-presidente-presentata-a-lecce-la-lista-puglia-pacifista-e-popolare","status":"publish","type":"post","link":"https:\/\/www.leccecronaca.it\/index.php\/2025\/10\/26\/con-ada-donno-candidata-a-presidente-presentata-a-lecce-la-lista-puglia-pacifista-e-popolare\/","title":{"rendered":"CON ADA DONNO CANDIDATA A PRESIDENTE, PRESENTATA A LECCE LA LISTA PUGLIA PACIFISTA E POPOLARE"},"content":{"rendered":"\n<p><img decoding=\"async\" loading=\"lazy\" width=\"1086\" height=\"1448\" class=\"wp-image-250660\" style=\"width: 1500px;\" src=\"https:\/\/www.leccecronaca.it\/wordpress\/wp-content\/uploads\/2025\/10\/PPP.jpg\" alt=\"\" srcset=\"https:\/\/www.leccecronaca.it\/wordpress\/wp-content\/uploads\/2025\/10\/PPP.jpg 1086w, https:\/\/www.leccecronaca.it\/wordpress\/wp-content\/uploads\/2025\/10\/PPP-225x300.jpg 225w, https:\/\/www.leccecronaca.it\/wordpress\/wp-content\/uploads\/2025\/10\/PPP-768x1024.jpg 768w\" sizes=\"(max-width: 1086px) 100vw, 1086px\" \/><\/p>\n\n\n\n<p>(Rdl) ____________<br>\u00c8 stata presentata ieri a Lecce, in piazza, la lista Puglia Pacifista e Popolare, che si candida alle prossime elezioni regionali con l\u2019obiettivo di portare in Consiglio una voce alternativa e indipendente, radicata nei movimenti sociali, pacifisti e popolari.<\/p>\n\n\n\n<p><br>La lista, promossa da Partito Comunista Italiano, Potere al Popolo e Risorgimento Socialista, nasce dalla volont\u00e0 di dare rappresentanza politica a quella parte di societ\u00e0 che in questi anni si \u00e8 mobilitata contro la guerra, per la difesa dei diritti, del lavoro e dell\u2019ambiente.<\/p>\n\n\n\n<p><br>A guidarla sar\u00e0 Ada Donno, storica militante del PCI e del movimento pacifista e femminista, attiva da decenni nelle lotte sociali e nei territori. \u201cLa Puglia \u00e8 diventata una piattaforma militare e turistica, dove la sanit\u00e0 pubblica si sgretola e il lavoro \u00e8 sempre pi\u00f9 precario \u2013 ha dichiarato Donno \u2013 Noi vogliamo restituire dignit\u00e0 alla politica, partire dal basso e rimettere al centro la pace, i diritti e la giustizia sociale.\u201d<\/p>\n\n\n\n<p><br>Durante la presentazione sono intervenuti i candidati e le candidate della lista, che hanno raccontato le proprie esperienze nei movimenti, nei luoghi di lavoro, nei comitati territoriali. Tutti hanno sottolineato la necessit\u00e0 di una proposta radicalmente diversa dal bipolarismo tradizionale, incapace di dare risposte ai bisogni reali delle persone.<\/p>\n\n\n\n<p><br>Il programma di Puglia Pacifista e Popolare propone dieci aree di intervento prioritarie: pace e opposizione al riarmo, lavoro dignitoso, diritto alla casa, sanit\u00e0 pubblica e gratuita, tutela ambientale, agricoltura sostenibile, lotta alla povert\u00e0, istruzione e cultura pubblica, trasporti accessibili e partecipazione democratica.<\/p>\n\n\n\n<p><br>Tra le misure pi\u00f9 immediate annunciate: revisione delle autorizzazioni alle basi militari e avvio di processi di riconversione produttiva; salario minimo regionale di riferimento e reinternalizzazione dei servizi appaltati; piano decennale da un miliardo di euro per l\u2019edilizia pubblica e regolazione degli affitti turistici; potenziamento del Servizio Sanitario Regionale, stabilizzazione del personale e introduzione dello psicologo di base; stop al consumo di suolo e promozione delle Comunit\u00e0 Energetiche Rinnovabili; riforma elettorale proporzionale e trasparenza totale nella gestione delle risorse pubbliche.<\/p>\n\n\n\n<p><br>Tra i candidati intervenuti, Duilio Romanello, chimico farmaceutico e attivista di Potere al Popolo, ha dichiarato: \u201cSiamo in piazza perch\u00e9 \u00e8 la stessa piazza che ci ha visto in questi anni difendere la sanit\u00e0 pubblica, l\u2019ambiente e la pace. Ci candidiamo perch\u00e9 amiamo la Puglia, che per non non \u00e8 quella delle cartoline patinate: conosciamo la Puglia reale, dove un pugliese su quattro vive in povert\u00e0, dove si continua a cementificare mentre l\u2019acqua scarseggia, dove la sanit\u00e0 pubblica viene smantellata giorno dopo giorno. Siamo qui per dire basta a decenni di politiche della destra e del centro-sinistra che hanno svenduto la nostra terra ai poteri economici, e per costruire un\u2019alternativa vera, pacifista e popolare. Noi vogliamo una Puglia che resti terra di pace e non piattaforma militare o snodo energetico al servizio delle guerre.\u201d<\/p>\n\n\n\n<p><br>Anche Barbara Toma, coreografa, direttrice artistica e attivista per i diritti delle donne e dei lavoratori dello spettacolo, candidata per Lecce e Brindisi e Taranto, ha portato la voce del mondo della cultura: \u201c\u2018La potenza collettiva che abbiamo vissuto nelle piazze \u00e8 gi\u00e0 la trasformazione in corso. Ora dobbiamo sostenere la crescita di questa trasformazione facendo una scelta controcorrente e coraggiosa. Fuori dalla logica del voto utile. Coerente con le lotte che sosteniamo nelle piazze.<br>Un reale cambiamento non pu\u00f2 non includere anche la cultura.<br>Cultura che nel nostro territorio \u00e8 sempre pi\u00f9 schiacciata da una visione turistica che tende a mercificare e appiattire. Vogliamo voglio tutt\u2019altro.<br>Vogliamo un&#8217;alternativa. E se l\u2019alternativa non c\u2019\u00e8, allora bisogna lavorare per crearla.\u201d<br><\/p>\n<fb:like href='https:\/\/www.leccecronaca.it\/index.php\/2025\/10\/26\/con-ada-donno-candidata-a-presidente-presentata-a-lecce-la-lista-puglia-pacifista-e-popolare\/' send='true' layout='button_count' show_faces='true' width='450' height='65' action='recommend' colorscheme='light' font='lucida grande'><\/fb:like><span class=\"fb_share\"><fb:like href=\"https:\/\/www.leccecronaca.it\/index.php\/2025\/10\/26\/con-ada-donno-candidata-a-presidente-presentata-a-lecce-la-lista-puglia-pacifista-e-popolare\/\" layout=\"button_count\"><\/fb:like><\/span>","protected":false},"excerpt":{"rendered":"<p>(Rdl) ____________\u00c8 stata presentata ieri a Lecce, in piazza, la lista Puglia Pacifista e Popolare, che si candida alle prossime elezioni regionali con l\u2019obiettivo di portare in Consiglio una voce alternativa e indipendente, radicata nei movimenti sociali, pacifisti e popolari. La lista, promossa da Partito Comunista Italiano, Potere al Popolo e Risorgimento Socialista, nasce dalla [&hellip;]<\/p>\n","protected":false},"author":4,"featured_media":0,"comment_status":"open","ping_status":"closed","sticky":false,"template":"","format":"standard","meta":[],"categories":[1],"tags":[],"_links":{"self":[{"href":"https:\/\/www.leccecronaca.it\/index.php\/wp-json\/wp\/v2\/posts\/250659"}],"collection":[{"href":"https:\/\/www.leccecronaca.it\/index.php\/wp-json\/wp\/v2\/posts"}],"about":[{"href":"https:\/\/www.leccecronaca.it\/index.php\/wp-json\/wp\/v2\/types\/post"}],"author":[{"embeddable":true,"href":"https:\/\/www.leccecronaca.it\/index.php\/wp-json\/wp\/v2\/users\/4"}],"replies":[{"embeddable":true,"href":"https:\/\/www.leccecronaca.it\/index.php\/wp-json\/wp\/v2\/comments?post=250659"}],"version-history":[{"count":1,"href":"https:\/\/www.leccecronaca.it\/index.php\/wp-json\/wp\/v2\/posts\/250659\/revisions"}],"predecessor-version":[{"id":250661,"href":"https:\/\/www.leccecronaca.it\/index.php\/wp-json\/wp\/v2\/posts\/250659\/revisions\/250661"}],"wp:attachment":[{"href":"https:\/\/www.leccecronaca.it\/index.php\/wp-json\/wp\/v2\/media?parent=250659"}],"wp:term":[{"taxonomy":"category","embeddable":true,"href":"https:\/\/www.leccecronaca.it\/index.php\/wp-json\/wp\/v2\/categories?post=250659"},{"taxonomy":"post_tag","embeddable":true,"href":"https:\/\/www.leccecronaca.it\/index.php\/wp-json\/wp\/v2\/tags?post=250659"}],"curies":[{"name":"wp","href":"https:\/\/api.w.org\/{rel}","templated":true}]}}