{"id":250665,"date":"2025-10-26T14:43:37","date_gmt":"2025-10-26T13:43:37","guid":{"rendered":"https:\/\/www.leccecronaca.it\/?p=250665"},"modified":"2025-10-26T15:17:02","modified_gmt":"2025-10-26T14:17:02","slug":"al-castello-di-corigliano-dotranto-in-vetrina-il-made-in-italy-con-il-iv-convegno-nazionale-unitaly-fiera","status":"publish","type":"post","link":"https:\/\/www.leccecronaca.it\/index.php\/2025\/10\/26\/al-castello-di-corigliano-dotranto-in-vetrina-il-made-in-italy-con-il-iv-convegno-nazionale-unitaly-fiera\/","title":{"rendered":"AL CASTELLO DI CORIGLIANO D\u2019OTRANTO IN VETRINA IL MADE IN ITALY CON IL IV CONVEGNO NAZIONALE UNITALY-FIERA"},"content":{"rendered":"\n<p>Tre giornate tra imprese, innovazione, export, moda sostenibile e finanza. Obiettivo: spingere le PMI italiane verso i mercati internazionali. Attesi 70 espositori e oltte 15.000 visitatori. <\/p>\n\n\n\n<figure class=\"wp-block-image size-large\"><img decoding=\"async\" loading=\"lazy\" width=\"1024\" height=\"580\" src=\"https:\/\/www.leccecronaca.it\/wordpress\/wp-content\/uploads\/2025\/10\/1000108591-1024x580.jpg\" alt=\"\" class=\"wp-image-250668\" srcset=\"https:\/\/www.leccecronaca.it\/wordpress\/wp-content\/uploads\/2025\/10\/1000108591-1024x580.jpg 1024w, https:\/\/www.leccecronaca.it\/wordpress\/wp-content\/uploads\/2025\/10\/1000108591-300x170.jpg 300w, https:\/\/www.leccecronaca.it\/wordpress\/wp-content\/uploads\/2025\/10\/1000108591-768x435.jpg 768w, https:\/\/www.leccecronaca.it\/wordpress\/wp-content\/uploads\/2025\/10\/1000108591-1536x870.jpg 1536w, https:\/\/www.leccecronaca.it\/wordpress\/wp-content\/uploads\/2025\/10\/1000108591-2048x1161.jpg 2048w\" sizes=\"(max-width: 1024px) 100vw, 1024px\" \/><\/figure>\n\n\n\n<p>\u00c8 tutto pronto per il IV Convegno Nazionale Unitaly-Fiera, organizzato da Chateau d\u2019Ax New Form, la manifestazione che punta a valorizzare le eccellenze produttive italiane e a creare reali opportunit\u00e0 di crescita e internazionalizzazione per le piccole e medie imprese. <\/p>\n\n\n\n<p>Dopo il successo delle prime tre edizioni \u2014 rese possibili dalla fiducia di imprenditori, istituzioni, media e professionisti di alto profilo \u2014 l\u2019evento torna con un progetto ancora pi\u00f9 ambizioso, ricco e orientato al mercato globale. <\/p>\n\n\n\n<p>La kermesse si terr\u00e0 dal 17 al 19 aprile 2026 nel prestigioso Castello di Corigliano d\u2019Otranto, in provincia di Lecce: una cornice storica e suggestiva che ospiter\u00e0 quest\u2019anno il \u201cSalone delle Eccellenze del Made in Italy\u201d, cuore pulsante di una tre giorni dedicata ad artigianato, industria, agricoltura, finanza, startup e istituzioni. Sono attesi oltre 70 espositori provenienti da tutta Italia, con brand, imprese e realt\u00e0 produttive selezionate tra i migliori esempi di qualit\u00e0, visione e originalit\u00e0 italiana. <\/p>\n\n\n\n<p>Un\u2019opportunit\u00e0 concreta per tutte le PMI che desiderano presentarsi ad nuovi investitori, sviluppare contatti commerciali, stringere partnership e affacciarsi ai mercati esteri. L\u2019apertura al pubblico, grande novit\u00e0 dell\u2019edizione 2026, porter\u00e0 al Castello oltre 15.000 visitatori, tra buyer, istituzioni, giornalisti, tv nazionali e semplici appassionati del Made in Italy. Il convegno vedr\u00e0 la partecipazione di manager internazionali, broker finanziari, rappresentanti istituzionali, imprenditori, media e televisioni, confermando il format vincente delle edizioni precedenti: networking reale, confronto, formazione e nuove occasioni di business, con l\u2019obiettivo di dare voce e visibilit\u00e0 alle imprese italiane su tutto il territorio nazionale e oltreconfine. <\/p>\n\n\n\n<p>Tra gli ospiti di rilievo figurano Maby Palmisano, Presidente del Com.It.Es di Washington ed esperta di sistemi MEL (Monitoring, Evaluation &amp; Learning) per progetti internazionali: la sua presenza sar\u00e0 strategica per avviare sinergie e collegamenti con il mercato americano, offrendo alle aziende italiane strumenti e interlocutori affidabili per l\u2019export negli Stati Uniti. <\/p>\n\n\n\n<figure class=\"wp-block-image size-full\"><img decoding=\"async\" loading=\"lazy\" width=\"720\" height=\"460\" src=\"https:\/\/www.leccecronaca.it\/wordpress\/wp-content\/uploads\/2025\/10\/1000101958.jpg\" alt=\"\" class=\"wp-image-250666\" srcset=\"https:\/\/www.leccecronaca.it\/wordpress\/wp-content\/uploads\/2025\/10\/1000101958.jpg 720w, https:\/\/www.leccecronaca.it\/wordpress\/wp-content\/uploads\/2025\/10\/1000101958-300x192.jpg 300w\" sizes=\"(max-width: 720px) 100vw, 720px\" \/><\/figure>\n\n\n\n<p>Accanto a lei, Valeria Mangani, imprenditrice di riferimento nella moda sostenibile, Presidente della Sustainable Fashion Innovation Society, CEO della piattaforma Made in Italy Luxury 4.0, membro del tavolo moda del Ministero delle Imprese e del Made in Italy e Ufficiale dell\u2019Ordine al Merito della Repubblica Italiana. La sua missione \u2014 internazionalizzare il lusso artigianale italiano \u2014 sar\u00e0 uno dei temi centrali della tre giorni. <\/p>\n\n\n\n<figure class=\"wp-block-image size-large is-resized\"><img decoding=\"async\" loading=\"lazy\" src=\"https:\/\/www.leccecronaca.it\/wordpress\/wp-content\/uploads\/2025\/10\/1000108867-716x1024.jpg\" alt=\"\" class=\"wp-image-250667\" width=\"329\" height=\"470\" srcset=\"https:\/\/www.leccecronaca.it\/wordpress\/wp-content\/uploads\/2025\/10\/1000108867-716x1024.jpg 716w, https:\/\/www.leccecronaca.it\/wordpress\/wp-content\/uploads\/2025\/10\/1000108867-210x300.jpg 210w, https:\/\/www.leccecronaca.it\/wordpress\/wp-content\/uploads\/2025\/10\/1000108867.jpg 733w\" sizes=\"(max-width: 329px) 100vw, 329px\" \/><\/figure>\n\n\n\n<p>Il Salone delle Eccellenze del Made in Italy si conferma cos\u00ec uno spazio unico nel panorama nazionale: un luogo dove tradizione e innovazione si incontrano, dove l\u2019Italia produttiva si racconta e dove \u2014 soprattutto \u2014 le aziende possono trovare partner, capitali, mercati, visibilit\u00e0 e aumentando anche il portafoglio clienti.Le aziende interessate a partecipare alla fiera come espositori, partner o protagoniste dei B2B riservati con investitori e manager internazionali, possono richiedere l\u2019accredito ufficiale e ricevere il materiale informativo dedicato. <\/p>\n\n\n\n<p><\/p>\n\n\n\n<p>Sono ammessi brand, aziende, startup e realt\u00e0 produttive di ogni settore merceologico legato al Made in Italy. Le selezioni sono aperte e i posti disponibili verranno assegnati fino al raggiungimento del numero massimo degli espositori.Il Made in Italy non \u00e8 soltanto un marchio: \u00e8 un battito, un\u2019identit\u00e0, una fiaccola che illumina il mondo con la creativit\u00e0, la passione e il coraggio delle nostre imprese. Questo Convegno nasce proprio per loro: per gli artigiani che trasformano la materia in arte, per gli imprenditori che non smettono di sognare, per le aziende che ogni giorno portano nel mondo il valore di un Paese unico, ricco di storia, bellezza e visione. Dal cuore di un castello antico, nel Salento, con lo sguardo rivolto al futuro e ai mercati globali, la quarta edizione di Unitaly-Fiera vuole essere un patto, una rinascita, una promessa: unire le eccellenze, farle crescere e accompagnarle oltre i confini, l\u00e0 dove l\u2019Italia pu\u00f2 e deve essere protagonista.<\/p>\n\n\n\n<p>Per tutte le info potete scrivere a info@chateaudaxnewform.it<\/p>\n\n\n\n<figure class=\"wp-block-image size-full\"><img decoding=\"async\" loading=\"lazy\" width=\"1024\" height=\"1024\" src=\"https:\/\/www.leccecronaca.it\/wordpress\/wp-content\/uploads\/2025\/10\/1000111470.jpg\" alt=\"\" class=\"wp-image-250671\" srcset=\"https:\/\/www.leccecronaca.it\/wordpress\/wp-content\/uploads\/2025\/10\/1000111470.jpg 1024w, https:\/\/www.leccecronaca.it\/wordpress\/wp-content\/uploads\/2025\/10\/1000111470-300x300.jpg 300w, https:\/\/www.leccecronaca.it\/wordpress\/wp-content\/uploads\/2025\/10\/1000111470-150x150.jpg 150w, https:\/\/www.leccecronaca.it\/wordpress\/wp-content\/uploads\/2025\/10\/1000111470-768x768.jpg 768w, https:\/\/www.leccecronaca.it\/wordpress\/wp-content\/uploads\/2025\/10\/1000111470-60x60.jpg 60w\" sizes=\"(max-width: 1024px) 100vw, 1024px\" \/><\/figure>\n<fb:like href='https:\/\/www.leccecronaca.it\/index.php\/2025\/10\/26\/al-castello-di-corigliano-dotranto-in-vetrina-il-made-in-italy-con-il-iv-convegno-nazionale-unitaly-fiera\/' send='true' layout='button_count' show_faces='true' width='450' height='65' action='recommend' colorscheme='light' font='lucida grande'><\/fb:like><span class=\"fb_share\"><fb:like href=\"https:\/\/www.leccecronaca.it\/index.php\/2025\/10\/26\/al-castello-di-corigliano-dotranto-in-vetrina-il-made-in-italy-con-il-iv-convegno-nazionale-unitaly-fiera\/\" layout=\"button_count\"><\/fb:like><\/span>","protected":false},"excerpt":{"rendered":"<p>Tre giornate tra imprese, innovazione, export, moda sostenibile e finanza. Obiettivo: spingere le PMI italiane verso i mercati internazionali. Attesi 70 espositori e oltte 15.000 visitatori. \u00c8 tutto pronto per il IV Convegno Nazionale Unitaly-Fiera, organizzato da Chateau d\u2019Ax New Form, la manifestazione che punta a valorizzare le eccellenze produttive italiane e a creare reali [&hellip;]<\/p>\n","protected":false},"author":4,"featured_media":250668,"comment_status":"open","ping_status":"closed","sticky":false,"template":"","format":"standard","meta":[],"categories":[1,69],"tags":[],"_links":{"self":[{"href":"https:\/\/www.leccecronaca.it\/index.php\/wp-json\/wp\/v2\/posts\/250665"}],"collection":[{"href":"https:\/\/www.leccecronaca.it\/index.php\/wp-json\/wp\/v2\/posts"}],"about":[{"href":"https:\/\/www.leccecronaca.it\/index.php\/wp-json\/wp\/v2\/types\/post"}],"author":[{"embeddable":true,"href":"https:\/\/www.leccecronaca.it\/index.php\/wp-json\/wp\/v2\/users\/4"}],"replies":[{"embeddable":true,"href":"https:\/\/www.leccecronaca.it\/index.php\/wp-json\/wp\/v2\/comments?post=250665"}],"version-history":[{"count":4,"href":"https:\/\/www.leccecronaca.it\/index.php\/wp-json\/wp\/v2\/posts\/250665\/revisions"}],"predecessor-version":[{"id":250674,"href":"https:\/\/www.leccecronaca.it\/index.php\/wp-json\/wp\/v2\/posts\/250665\/revisions\/250674"}],"wp:featuredmedia":[{"embeddable":true,"href":"https:\/\/www.leccecronaca.it\/index.php\/wp-json\/wp\/v2\/media\/250668"}],"wp:attachment":[{"href":"https:\/\/www.leccecronaca.it\/index.php\/wp-json\/wp\/v2\/media?parent=250665"}],"wp:term":[{"taxonomy":"category","embeddable":true,"href":"https:\/\/www.leccecronaca.it\/index.php\/wp-json\/wp\/v2\/categories?post=250665"},{"taxonomy":"post_tag","embeddable":true,"href":"https:\/\/www.leccecronaca.it\/index.php\/wp-json\/wp\/v2\/tags?post=250665"}],"curies":[{"name":"wp","href":"https:\/\/api.w.org\/{rel}","templated":true}]}}