{"id":250697,"date":"2025-10-28T00:03:00","date_gmt":"2025-10-27T23:03:00","guid":{"rendered":"https:\/\/www.leccecronaca.it\/?p=250697"},"modified":"2025-10-27T14:00:10","modified_gmt":"2025-10-27T13:00:10","slug":"lintervista-maria-raffaella-santoro-dopo-la-presentazione-a-napoli-del-sul-libro-questa-presentazione-per-me-ha-rappresentato-un-momento-di-forte-emozione-ho-potuto-esprimere-il-mio-profondo","status":"publish","type":"post","link":"https:\/\/www.leccecronaca.it\/index.php\/2025\/10\/28\/lintervista-maria-raffaella-santoro-dopo-la-presentazione-a-napoli-del-sul-libro-questa-presentazione-per-me-ha-rappresentato-un-momento-di-forte-emozione-ho-potuto-esprimere-il-mio-profondo\/","title":{"rendered":"L&#8217;INTERVISTA \/ MARIA RAFFAELLA SANTORO, A NAPOLI PER IL SUO LIBRO: &#8220;Questa presentazione per me ha rappresentato un momento di forte emozione, ho potuto esprimere il mio profondo desiderio di parlare di Dio e del mio amore per Lui\u201d"},"content":{"rendered":"\n<p><img decoding=\"async\" loading=\"lazy\" width=\"747\" height=\"808\" class=\"wp-image-250701\" style=\"width: 1500px;\" src=\"https:\/\/www.leccecronaca.it\/wordpress\/wp-content\/uploads\/2025\/10\/RSCOVER.jpg\" alt=\"\" srcset=\"https:\/\/www.leccecronaca.it\/wordpress\/wp-content\/uploads\/2025\/10\/RSCOVER.jpg 747w, https:\/\/www.leccecronaca.it\/wordpress\/wp-content\/uploads\/2025\/10\/RSCOVER-277x300.jpg 277w\" sizes=\"(max-width: 747px) 100vw, 747px\" \/><\/p>\n\n\n\n<p>di <strong>Cristina Pipoli ______________<\/strong><\/p>\n\n\n\n<p>IL 17 OTTOBRE MARIA RAFFAELLA SANTORO HA PRESENTATO IL SUO LIBRO \u201cDALLA LUCE AL BUIO E&#8230;RITORNO. IL MIRACOLO DEL SIGNORE\u201d: \u201cMi piace molto ci\u00f2 che dice Gino Giaculli definendo il mio libro un potentissimo inno alla vita e alla speranza. Questa presentazione per me ha rappresentato un momento di forte emozione in quanto ho potuto esprimere il mio profondo desiderio di parlare di Dio e del mio amore per Lui.\u201d<\/p>\n\n\n\n<p><\/p>\n\n\n\n<p>D- Dove ha presentato il suo libro il 17 ottobre?<\/p>\n\n\n\n<p>R- &#8220;Il mio libro \u00e8 stato presentato a Napoli presso la splendida biblio mediateca Ethos e&nbsp; Nomos in via Bernini&#8221;.<\/p>\n\n\n\n<p><\/p>\n\n\n\n<p>D- Cosa vuole dirci sul pubblico?<\/p>\n\n\n\n<p>R- &#8220;Il pubblico era composto soprattutto dai miei amici e da alcuni parenti. Cosa che ha reso questo incontro emotivamente molto coinvolgente per me. Napoli \u00e8 la mia citt\u00e0 di nascita&nbsp; pertanto rivedere&nbsp; amici carissimi e parenti stretti mi ha fatto decisamente piacere. Tutto \u00e8 iniziato con abbracci e sorrisi e col cuore colmo di gioia e di stupore&#8221;.<\/p>\n\n\n\n<p><\/p>\n\n\n\n<p>D- Chi ha presentato il suo libro?<\/p>\n\n\n\n<p>R- &#8220;L&#8217;incontro \u00e8&nbsp; stato condotto&nbsp; con competenza e maestria dalla brava giornalista Laura Bufano. Ha dapprima introdotto sinteticamente il prologo della vicenda autobiografica narrata nel mio romanzo e successivamente ha chiesto ai relatori di rileggere fatti e eventi da pi\u00f9 punti di vista: la fede e la ragione&#8221;.<\/p>\n\n\n\n<p><\/p>\n\n\n\n<p>D- Ci sono stati degli interventi particolari?<\/p>\n\n\n\n<p>R- &#8220;Sono intervenuti in rigoroso ordine alfabetico:<\/p>\n\n\n\n<p>-Raffaele Felaco, ex Presidente Ordine dei Psicologi<\/p>\n\n\n\n<p>-Gino Giaculli, gi\u00e0 vice direttore presso il Mattino, e scrittore<\/p>\n\n\n\n<p>-Maria Rosaria Riccio, scrittrice e psicologa<\/p>\n\n\n\n<p>-Don Francesco Velotto,&nbsp; Parroco della Parrocchia Immacolata a Taverna Noce, tra Ponticelli e Volla. Professore di Sacra Scrittura presso la facolt\u00e0 Teologica dell\u2019Italia Meridionale e presso l\u2019Istituto Superiore di Scienze Religiose Donnaregina.<\/p>\n\n\n\n<p>-Luciana Mastrangelo con la sua estemporanea di pittura.<\/p>\n\n\n\n<p>-Considerazioni di M. Maria Rosaria Riccio: lei ritiene che dentro di noi abbiamo le potenzialit\u00e0 di vivere ci\u00f2 che ho vissuto io e che dentro di noi c&#8217;\u00e8&nbsp; la possibilit\u00e0 di sentire la forza dell&#8217;amore che viene da Ges\u00f9<\/p>\n\n\n\n<p>-Don Francesco Velotto: Don Francesco ha messo in evidenza la connessione profonda che c&#8217;\u00e8 tra preghiera e respiro e che la preghiera spesso si nutre anche di un affanno.<\/p>\n\n\n\n<p><\/p>\n\n\n\n<p>In seguito il Dott. Felaco ha spiegato cosa avviene dal punto di vista psicologico quando viviamo esperienze molto intense che rimangono profondamente radicate nella nostra mente.<\/p>\n\n\n\n<p>In conclusione il giornalista Gino Giaculli commenta il mio libro definendolo un&#8217;operazione verit\u00e0 che ha il fine ultimo della testimonianza. Sono pagine impressionanti ma anche confortanti. E parla del mio libro come un dono, un regalo,&nbsp; un libro che coniuga grazia e fede. E lo definisce come un potentissimo inno alla vita e alla speranza&#8221;.<\/p>\n\n\n\n<p><\/p>\n\n\n\n<p>D- Cosa l&#8217;\u00e8 piaciuto di pi\u00f9 della serata?<\/p>\n\n\n\n<p>R- &#8220;Raccontare della mia vita e ricevere ascolto e empatia da parte del pubblico&#8221;.<\/p>\n\n\n\n<p><\/p>\n\n\n\n<p>D- Vuole condividere con i lettori la sua esperienza?<\/p>\n\n\n\n<p>R- &#8220;Il 12 agosto 2012 per una emorragia cerebrale io entro in coma.<\/p>\n\n\n\n<p>Vengono sintetizzati i fatti narrati, il dolore dei miei cari, i dubbi sulla mia possibilit\u00e0 di riprendermi e l&#8217;angoscia di mio marito e mio figlio.<\/p>\n\n\n\n<p>Mentre la macchina dei soccorsi si era attivata io ero stata portata in ospedale e mio marito era stato avvisato della terribile diagnosi, la giornalista ha voluto che io descrivessi ci\u00f2 che ricordavo di quei momenti.&nbsp;<\/p>\n\n\n\n<p>Ho raccontato soprattutto&nbsp; il senso di gioia e beatitudine nel quale mi trovavo mentre mio marito e i miei cari erano in uno stato di profonda da apprensione,&nbsp; miei ricordi nel coma e i miei incontri meravigliosi.<\/p>\n\n\n\n<p>Io mi trovavo in un momento di dolore in cui la mia fede cominciava a vacillare. Ho raccontato dell&#8217;esperienza sconvolgente che&nbsp; ho fatto attraverso un corso di evangelizzazioneche si chiamava &#8216;Nuova Vita&#8217;, e come, in un momento intenso di preghiera, io abbia sentito&nbsp; il mio&nbsp; cuore invaso dall&#8217;Amore del Signore.<\/p>\n\n\n\n<p>Si tratta di quindici orazioni da recitarsi per un anno. Ges\u00f9 aveva donato queste orazioni a santa Brigida durante una visione e le aveva anche arricchite con meravigliose promesse.<\/p>\n\n\n\n<p>Ges\u00f9, apparendo a santa Brigida, le disse: &#8216;Figlia mia, ho ricevuto (durante la Passione) 5480 colpi. Se tu vorrai onorarli, dirai 15 Padre Nostro e 15 Ave Maria con le seguenti orazioni (che le insegn\u00f2), durante un anno. Trascorso l\u2019anno, tu avrai salutato ognuna delle mie piaghe&#8217;.<\/p>\n\n\n\n<p>Non fu sempre facile per me essere fedele a questo impegno, era necessario dedicarvi almeno 30 o 40 minuti al giorno e, a volte, non sempre riuscivo a trovare il tempo, tra il lavoro e gli impegni di mamma e di moglie, dovevo pregare prima di dormire e questo capitava anche a tarda notte. Per\u00f2, con somma gioia, arriivai a completare tutto l\u2019anno di preghiere senza saltare un solo giorno. Che felicit\u00e0!<\/p>\n\n\n\n<p>Finito l\u2019impegno, potevo e dovevo ritenermi soddisfatta, ma non fu cosi, pertanto decisidi aderire anche alle orazioni di santa Brigida che avevano una durata di dodici anni. Erano pi\u00f9 brevi perch\u00e9 erano soltanto sette orazioni, ma andavano recitate per dodici anni costantemente.&nbsp;<\/p>\n\n\n\n<p>\u00c8&nbsp; stato letto un brano del mio libro riguarda le Orazioni di santa Brigida poich\u00e9 dopo questa profonda esperienza di fede ho desiderato fare di pi\u00f9 per Dio ed ho trovato un&#8217;antica preghiera che doveva essere recitata per un anno intero&#8221;.<\/p>\n\n\n\n<p><\/p>\n\n\n\n<p>D- Ricorda qualcosa in particolare di quei giorni?<\/p>\n\n\n\n<p>R- &#8220;Ecco cosa ricordo nitidamente: &#8216;Un uomo giovane, alto, forte mi si avvicina.<\/p>\n\n\n\n<p>Ha un abito bianco, lungo. &#8211; \u00c8 Ges\u00f9 ! Mi sento felice,&nbsp; non ho domande, mi sento piena d\u2019 Amore, Gioia, Pace. Mi sento amata, immensamente amata. Sono nella Vita.<\/p>\n\n\n\n<p>La signora Bufano ha voluto fare&nbsp; un passo indietro, mi ha chiesto del periodo in cui avevo perso sia la mia amata mamma sia poco dopo anche mio padre.<\/p>\n\n\n\n<p>Le tre persone che io ho visto in coma e&nbsp; di cui faccio riferimento nel mio libro e che ho definito essere la&nbsp; Trinit\u00e0,&nbsp; lui ha fatto notare che anche Sant&#8217;Agostino a proposito del brano in Genesi18 quando si parla di Abramo viene visitato da tre persone: era con con la moglie Sara nel deserto e vicino alla loro tenda si presentano&nbsp; questi tre uomini che si avvicinarono. Abramo&nbsp; si rivolge a loro con un termine al singolare, ebbene&nbsp; Sant&#8217;Agostino&nbsp; considera che per la prima volta nell&#8217;antico Testamento si parla della Trinit\u00e0&#8221;.<\/p>\n\n\n\n<p><\/p>\n\n\n\n<p>D- Come descriverebbe Napoli ai turisti?<\/p>\n\n\n\n<p>R- &#8220;Napoli \u00e8 la mia citt\u00e0 di Nascita, vivo da tanti anni a Roma ma le mie mie radici sono l\u00e0.&nbsp; \u00c8 sempre una festa ritornarci, i colori, il panorama che si ammira \u00e8 sempre incantevole. Napoli si affaccia sul mare e si rimane incantati ad ammirarla. <\/p>\n\n\n\n<p>Per non parlare delle cose buone che consiglio di assaggiare&#8221;.&nbsp;<\/p>\n\n\n\n<p><\/p>\n\n\n\n<p>D- Cosa consiglia di assaggiare a chi va a visitarla?<\/p>\n\n\n\n<p>R- &#8220;Naturalmente la pizza, ma anche il pane \u00e8 buonissimo, tipici sono i taralli sugna e pepe che consiglio di gustare con un bicchiere di birra. Sicuramente non bisogna dimenticare di bere il caff\u00e8 che ha un aroma squisito che fa si che chi va a Napoli passi da un bar all&#8217;altro per berne pi\u00f9 di uno. Per non parlare della mozzarella e della provola affumicata che non hanno uguali. Insomma se vai a Napoli puoi dissetare il desiderio di incantevoli scenari e di cibi e bevande unici. Ghoethe diceva &#8216;vedi Napoli e poi muori&#8217;. Ed \u00e8&nbsp; proprio vero!<\/p>\n\n\n\n<p>\u201cVoglio aggiungere in conclusione che l&#8217;incontro \u00e8 stato condotto magistralmente dalla bravissima giornalista Laura Bufano che ha saputo coordinare gli interventi con sensibilit\u00e0 e professionalit\u00e0, consentendomi di esprimere i miei sentimenti profondi che mi hanno condotta a scrivere questo romanzo autobiografico. A lei va il mio grazie di cuore, ma sento il bisogno di ringraziare anche tutti i relatori che sono riusciti ad esplorare e a far emergere le varie sfaccettature che sono insite nel mio libro. Infine un grazie speciale a Luciana Mastrangelo, pittrice, che ha realizzato in estemporanea un bellissimo quadro\u201c.<\/p>\n\n\n\n<p><\/p>\n\n\n\n<p><img decoding=\"async\" loading=\"lazy\" width=\"1920\" height=\"1371\" class=\"wp-image-250703\" style=\"width: 800px;\" src=\"https:\/\/www.leccecronaca.it\/wordpress\/wp-content\/uploads\/2025\/10\/RSFONDO.jpg\" alt=\"\" srcset=\"https:\/\/www.leccecronaca.it\/wordpress\/wp-content\/uploads\/2025\/10\/RSFONDO.jpg 1920w, https:\/\/www.leccecronaca.it\/wordpress\/wp-content\/uploads\/2025\/10\/RSFONDO-300x214.jpg 300w, https:\/\/www.leccecronaca.it\/wordpress\/wp-content\/uploads\/2025\/10\/RSFONDO-1024x731.jpg 1024w, https:\/\/www.leccecronaca.it\/wordpress\/wp-content\/uploads\/2025\/10\/RSFONDO-768x548.jpg 768w, https:\/\/www.leccecronaca.it\/wordpress\/wp-content\/uploads\/2025\/10\/RSFONDO-1536x1097.jpg 1536w\" sizes=\"(max-width: 1920px) 100vw, 1920px\" \/><\/p>\n<fb:like href='https:\/\/www.leccecronaca.it\/index.php\/2025\/10\/28\/lintervista-maria-raffaella-santoro-dopo-la-presentazione-a-napoli-del-sul-libro-questa-presentazione-per-me-ha-rappresentato-un-momento-di-forte-emozione-ho-potuto-esprimere-il-mio-profondo\/' send='true' layout='button_count' show_faces='true' width='450' height='65' action='recommend' colorscheme='light' font='lucida grande'><\/fb:like><span class=\"fb_share\"><fb:like href=\"https:\/\/www.leccecronaca.it\/index.php\/2025\/10\/28\/lintervista-maria-raffaella-santoro-dopo-la-presentazione-a-napoli-del-sul-libro-questa-presentazione-per-me-ha-rappresentato-un-momento-di-forte-emozione-ho-potuto-esprimere-il-mio-profondo\/\" layout=\"button_count\"><\/fb:like><\/span>","protected":false},"excerpt":{"rendered":"<p>di Cristina Pipoli ______________ IL 17 OTTOBRE MARIA RAFFAELLA SANTORO HA PRESENTATO IL SUO LIBRO \u201cDALLA LUCE AL BUIO E&#8230;RITORNO. IL MIRACOLO DEL SIGNORE\u201d: \u201cMi piace molto ci\u00f2 che dice Gino Giaculli definendo il mio libro un potentissimo inno alla vita e alla speranza. Questa presentazione per me ha rappresentato un momento di forte emozione [&hellip;]<\/p>\n","protected":false},"author":4,"featured_media":250701,"comment_status":"open","ping_status":"closed","sticky":false,"template":"","format":"standard","meta":[],"categories":[1,31,75,57],"tags":[],"_links":{"self":[{"href":"https:\/\/www.leccecronaca.it\/index.php\/wp-json\/wp\/v2\/posts\/250697"}],"collection":[{"href":"https:\/\/www.leccecronaca.it\/index.php\/wp-json\/wp\/v2\/posts"}],"about":[{"href":"https:\/\/www.leccecronaca.it\/index.php\/wp-json\/wp\/v2\/types\/post"}],"author":[{"embeddable":true,"href":"https:\/\/www.leccecronaca.it\/index.php\/wp-json\/wp\/v2\/users\/4"}],"replies":[{"embeddable":true,"href":"https:\/\/www.leccecronaca.it\/index.php\/wp-json\/wp\/v2\/comments?post=250697"}],"version-history":[{"count":6,"href":"https:\/\/www.leccecronaca.it\/index.php\/wp-json\/wp\/v2\/posts\/250697\/revisions"}],"predecessor-version":[{"id":250722,"href":"https:\/\/www.leccecronaca.it\/index.php\/wp-json\/wp\/v2\/posts\/250697\/revisions\/250722"}],"wp:featuredmedia":[{"embeddable":true,"href":"https:\/\/www.leccecronaca.it\/index.php\/wp-json\/wp\/v2\/media\/250701"}],"wp:attachment":[{"href":"https:\/\/www.leccecronaca.it\/index.php\/wp-json\/wp\/v2\/media?parent=250697"}],"wp:term":[{"taxonomy":"category","embeddable":true,"href":"https:\/\/www.leccecronaca.it\/index.php\/wp-json\/wp\/v2\/categories?post=250697"},{"taxonomy":"post_tag","embeddable":true,"href":"https:\/\/www.leccecronaca.it\/index.php\/wp-json\/wp\/v2\/tags?post=250697"}],"curies":[{"name":"wp","href":"https:\/\/api.w.org\/{rel}","templated":true}]}}