{"id":250718,"date":"2025-10-28T00:02:00","date_gmt":"2025-10-27T23:02:00","guid":{"rendered":"https:\/\/www.leccecronaca.it\/?p=250718"},"modified":"2025-10-27T13:59:22","modified_gmt":"2025-10-27T12:59:22","slug":"novita-editoriali-lesordio-letterario-di-licia-calderaro-con-ibisco-rosso-romanzo-di-formazione-fra-solitudine-ed-emarginazione","status":"publish","type":"post","link":"https:\/\/www.leccecronaca.it\/index.php\/2025\/10\/28\/novita-editoriali-lesordio-letterario-di-licia-calderaro-con-ibisco-rosso-romanzo-di-formazione-fra-solitudine-ed-emarginazione\/","title":{"rendered":"NOVITA&#8217; EDITORIALI \/ L&#8217;ESORDIO LETTERARIO DI LICIA CALDERARO CON &#8220;Ibisco rosso&#8221;, ROMANZO DI FORMAZIONE FRA SOLITUDINE ED EMARGINAZIONE"},"content":{"rendered":"\n<p><img decoding=\"async\" loading=\"lazy\" width=\"1200\" height=\"1600\" class=\"wp-image-250720\" style=\"width: 1500px;\" src=\"https:\/\/www.leccecronaca.it\/wordpress\/wp-content\/uploads\/2025\/10\/Licia-Calderaro-IbiscoRosso.jpg\" alt=\"\" srcset=\"https:\/\/www.leccecronaca.it\/wordpress\/wp-content\/uploads\/2025\/10\/Licia-Calderaro-IbiscoRosso.jpg 1200w, https:\/\/www.leccecronaca.it\/wordpress\/wp-content\/uploads\/2025\/10\/Licia-Calderaro-IbiscoRosso-225x300.jpg 225w, https:\/\/www.leccecronaca.it\/wordpress\/wp-content\/uploads\/2025\/10\/Licia-Calderaro-IbiscoRosso-768x1024.jpg 768w, https:\/\/www.leccecronaca.it\/wordpress\/wp-content\/uploads\/2025\/10\/Licia-Calderaro-IbiscoRosso-1152x1536.jpg 1152w\" sizes=\"(max-width: 1200px) 100vw, 1200px\" \/><\/p>\n\n\n\n<p>Comunicazione dell&#8217;editore _____________<\/p>\n\n\n\n<p><strong>&#8220;Ibisco rosso&#8221;: L&#8217;esordio di Licia Calderaro. La poetica della fragilit\u00e0 come coraggio di rinascere.<\/strong><\/p>\n\n\n\n<p>Pubblicato da I Quaderni del Bardo Edizioni di Stefano Donno , il romanzo d&#8217;esordio dell&#8217;autrice pugliese scava nel trauma psicologico e nella solitudine , trasformando il simbolo di un fiore nella metafora di una determinata rinascita.<\/p>\n\n\n\n<p><strong>LECCE\/MONOPOLI<\/strong> \u2013 [ottobre 2025] \u2013 Esiste un&#8217;et\u00e0 per smettere di sentirsi sbagliati? E quanto rumore fa un trauma che continua a riecheggiare nel presente? <em>Ibisco rosso<\/em> (I Quaderni del Bardo Edizioni di Stefano Donno), folgorante romanzo d&#8217;esordio di Licia Calderaro, non \u00e8 una semplice storia. \u00c8 un&#8217;immersione viscerale, a tratti brutale, nelle &#8220;urla represse&#8221; di una giovane donna che lotta per liberarsi dai fantasmi del bullismo e dall&#8217;ombra di un&#8217;autostima distrutta.<\/p>\n\n\n\n<p>Il romanzo, ambientato in una Monopoli vivida e malinconica, ci presenta <strong>Francesca<\/strong>. <\/p>\n\n\n\n<p>A trent&#8217;anni , si sente &#8220;bassa e minuta&#8221;, inadeguata, e porta sulla pelle e nell&#8217;anima le cicatrici delle crudelt\u00e0 subite nell&#8217;adolescenza. La sua \u00e8 un&#8217;esistenza precaria, vissuta dietro una maschera di solitudine e lavori saltuari.<\/p>\n\n\n\n<p>L&#8217;equilibrio si spezza quando il passato ritorna con il volto di <strong>Simone<\/strong> , l&#8217;artefice della sua umiliazione pi\u00f9 profonda , e con l&#8217;incontro di <strong>Leonardo<\/strong>, un anziano ex alcolista che, con la saggezza ruvida di chi ha gi\u00e0 vissuto il proprio inverno, le offre il simbolo del romanzo: un fiore di ibisco rosso.<\/p>\n\n\n\n<p><em>Ibisco rosso<\/em> si distingue per il coraggio di affrontare la narrazione senza filtri consolatori. Calderaro utilizza una prosa diretta e introspettiva per esplorare la depressione, la dismorfofobia e la ricerca di un&#8217;identit\u00e0.<\/p>\n\n\n\n<p>&#8220;No, non si \u00e8 nudi quando la nostra pelle \u00e8 scoperta,&#8221; riflette la protagonista in uno dei passaggi pi\u00f9 intensi del libro, &#8220;si \u00e8 nudi quando non si ha paura di mostrarsi per quello che si \u00e8, quando si ha il coraggio di sputare tutte le sostante dannose, represse nella nostra anima&#8230;&#8221;<\/p>\n\n\n\n<p>Lungi dall&#8217;essere unicamente un romanzo sul trauma, <em>Ibisco rosso<\/em> \u00e8, soprattutto, un <strong>Bildungsroman<\/strong> della maturit\u00e0. La guarigione di Francesca non passa solo attraverso la difficile e ambigua riconciliazione con Simone , ma si nutre di una sorprendente e necessaria solidariet\u00e0 femminile. Saranno figure come <strong>Anna<\/strong> , l&#8217;amica materna custode di un doloroso segreto , e <strong>Angelique<\/strong> , l&#8217;apparente &#8220;rivale&#8221; che si riveler\u00e0 uno specchio delle stesse insicurezze, a fornire a Francesca gli strumenti per ricostruirsi.<\/p>\n\n\n\n<p>Sar\u00e0 Leonardo, in punto di morte, a svelare il vero significato del fiore: non solo &#8220;fragilit\u00e0 fugace&#8221;, ma la capacit\u00e0 di &#8220;superare l&#8217;inverno continuando a fiorire&#8221; , simbolo di &#8220;determinazione, coraggio, l&#8217;indipendenza e la fiducia in s\u00e9 stessi&#8221;.<\/p>\n\n\n\n<p>Con uno stile che non teme la malinconia ma la usa come motore narrativo, Licia Calderaro firma un&#8217;opera prima matura e disarmante, che parla a una generazione di &#8220;anime nuove&#8221; che cercano il proprio posto nel mondo, non pi\u00f9 da vittime, ma da combattenti.<\/p>\n\n\n\n<p><strong>L&#8217;Autrice:<\/strong><\/p>\n\n\n\n<p><strong>Felicia &#8220;Licia&#8221; Calderaro<\/strong> \u00e8 nata a Monopoli (Ba) nel 1987, dove risiede. <em>Ibisco rosso<\/em> \u00e8 il suo primo romanzo. Ha partecipato in passato a progetti letterari come &#8220;Letture in quarantena&#8221; (2020) e &#8220;Scrittori e poeti si presentano&#8221; (2024).<\/p>\n\n\n\n<p><strong>La Casa Editrice:<\/strong><\/p>\n\n\n\n<p><strong>I Quaderni del Bardo Edizioni di Stefano Donno<\/strong> , con sede a Sannicola (LE), \u00e8 una realt\u00e0 editoriale radicata nel Salento, nota per la sua ricerca di voci autentiche nel panorama della narrativa e della poesia contemporanea nazionale e internazionale.<\/p>\n\n\n\n<p><img decoding=\"async\" loading=\"lazy\" width=\"1014\" height=\"1562\" class=\"wp-image-250719\" style=\"width: 600px;\" src=\"https:\/\/www.leccecronaca.it\/wordpress\/wp-content\/uploads\/2025\/10\/DEF_Prima-di-Copertina_Ibisco-Rosso.jpg\" alt=\"\" srcset=\"https:\/\/www.leccecronaca.it\/wordpress\/wp-content\/uploads\/2025\/10\/DEF_Prima-di-Copertina_Ibisco-Rosso.jpg 1014w, https:\/\/www.leccecronaca.it\/wordpress\/wp-content\/uploads\/2025\/10\/DEF_Prima-di-Copertina_Ibisco-Rosso-195x300.jpg 195w, https:\/\/www.leccecronaca.it\/wordpress\/wp-content\/uploads\/2025\/10\/DEF_Prima-di-Copertina_Ibisco-Rosso-665x1024.jpg 665w, https:\/\/www.leccecronaca.it\/wordpress\/wp-content\/uploads\/2025\/10\/DEF_Prima-di-Copertina_Ibisco-Rosso-768x1183.jpg 768w, https:\/\/www.leccecronaca.it\/wordpress\/wp-content\/uploads\/2025\/10\/DEF_Prima-di-Copertina_Ibisco-Rosso-997x1536.jpg 997w\" sizes=\"(max-width: 1014px) 100vw, 1014px\" \/><\/p>\n\n\n\n<p><\/p>\n\n\n\n<p><strong>Dettagli del volume:<\/strong><\/p>\n\n\n\n<ul>\n<li><strong>Titolo:<\/strong> Ibisco rosso<\/li>\n\n\n\n<li><strong>Autrice:<\/strong> Licia Calderaro<\/li>\n\n\n\n<li><strong>Editore:<\/strong> I Quaderni del Bardo Edizioni di Stefano Donno<\/li>\n\n\n\n<li><strong>Data di pubblicazione:<\/strong> Prima edizione, Ottobre 2025<\/li>\n\n\n\n<li><\/li>\n<\/ul>\n\n\n\n<p>I Quaderni del Bardo Edizioni Email: <a href=\"mailto:iquadernidelbardoed@libero.it\">iquadernidelbardoed@libero.it<\/a><\/p>\n\n\n\n<p>Sito Web: <a href=\"https:\/\/www.quadernidelbardoedizionilecce.it\/\" target=\"_blank\" rel=\"noreferrer noopener\">https:\/\/www.quadernidelbardoedizionilecce.it\/<\/a><\/p>\n\n\n\n<p>Sito Web: <a href=\"https:\/\/www.quadernidelbardoedizionilecce.it\/\" target=\"_blank\" rel=\"noreferrer noopener\">https:\/\/www.quadernidelbardoedizionilecce.it\/<\/a><\/p>\n<fb:like href='https:\/\/www.leccecronaca.it\/index.php\/2025\/10\/28\/novita-editoriali-lesordio-letterario-di-licia-calderaro-con-ibisco-rosso-romanzo-di-formazione-fra-solitudine-ed-emarginazione\/' send='true' layout='button_count' show_faces='true' width='450' height='65' action='recommend' colorscheme='light' font='lucida grande'><\/fb:like><span class=\"fb_share\"><fb:like href=\"https:\/\/www.leccecronaca.it\/index.php\/2025\/10\/28\/novita-editoriali-lesordio-letterario-di-licia-calderaro-con-ibisco-rosso-romanzo-di-formazione-fra-solitudine-ed-emarginazione\/\" layout=\"button_count\"><\/fb:like><\/span>","protected":false},"excerpt":{"rendered":"<p>Comunicazione dell&#8217;editore _____________ &#8220;Ibisco rosso&#8221;: L&#8217;esordio di Licia Calderaro. La poetica della fragilit\u00e0 come coraggio di rinascere. Pubblicato da I Quaderni del Bardo Edizioni di Stefano Donno , il romanzo d&#8217;esordio dell&#8217;autrice pugliese scava nel trauma psicologico e nella solitudine , trasformando il simbolo di un fiore nella metafora di una determinata rinascita. LECCE\/MONOPOLI \u2013 [&hellip;]<\/p>\n","protected":false},"author":4,"featured_media":250720,"comment_status":"open","ping_status":"closed","sticky":false,"template":"","format":"standard","meta":[],"categories":[31,57],"tags":[],"_links":{"self":[{"href":"https:\/\/www.leccecronaca.it\/index.php\/wp-json\/wp\/v2\/posts\/250718"}],"collection":[{"href":"https:\/\/www.leccecronaca.it\/index.php\/wp-json\/wp\/v2\/posts"}],"about":[{"href":"https:\/\/www.leccecronaca.it\/index.php\/wp-json\/wp\/v2\/types\/post"}],"author":[{"embeddable":true,"href":"https:\/\/www.leccecronaca.it\/index.php\/wp-json\/wp\/v2\/users\/4"}],"replies":[{"embeddable":true,"href":"https:\/\/www.leccecronaca.it\/index.php\/wp-json\/wp\/v2\/comments?post=250718"}],"version-history":[{"count":1,"href":"https:\/\/www.leccecronaca.it\/index.php\/wp-json\/wp\/v2\/posts\/250718\/revisions"}],"predecessor-version":[{"id":250721,"href":"https:\/\/www.leccecronaca.it\/index.php\/wp-json\/wp\/v2\/posts\/250718\/revisions\/250721"}],"wp:featuredmedia":[{"embeddable":true,"href":"https:\/\/www.leccecronaca.it\/index.php\/wp-json\/wp\/v2\/media\/250720"}],"wp:attachment":[{"href":"https:\/\/www.leccecronaca.it\/index.php\/wp-json\/wp\/v2\/media?parent=250718"}],"wp:term":[{"taxonomy":"category","embeddable":true,"href":"https:\/\/www.leccecronaca.it\/index.php\/wp-json\/wp\/v2\/categories?post=250718"},{"taxonomy":"post_tag","embeddable":true,"href":"https:\/\/www.leccecronaca.it\/index.php\/wp-json\/wp\/v2\/tags?post=250718"}],"curies":[{"name":"wp","href":"https:\/\/api.w.org\/{rel}","templated":true}]}}