{"id":252550,"date":"2025-12-11T00:03:00","date_gmt":"2025-12-10T23:03:00","guid":{"rendered":"https:\/\/www.leccecronaca.it\/?p=252550"},"modified":"2025-12-08T12:20:17","modified_gmt":"2025-12-08T11:20:17","slug":"il-natale-con-viera-ricette-e-proverbi-romagnoli-di-paola-mattioli","status":"publish","type":"post","link":"https:\/\/www.leccecronaca.it\/index.php\/2025\/12\/11\/il-natale-con-viera-ricette-e-proverbi-romagnoli-di-paola-mattioli\/","title":{"rendered":"IL NATALE CON &#8220;Viera Ricette e Proverbi Romagnoli&#8221; DI PAOLA MATTIOLI"},"content":{"rendered":"\n<p><img decoding=\"async\" loading=\"lazy\" width=\"1512\" height=\"1512\" class=\"wp-image-252551\" style=\"width: 1500px;\" src=\"https:\/\/www.leccecronaca.it\/wordpress\/wp-content\/uploads\/2025\/12\/COVERPIPO.jpeg\" alt=\"\" srcset=\"https:\/\/www.leccecronaca.it\/wordpress\/wp-content\/uploads\/2025\/12\/COVERPIPO.jpeg 1512w, https:\/\/www.leccecronaca.it\/wordpress\/wp-content\/uploads\/2025\/12\/COVERPIPO-300x300.jpeg 300w, https:\/\/www.leccecronaca.it\/wordpress\/wp-content\/uploads\/2025\/12\/COVERPIPO-1024x1024.jpeg 1024w, https:\/\/www.leccecronaca.it\/wordpress\/wp-content\/uploads\/2025\/12\/COVERPIPO-150x150.jpeg 150w, https:\/\/www.leccecronaca.it\/wordpress\/wp-content\/uploads\/2025\/12\/COVERPIPO-768x768.jpeg 768w, https:\/\/www.leccecronaca.it\/wordpress\/wp-content\/uploads\/2025\/12\/COVERPIPO-60x60.jpeg 60w\" sizes=\"(max-width: 1512px) 100vw, 1512px\" \/><\/p>\n\n\n\n<p>di <strong>Cristina Pipoli ____________<\/strong><\/p>\n\n\n\n<p>Ormai siamo vicini al Natale il giorno pi\u00f9 magico dell&#8217;anno, ma anche il giorno che molti Romagnoli considerano il pi\u00f9 importante.<\/p>\n\n\n\n<p>Per i Romagnoli il mangiare \u00e8 il regalo pi\u00f9 grande che il giorno possa dare.\u00a0<\/p>\n\n\n\n<p>Nelle fredde sere invernali, il camino (e camen) era il protagonista.\u00a0<\/p>\n\n\n\n<p>Perch\u00e9 \u00e8 cos\u00ec sentito il Natale per i Romagnoli?<\/p>\n\n\n\n<p>Perch\u00e9 ognuno a casa sua: al gal\u00e8n a \u00e8 su puler \u00a0(cio\u00e8 le galline nel suo pollaio).<\/p>\n\n\n\n<p><\/p>\n\n\n\n<p>Prima di approfondire come venga arricchita la tipica tavola natalizia, ci teniamo a dire che i chicchi d&#8217;uva la notte di Capodanno venivano usati per augurare fortuna e per far s\u00ec che la gente avesse tanto denaro.<\/p>\n\n\n\n<p>I resti di San Silvestro invece arricchivano la cena del Capodanno.<\/p>\n\n\n\n<p>Il vino non pu\u00f2 mancare: sulle tavole l&#8217;Albana \u00e8 la regina, un vino prodotto dall&#8217;omonimo vino romagnolo il pi\u00f9 apprezzato a livello nazionale.<\/p>\n\n\n\n<p><\/p>\n\n\n\n<p>Tra i primi di Natale ci sono i Cappelletti con tanto brodo caldo condito di verdure. Oggi si fanno con il parmigiano reggiano grattugiato. I cappelletti sono parenti stretti dei tortellini bolognesi e sono il primo piatto del pranzo di Natale.<\/p>\n\n\n\n<p>Tra i secondi invece la Mostarda con le mele e i formaggi come Casatella Romagnola, un formaggio che viene fatto dalle famiglie contadine, o la Robiola.<\/p>\n\n\n\n<p>Per i secondi Paola all&#8217;Interno del suo libro consiglia di accompagnarli con Romagna Burson.<\/p>\n\n\n\n<p>Ma anche i pomodori alla griglia o gratinati.<\/p>\n\n\n\n<p>Una volta si usava appendere la foglia della pianta del pomodoro (pandor) per combare l&#8217;assalto di ragni e mosche.<\/p>\n\n\n\n<p>Importata dall&#8217;America subito dopo la scoperta del Nuovo Mondo, questa pianta cominci\u00f2 a entrare nelle cucine Italiane, i bolognesi ancora oggi vantano una tradizione antichissima che \u00e8 quella della conserva.\u00a0<\/p>\n\n\n\n<p>E per finire sulla tavola natalizia non pu\u00f2 mancare il castagnaccio: un tempo questo dolce era molto diffuso nelle zone rurali era la pietanza dei ceti meno abbienti.<\/p>\n\n\n\n<p>Ma anche il ciambellone, le frittelle di riso e la zuppa inglese.<\/p>\n\n\n\n<p><\/p>\n\n\n\n<p><img decoding=\"async\" loading=\"lazy\" width=\"899\" height=\"1599\" class=\"wp-image-252552\" style=\"width: 800px;\" src=\"https:\/\/www.leccecronaca.it\/wordpress\/wp-content\/uploads\/2025\/12\/MEMA.jpeg\" alt=\"\" srcset=\"https:\/\/www.leccecronaca.it\/wordpress\/wp-content\/uploads\/2025\/12\/MEMA.jpeg 899w, https:\/\/www.leccecronaca.it\/wordpress\/wp-content\/uploads\/2025\/12\/MEMA-169x300.jpeg 169w, https:\/\/www.leccecronaca.it\/wordpress\/wp-content\/uploads\/2025\/12\/MEMA-576x1024.jpeg 576w, https:\/\/www.leccecronaca.it\/wordpress\/wp-content\/uploads\/2025\/12\/MEMA-768x1366.jpeg 768w, https:\/\/www.leccecronaca.it\/wordpress\/wp-content\/uploads\/2025\/12\/MEMA-864x1536.jpeg 864w\" sizes=\"(max-width: 899px) 100vw, 899px\" \/><\/p>\n\n\n\n<p><\/p>\n\n\n\n<p>In questi giorni Paola Mattioli ha avviato una bella iniziativa: ha creato una promozione natalizia con dedica personalizzata e gadget in omaggio tra spilla, penna, portachiave, segnalibro.<\/p>\n\n\n\n<p>Con i seguenti sconti sui libri:<\/p>\n\n\n\n<p>Vorrei da 9.90 a 8.00<\/p>\n\n\n\n<p>Libro Al di la&#8217; del cielo da 12.00 a 10.00 euro&nbsp;<\/p>\n\n\n\n<p>A Piccoli Passi da 12.00 a &nbsp;10.00 euro.<\/p>\n\n\n\n<p>Viera Un&#8217;italiana del&#8217;23 da 14.00 a 12.00 euro.<\/p>\n\n\n\n<p>Triologia di Viera, ricette e proverbi romagnoli da 15.00 a 12.00 ciascuno.<\/p>\n\n\n\n<p>Libro Paola, Io da 16.00 a 13.00 euro.<\/p>\n\n\n\n<p><\/p>\n\n\n\n<p><img decoding=\"async\" loading=\"lazy\" width=\"900\" height=\"1599\" class=\"wp-image-252553\" style=\"width: 800px;\" src=\"https:\/\/www.leccecronaca.it\/wordpress\/wp-content\/uploads\/2025\/12\/FOPPA.jpeg\" alt=\"\" srcset=\"https:\/\/www.leccecronaca.it\/wordpress\/wp-content\/uploads\/2025\/12\/FOPPA.jpeg 900w, https:\/\/www.leccecronaca.it\/wordpress\/wp-content\/uploads\/2025\/12\/FOPPA-169x300.jpeg 169w, https:\/\/www.leccecronaca.it\/wordpress\/wp-content\/uploads\/2025\/12\/FOPPA-576x1024.jpeg 576w, https:\/\/www.leccecronaca.it\/wordpress\/wp-content\/uploads\/2025\/12\/FOPPA-768x1364.jpeg 768w, https:\/\/www.leccecronaca.it\/wordpress\/wp-content\/uploads\/2025\/12\/FOPPA-865x1536.jpeg 865w\" sizes=\"(max-width: 900px) 100vw, 900px\" \/><\/p>\n<fb:like href='https:\/\/www.leccecronaca.it\/index.php\/2025\/12\/11\/il-natale-con-viera-ricette-e-proverbi-romagnoli-di-paola-mattioli\/' send='true' layout='button_count' show_faces='true' width='450' height='65' action='recommend' colorscheme='light' font='lucida grande'><\/fb:like><span class=\"fb_share\"><fb:like href=\"https:\/\/www.leccecronaca.it\/index.php\/2025\/12\/11\/il-natale-con-viera-ricette-e-proverbi-romagnoli-di-paola-mattioli\/\" layout=\"button_count\"><\/fb:like><\/span>","protected":false},"excerpt":{"rendered":"<p>di Cristina Pipoli ____________ Ormai siamo vicini al Natale il giorno pi\u00f9 magico dell&#8217;anno, ma anche il giorno che molti Romagnoli considerano il pi\u00f9 importante. Per i Romagnoli il mangiare \u00e8 il regalo pi\u00f9 grande che il giorno possa dare.\u00a0 Nelle fredde sere invernali, il camino (e camen) era il protagonista.\u00a0 Perch\u00e9 \u00e8 cos\u00ec sentito [&hellip;]<\/p>\n","protected":false},"author":4,"featured_media":252551,"comment_status":"open","ping_status":"closed","sticky":false,"template":"","format":"standard","meta":[],"categories":[1,31],"tags":[],"_links":{"self":[{"href":"https:\/\/www.leccecronaca.it\/index.php\/wp-json\/wp\/v2\/posts\/252550"}],"collection":[{"href":"https:\/\/www.leccecronaca.it\/index.php\/wp-json\/wp\/v2\/posts"}],"about":[{"href":"https:\/\/www.leccecronaca.it\/index.php\/wp-json\/wp\/v2\/types\/post"}],"author":[{"embeddable":true,"href":"https:\/\/www.leccecronaca.it\/index.php\/wp-json\/wp\/v2\/users\/4"}],"replies":[{"embeddable":true,"href":"https:\/\/www.leccecronaca.it\/index.php\/wp-json\/wp\/v2\/comments?post=252550"}],"version-history":[{"count":1,"href":"https:\/\/www.leccecronaca.it\/index.php\/wp-json\/wp\/v2\/posts\/252550\/revisions"}],"predecessor-version":[{"id":252554,"href":"https:\/\/www.leccecronaca.it\/index.php\/wp-json\/wp\/v2\/posts\/252550\/revisions\/252554"}],"wp:featuredmedia":[{"embeddable":true,"href":"https:\/\/www.leccecronaca.it\/index.php\/wp-json\/wp\/v2\/media\/252551"}],"wp:attachment":[{"href":"https:\/\/www.leccecronaca.it\/index.php\/wp-json\/wp\/v2\/media?parent=252550"}],"wp:term":[{"taxonomy":"category","embeddable":true,"href":"https:\/\/www.leccecronaca.it\/index.php\/wp-json\/wp\/v2\/categories?post=252550"},{"taxonomy":"post_tag","embeddable":true,"href":"https:\/\/www.leccecronaca.it\/index.php\/wp-json\/wp\/v2\/tags?post=252550"}],"curies":[{"name":"wp","href":"https:\/\/api.w.org\/{rel}","templated":true}]}}