{"id":252580,"date":"2025-12-09T00:02:00","date_gmt":"2025-12-08T23:02:00","guid":{"rendered":"https:\/\/www.leccecronaca.it\/?p=252580"},"modified":"2025-12-09T11:32:31","modified_gmt":"2025-12-09T10:32:31","slug":"giornata-mondiale-dei-diritti-umani-valori-universali-da-difendere-insieme-un-convegno-a-roma-giovedi-11","status":"publish","type":"post","link":"https:\/\/www.leccecronaca.it\/index.php\/2025\/12\/09\/giornata-mondiale-dei-diritti-umani-valori-universali-da-difendere-insieme-un-convegno-a-roma-giovedi-11\/","title":{"rendered":"&#8220;Giornata Mondiale dei Diritti Umani: valori universali da difendere insieme&#8221;. UN CONVEGNO A ROMA GIOVEDI&#8217; 11"},"content":{"rendered":"\n<p><img decoding=\"async\" loading=\"lazy\" width=\"1521\" height=\"858\" class=\"wp-image-252584\" style=\"width: 1500px;\" src=\"https:\/\/www.leccecronaca.it\/wordpress\/wp-content\/uploads\/2025\/12\/Carlo-Zonato-Presidente-UPF-Italia.png\" alt=\"\" srcset=\"https:\/\/www.leccecronaca.it\/wordpress\/wp-content\/uploads\/2025\/12\/Carlo-Zonato-Presidente-UPF-Italia.png 1521w, https:\/\/www.leccecronaca.it\/wordpress\/wp-content\/uploads\/2025\/12\/Carlo-Zonato-Presidente-UPF-Italia-300x169.png 300w, https:\/\/www.leccecronaca.it\/wordpress\/wp-content\/uploads\/2025\/12\/Carlo-Zonato-Presidente-UPF-Italia-1024x578.png 1024w, https:\/\/www.leccecronaca.it\/wordpress\/wp-content\/uploads\/2025\/12\/Carlo-Zonato-Presidente-UPF-Italia-768x433.png 768w\" sizes=\"(max-width: 1521px) 100vw, 1521px\" \/><\/p>\n\n\n\n<p><strong>(Rdl) ______________<\/strong><\/p>\n\n\n\n<p>\u201cLibert\u00e0 di Fede, Credo e Coscienza: Diritto fondamentale per la Convivenza e l\u2019Integrazione Europea\u201d, \u00e8 il tema del convegno che si terr\u00e0 gioved\u00ec 11 dicembre 2025, dalle ore 16:00 alle 19:00, presso Esperienza Europa, David Sassoli, p.zza Venezia, 6c, Roma.<\/p>\n\n\n\n<p>L\u2019iniziativa, promossa da Universal Peace Federation (UPF Italia) e dall\u2019Associazione Internazionale per la Pace e lo Sviluppo (IAPD), si propone di celebrare la Giornata Mondiale dei Diritti Umani, che si tiene ogni anno il 10 dicembre, data in cui, nel 1948, l\u2019Assemblea Generale delle Nazioni Unite ha adottato la Dichiarazione Universale dei Diritti Umani (UDHR).<\/p>\n\n\n\n<p>Interverranno: <strong>Carlo Zonato,<\/strong> Presidente UPF Italia (nella foto); <strong>Antonio Stango<\/strong> Presidente FIDU (Federazione Italiana per i Diritti Umani); <strong>Marco Respinti<\/strong>, Giornalista, Direttore Responsabile di BitterWinter.org; <strong>Raffaella Di Marzio<\/strong>, Fondatrice e Direttrice LIREC; <strong>Angelo Lucarella<\/strong>, Esperto giurista in Dinamiche costituzionali ed europee; <strong>Riccardo Burigana<\/strong>, Direttore Centro Studi per l\u2019Ecumenismo in Italia; <strong>Matteo Luigi Napolitano<\/strong>, Storico e Diplomatico, Universit\u00e0 degli Studi del Molise; e <strong>Maria Gabriella Mieli<\/strong>, Responsabile Relazioni Esterne UPF Italia, moderatrice.<\/p>\n\n\n\n<p>Il convegno si propone di evidenziare come la libert\u00e0 di fede, credo e coscienza costituisca un elemento fondamentale dei diritti umani, garantendo a ogni individuo la libert\u00e0 di aderire o meno a una religione o a un\u2019ideologia, di cambiare le proprie convinzioni e di manifestarle apertamente.<\/p>\n\n\n\n<p>Si valuter\u00e0 inoltre in che modo questo principio favorisca una convivenza pacifica tra le culture impedendo che le diversit\u00e0 di valori, opinioni e credenze siano strumentalizzate per aggravare tensioni economiche, politiche e sociali gi\u00e0 esistenti, scatenando e intensificando discriminazioni e violenza.<\/p>\n\n\n\n<p>La discussione approfondir\u00e0 anche il ruolo dell&#8217;Unione Europea nel sostenere questi diritti tramite progetti specifici e opportunit\u00e0 di finanziamento. Questo impegno si realizza sia all&#8217;interno del territorio europeo sia a livello internazionale, con l\u2019obiettivo di favorire la pace e combattere l&#8217;intolleranza verso fedi e religioni diverse.<\/p>\n\n\n\n<p>Tuttavia, come evidenzieranno gli oratori, la libert\u00e0 di professare la propria fede, di avere convinzioni personali e di agire in accordo alla propria coscienza \u00e8 gravemente limitata per milioni di persone che vivono in nazioni in cui questi diritti sono apertamente violati, spesso con scarsa attenzione da parte della comunit\u00e0 internazionale.<\/p>\n\n\n\n<p>Con questo evento, gli organizzatori e i relatori intendono sensibilizzare governi, istituzioni e opinione pubblica affinch\u00e9 si creino le condizioni di tolleranza, solidariet\u00e0 e rispetto che permettano a ogni individuo di esprimere liberamente le proprie convinzioni senza restrizioni.<\/p>\n\n\n\n<p>UPF International \u00e8 una ONG con Status Consultivo Generale presso l\u2019ECOSOC delle Nazioni Unite. IAPD \u00e8 un progetto di UPF Intl<\/p>\n\n\n\n<p>Per informazioni e prenotazioni: <a href=\"mailto:relazioni.esterne@italia-upf.org\">relazioni.esterne@italia-upf.org<\/a><\/p>\n\n\n\n<p><\/p>\n\n\n\n<p><img decoding=\"async\" loading=\"lazy\" width=\"828\" height=\"1160\" class=\"wp-image-252585\" style=\"width: 600px;\" src=\"https:\/\/www.leccecronaca.it\/wordpress\/wp-content\/uploads\/2025\/12\/Locandina-Convegno-diritti-umani2.jpg\" alt=\"\" srcset=\"https:\/\/www.leccecronaca.it\/wordpress\/wp-content\/uploads\/2025\/12\/Locandina-Convegno-diritti-umani2.jpg 828w, https:\/\/www.leccecronaca.it\/wordpress\/wp-content\/uploads\/2025\/12\/Locandina-Convegno-diritti-umani2-214x300.jpg 214w, https:\/\/www.leccecronaca.it\/wordpress\/wp-content\/uploads\/2025\/12\/Locandina-Convegno-diritti-umani2-731x1024.jpg 731w, https:\/\/www.leccecronaca.it\/wordpress\/wp-content\/uploads\/2025\/12\/Locandina-Convegno-diritti-umani2-768x1076.jpg 768w\" sizes=\"(max-width: 828px) 100vw, 828px\" \/><\/p>\n<fb:like href='https:\/\/www.leccecronaca.it\/index.php\/2025\/12\/09\/giornata-mondiale-dei-diritti-umani-valori-universali-da-difendere-insieme-un-convegno-a-roma-giovedi-11\/' send='true' layout='button_count' show_faces='true' width='450' height='65' action='recommend' colorscheme='light' font='lucida grande'><\/fb:like><span class=\"fb_share\"><fb:like href=\"https:\/\/www.leccecronaca.it\/index.php\/2025\/12\/09\/giornata-mondiale-dei-diritti-umani-valori-universali-da-difendere-insieme-un-convegno-a-roma-giovedi-11\/\" layout=\"button_count\"><\/fb:like><\/span>","protected":false},"excerpt":{"rendered":"<p>(Rdl) ______________ \u201cLibert\u00e0 di Fede, Credo e Coscienza: Diritto fondamentale per la Convivenza e l\u2019Integrazione Europea\u201d, \u00e8 il tema del convegno che si terr\u00e0 gioved\u00ec 11 dicembre 2025, dalle ore 16:00 alle 19:00, presso Esperienza Europa, David Sassoli, p.zza Venezia, 6c, Roma. L\u2019iniziativa, promossa da Universal Peace Federation (UPF Italia) e dall\u2019Associazione Internazionale per la [&hellip;]<\/p>\n","protected":false},"author":4,"featured_media":252584,"comment_status":"open","ping_status":"closed","sticky":false,"template":"","format":"standard","meta":[],"categories":[1,31,75],"tags":[],"_links":{"self":[{"href":"https:\/\/www.leccecronaca.it\/index.php\/wp-json\/wp\/v2\/posts\/252580"}],"collection":[{"href":"https:\/\/www.leccecronaca.it\/index.php\/wp-json\/wp\/v2\/posts"}],"about":[{"href":"https:\/\/www.leccecronaca.it\/index.php\/wp-json\/wp\/v2\/types\/post"}],"author":[{"embeddable":true,"href":"https:\/\/www.leccecronaca.it\/index.php\/wp-json\/wp\/v2\/users\/4"}],"replies":[{"embeddable":true,"href":"https:\/\/www.leccecronaca.it\/index.php\/wp-json\/wp\/v2\/comments?post=252580"}],"version-history":[{"count":1,"href":"https:\/\/www.leccecronaca.it\/index.php\/wp-json\/wp\/v2\/posts\/252580\/revisions"}],"predecessor-version":[{"id":252586,"href":"https:\/\/www.leccecronaca.it\/index.php\/wp-json\/wp\/v2\/posts\/252580\/revisions\/252586"}],"wp:featuredmedia":[{"embeddable":true,"href":"https:\/\/www.leccecronaca.it\/index.php\/wp-json\/wp\/v2\/media\/252584"}],"wp:attachment":[{"href":"https:\/\/www.leccecronaca.it\/index.php\/wp-json\/wp\/v2\/media?parent=252580"}],"wp:term":[{"taxonomy":"category","embeddable":true,"href":"https:\/\/www.leccecronaca.it\/index.php\/wp-json\/wp\/v2\/categories?post=252580"},{"taxonomy":"post_tag","embeddable":true,"href":"https:\/\/www.leccecronaca.it\/index.php\/wp-json\/wp\/v2\/tags?post=252580"}],"curies":[{"name":"wp","href":"https:\/\/api.w.org\/{rel}","templated":true}]}}