{"id":252588,"date":"2025-12-09T00:03:00","date_gmt":"2025-12-08T23:03:00","guid":{"rendered":"https:\/\/www.leccecronaca.it\/?p=252588"},"modified":"2025-12-09T12:46:54","modified_gmt":"2025-12-09T11:46:54","slug":"parte-giovedi-11-a-galatone-la-nuova-stagione-dei-teatri-dellagire-diretta-da-salvatore-della-villa-ecco-luoghi-date-e-orari-del-mese-di-dicembre","status":"publish","type":"post","link":"https:\/\/www.leccecronaca.it\/index.php\/2025\/12\/09\/parte-giovedi-11-a-galatone-la-nuova-stagione-dei-teatri-dellagire-diretta-da-salvatore-della-villa-ecco-luoghi-date-e-orari-del-mese-di-dicembre\/","title":{"rendered":"PARTE GIOVEDI&#8217; 11 A GALATONE LA NUOVA STAGIONE DEI &#8216;TEATRI DELL&#8217;AGIRE&#8217; DIRETTA DA SALVATORE DELLA VILLA. ECCO LUOGHI, DATE E ORARI DI DICEMBRE"},"content":{"rendered":"\n<p><img decoding=\"async\" loading=\"lazy\" width=\"1536\" height=\"1024\" class=\"wp-image-252589\" style=\"width: 1500px;\" src=\"https:\/\/www.leccecronaca.it\/wordpress\/wp-content\/uploads\/2025\/12\/489825683_1014380656818321_5353474307153988067_n.jpg\" alt=\"\" srcset=\"https:\/\/www.leccecronaca.it\/wordpress\/wp-content\/uploads\/2025\/12\/489825683_1014380656818321_5353474307153988067_n.jpg 1536w, https:\/\/www.leccecronaca.it\/wordpress\/wp-content\/uploads\/2025\/12\/489825683_1014380656818321_5353474307153988067_n-300x200.jpg 300w, https:\/\/www.leccecronaca.it\/wordpress\/wp-content\/uploads\/2025\/12\/489825683_1014380656818321_5353474307153988067_n-1024x683.jpg 1024w, https:\/\/www.leccecronaca.it\/wordpress\/wp-content\/uploads\/2025\/12\/489825683_1014380656818321_5353474307153988067_n-768x512.jpg 768w\" sizes=\"(max-width: 1536px) 100vw, 1536px\" \/><\/p>\n\n\n\n<p>(Rdl) _____________<\/p>\n\n\n\n<p>Parte gioved\u00ec 11 dicembre 2025, dal Teatro Don Mimino Colazzo di Galatone, con un preludio di un mese, la nuova stagione di teatro musica e cultura \u2018Teatri dell\u2019Agire\u2019 anno ottavo 2025.26 diretta da Salvatore Della Villa (nella foto). La programmazione del mese di dicembre alterner\u00e0 musica e prosa, con spazio alle esercitazioni sceniche degli allievi della Scuola di Teatro, con nuovi debutti e collaborazioni<\/p>\n\n\n\n<p>Si partir\u00e0 con lo spettacolo&nbsp;<strong>SHIMIZ\u00c9 Voci per Stefano Benni,&nbsp;<\/strong>con gli allievi attori della \u2018Scuola di Teatro\u2019 delle tre sedi di formazione (lo spettacolo sar\u00e0 diverso per ogni replica) per la regia di Salvatore Della Villa. Il primo gruppo andare in scena sar\u00e0 quello dei ragazzi e gli adulti di Galatone presso il Teatro Don Mimino Colazzo (gioved\u00ec 11 dicembre ore 20.00), per proseguire con il gruppo adulti di Lecce in scena presso la Masseria Storia (domenica 14 dicembre ore 20.00), ed infine il gruppo ragazzi di Maglie presso l\u2019Ass. Bud Powell (sabato 20 dicembre ore 19.00). Shimiz\u00e9 \u00e8 il racconto della sirena di Stefano Benni, citando Karl Kraus, un intellettuale austriaco, polemista e drammaturgo, noto per le sue critiche alla societ\u00e0 e alla cultura della sua epoca. \u2018In nessuna lingua \u00e8 difficile intendersi come nella propria lingua\u2019. Lo spettacolo \u00e8 un omaggio a Stefano Benni che gli allievi della Scuola di Teatro portano in scena in forma di monologo e reading, con una selezione dei racconti, dei monologhi e delle ballate dell\u2019autore bolognese recentemente scomparso.<\/p>\n\n\n\n<p><\/p>\n\n\n\n<p>La programmazione prosegue con la sezione musicale \u2018ConcertAzioni\u2019. Quattro concerti per quattro progetti giovani e inediti. Grazie al sostegno del Nuovo Imaie, saranno programmati quattro concerti di promozione discografica.&nbsp;Uno sguardo alla nuova scena musicale, con gruppi e formazioni che attraversano l\u2019Italia a l\u2019Europa, dal Belgio a Torino, passando per Roma fino alla provincia leccese.<\/p>\n\n\n\n<p>Primo concerto sabato 13 dicembre 2025 (ore 20.30) presso il Palazzo Ducale di Secl\u00ec, i&nbsp;<strong>Nugara Trio<\/strong>&nbsp;presentano il loro album di debutto&nbsp;<strong>Point Of Convergency<\/strong>, prodotto e pubblicato dall&#8217;etichetta italiana Gleam Records di Angelo Mastronardi. Francesco Negri, Viden Spassov e Francesco V. Parsi sono tre giovani musicisti provenienti da diverse citt\u00e0 d\u2019Italia, rispettivamente Genova, Torino e Firenze, che si conoscono ai seminari di Nuoro Jazz 2021. Decidono di omaggiare il luogo della loro nascita e la magia della terra sarda con un nome derivato da Nugoro, nome antico di Nuoro. Una musica di difficile collocazione artistica e di genere, ricca, complessa, melodica: ognuno dei tre musicisti porta all\u2019interno del disco quello che \u00e8 il suo bagaglio musicale e culturale, spesso in confitto, frutto di un processo di creazione mai banale e a volte contraddittorio ma sempre in grado di raggiungere quel grado di equilibrio e di armonia che rende&nbsp;<strong>Point Of Convergency<\/strong>&nbsp;un disco che vive di vita propria. I tre musicisti hanno riversato nei brani alcune delle loro maggiori influenze musicali verso le quali sono in debito; dalla musica classica e romantica, al folk e alla world music, il pop, il progressive rock e infine il jazz che, con la sua capacit\u00e0 di fagocitare suggestioni e restituirle con un volto nuovo, chiude il cerchio.<\/p>\n\n\n\n<p><\/p>\n\n\n\n<p>La sezione musicale proseguir\u00e0 gioved\u00ec 18 dicembre (Masseria Storia, Lecce, ore 20.30) con i &nbsp;<strong>Genera&nbsp;<\/strong>che presenteranno il loro primo disco<strong>&nbsp;ACTIVE OBSERVATION&nbsp;<\/strong>conLuca Venitucci (pianoforte, elettronica), Dario Miranda (contrabasso) Ermanno Baron (batteria). La formazione strumentale si richiama inequivocabilmente a quella del piano trio di matrice jazzistica, e tuttavia tale riferimento viene ampliato e condotto verso territori imprevedibili grazie all\u2019uso di tecniche estese, dispositivi elettronici e sonorit\u00e0 inusuali come quelle della melodica trattata con effetti. La musica di Genera \u00e8 dunque il frutto del combinarsi di intenzioni diverse e complementari:&nbsp; esplosioni free e incalzanti grooves si intersecano con momenti maggiormente introspettivi e cameristici, perlustrazioni sonore acustiche ed elettroacustiche si connettono con parti pi\u00f9 dilatate e quasi ambient.&nbsp;<\/p>\n\n\n\n<p><\/p>\n\n\n\n<p>Venerd\u00ec 19 alle ore 20.00, ritornano in scena gli allievi attori della \u2018Scuola di Teatro\u2019 del gruppo ragazzi e adulti di Galatone presso il Teatro Don Mimino Colazzo con lo spettacolo&nbsp;<strong>L\u2019urlo&nbsp;<em>astio, rancori e malcontenti inespressi prima del Natale<\/em><\/strong>, per la regia di Salvatore Della Villa.<\/p>\n\n\n\n<p>Domenica 21 dicembre (Teatro Don Mimino Colazzo di Galatone, ore 19.30)&nbsp;<strong>Listo&nbsp;<\/strong>presenta<strong>&nbsp;GLIESE 581G<\/strong>.Concerto di Alessandro Simonetti in arte Listo, giovane artista e studente del Conservatorio \u2018Tito Schipa\u2019 di Lecce in pianoforte jazz. L\u2019album parla di un viaggio interstellare alla ricerca del proprio posto nell&#8217;universo, fino ad arrivare ad una realizzazione sconvolgente, ma senza dubbio importante per la crescita di ognuno.<\/p>\n\n\n\n<p>A ridosso del Natale, un concerto per famiglie&nbsp;<strong>HUMORESQUE Suite Fantastica<\/strong>&nbsp;con l\u2019orchestra da camera Eleusi e la voce recitante di Salvatore Della Villa. Una doppia replica il 22 dicembre presso il Teatro Don Mimino Colazzo di Galatone (ore 20.00) e il 23 dicembre presso la Biblioteca di Palazzo Lubelli a Giuggianello (ore 18.30).<\/p>\n\n\n\n<p>Il concerto \u00e8 un susseguirsi di racconti comici, umoristici appunto, a cui fanno da spalla musiche per quartetto d\u2019archi e violino solista dallo spirito allegrissimo e vivacissimo.<\/p>\n\n\n\n<p>\u2018ConcertAzioni\u2019 si concluder\u00e0 sabato 27 dicembre (Palazzo Ducale di Secl\u00ec, ore 20.30) con&nbsp;<strong>Francesco Negro e Gabriele di Franco duo&nbsp;<\/strong>con la presentazione di<strong>&nbsp;CANTABILE<\/strong>, un viaggio quieto, che continua l&#8217;esplorazione iniziata nel loro primo album, ma accentua notevolmente la passione di Gabriele e Francesco per la melodia e la cantabilit\u00e0 che rimane il punto di forza in tutto lo scorrere dell&#8217;album. Timbri acustici del pianoforte che si confondono con i suoni di una chitarra semiacustica che modula sino all&#8217;elettronica pura.<\/p>\n\n\n\n<p><\/p>\n\n\n\n<p>Per sezione prosa, domenica 28 dicembre (ore 19.00) presso il Teatro Don Mimino Colazzo di Galatone, sar\u00e0 in programmazione il monologo&nbsp;<strong>1939. UNA VITA A DOMINO&nbsp;<em>L\u2019isola di Mussolini in Puglia<\/em><\/strong>, scritto, diretto e interpretato da Alfredo Traversa. Racconta la storia di Domenico, pescatore, che nell\u2019anno 1939 fu deportato per non aver fatto il saluto romano al podest\u00e0 di Bari. Deportato ingiustamente in un\u2019isola della Puglia voluta dal Duce dove si rinchiudono gli omosessuali italiani, a San Domino. In quell\u2019anno le vicende di Domenico si intrecciano con Aldo Moro che viene assunto all\u2019Universit\u00e0 di Bari, a Batman il fumetto americano che invader\u00e0 il mondo. Deportato sull\u2019isola vivr\u00e0 amicizie con altri italiani tutti omosessuali, provenienti da varie regioni d\u2019Italia, districandosi tra i dialetti regionali. Uno sguardo ironico e particolare dell\u2019Italia di quel tempo attraverso tanti personaggi che sono interpreti di singolari circostanze di vita.<\/p>\n\n\n\n<p>Chiuder\u00e0 questa prima parte di \u2018Teatri dell\u2019Agire\u2019 la nuova produzione di Tracce Creative&nbsp;<strong>ALMARANDA per Stefano Benni<\/strong>&nbsp;con Chiara Serena Brunetta, Salvatore Cezza, Angelo Rizzo per la regia di Salvatore Della Villa. In replica il 29 dicembre presso Teatro Don Mimino Colazzo di Galatone (ore 20.00), il 30 dicembre presso Masseria Storia a Lecce (ore 19.00) e il 3 gennaio presso la Biblioteca di Palazzo Lubelli a Giuggianello (ore 18.30). \u2018Almaranda\u2019 \u00e8 un viaggio immersivo in un mondo di fantasie e personaggi onirici, immaginario, creato dalla penna visionaria di Stefano Benni. Attraverso una serie di racconti e personaggi straordinari, l&#8217;opera esplora le profondit\u00e0 dell&#8217;animo umano, rivelando stravaganze, vulnerabilit\u00e0, eccessi e sogni. Con la sua scrittura unica e poetica, Stefano Benni ci guida in un percorso di scoperta e riflessione, dove la parola e la fantasia si fondono in un teatro giovane e vibrante.<\/p>\n\n\n\n<p>La stagione \u2018Teatri dell\u2019Agire\u2019 \u00e8 resa possibile grazie alla disponibilit\u00e0 dei luoghi di spettacolo messi in rete, ovvero grazie alla disponibilit\u00e0 della Parrocchia SS. Cosma e Damiano di Galatone, &nbsp;e della dimora storica \u2018Masseria Storia\u2019 di Lecce, e grazie alla collaborazione con l\u2019Amministrazione Comunale di Secl\u00ec e di Giuggianello.<\/p>\n\n\n\n<p><em>Ingresso gratuito per gli spettacoli del 11-14-19-20-23 dicembre 2025 e 3 gennaio 2026<\/em><\/p>\n\n\n\n<p><strong><em>Info e Prenotazioni:<\/em><\/strong><\/p>\n\n\n\n<p>Prenotazione telefonica con WhatsApp al 379.3366994<\/p>\n\n\n\n<p><strong>Biglietto \u20ac10,00 intero, \u20ac8 ridotto per residenti di Secl\u00ec, under 25 e over 65<\/strong><\/p>\n\n\n\n<p><strong>PALAZZO DUCALE<\/strong>&nbsp;Via De Nicola, Secl\u00ec<\/p>\n\n\n\n<p><strong>TEATRO &#8216;DON MIMINO COLAZZO&#8217;<\/strong>&nbsp;Via Vescovo M. Vaglio, Galatone<\/p>\n\n\n\n<p><strong>MASSERIA STORIA<\/strong>&nbsp;Via G. Cimabue 14, Lecce<\/p>\n\n\n\n<p><strong>ASS. BUD POWELL<\/strong>&nbsp;Largo Stazione 5, Maglie<\/p>\n\n\n\n<p><strong>BIBLIOTECA PALAZZO LUBELLI<\/strong>&nbsp;Via Roma 22, Giuggianello<\/p>\n<fb:like href='https:\/\/www.leccecronaca.it\/index.php\/2025\/12\/09\/parte-giovedi-11-a-galatone-la-nuova-stagione-dei-teatri-dellagire-diretta-da-salvatore-della-villa-ecco-luoghi-date-e-orari-del-mese-di-dicembre\/' send='true' layout='button_count' show_faces='true' width='450' height='65' action='recommend' colorscheme='light' font='lucida grande'><\/fb:like><span class=\"fb_share\"><fb:like href=\"https:\/\/www.leccecronaca.it\/index.php\/2025\/12\/09\/parte-giovedi-11-a-galatone-la-nuova-stagione-dei-teatri-dellagire-diretta-da-salvatore-della-villa-ecco-luoghi-date-e-orari-del-mese-di-dicembre\/\" layout=\"button_count\"><\/fb:like><\/span>","protected":false},"excerpt":{"rendered":"<p>(Rdl) _____________ Parte gioved\u00ec 11 dicembre 2025, dal Teatro Don Mimino Colazzo di Galatone, con un preludio di un mese, la nuova stagione di teatro musica e cultura \u2018Teatri dell\u2019Agire\u2019 anno ottavo 2025.26 diretta da Salvatore Della Villa (nella foto). La programmazione del mese di dicembre alterner\u00e0 musica e prosa, con spazio alle esercitazioni sceniche [&hellip;]<\/p>\n","protected":false},"author":4,"featured_media":252589,"comment_status":"open","ping_status":"closed","sticky":false,"template":"","format":"standard","meta":[],"categories":[1,31,75],"tags":[],"_links":{"self":[{"href":"https:\/\/www.leccecronaca.it\/index.php\/wp-json\/wp\/v2\/posts\/252588"}],"collection":[{"href":"https:\/\/www.leccecronaca.it\/index.php\/wp-json\/wp\/v2\/posts"}],"about":[{"href":"https:\/\/www.leccecronaca.it\/index.php\/wp-json\/wp\/v2\/types\/post"}],"author":[{"embeddable":true,"href":"https:\/\/www.leccecronaca.it\/index.php\/wp-json\/wp\/v2\/users\/4"}],"replies":[{"embeddable":true,"href":"https:\/\/www.leccecronaca.it\/index.php\/wp-json\/wp\/v2\/comments?post=252588"}],"version-history":[{"count":4,"href":"https:\/\/www.leccecronaca.it\/index.php\/wp-json\/wp\/v2\/posts\/252588\/revisions"}],"predecessor-version":[{"id":252593,"href":"https:\/\/www.leccecronaca.it\/index.php\/wp-json\/wp\/v2\/posts\/252588\/revisions\/252593"}],"wp:featuredmedia":[{"embeddable":true,"href":"https:\/\/www.leccecronaca.it\/index.php\/wp-json\/wp\/v2\/media\/252589"}],"wp:attachment":[{"href":"https:\/\/www.leccecronaca.it\/index.php\/wp-json\/wp\/v2\/media?parent=252588"}],"wp:term":[{"taxonomy":"category","embeddable":true,"href":"https:\/\/www.leccecronaca.it\/index.php\/wp-json\/wp\/v2\/categories?post=252588"},{"taxonomy":"post_tag","embeddable":true,"href":"https:\/\/www.leccecronaca.it\/index.php\/wp-json\/wp\/v2\/tags?post=252588"}],"curies":[{"name":"wp","href":"https:\/\/api.w.org\/{rel}","templated":true}]}}