{"id":252797,"date":"2025-12-14T00:03:00","date_gmt":"2025-12-13T23:03:00","guid":{"rendered":"https:\/\/www.leccecronaca.it\/?p=252797"},"modified":"2025-12-13T13:50:35","modified_gmt":"2025-12-13T12:50:35","slug":"francesco-epicoco-la-poesia-per-ritrovarsi-e-un-paese-nel-cuore","status":"publish","type":"post","link":"https:\/\/www.leccecronaca.it\/index.php\/2025\/12\/14\/francesco-epicoco-la-poesia-per-ritrovarsi-e-un-paese-nel-cuore\/","title":{"rendered":"FRANCESCO EPICOCO: LA POESIA PER RITROVARSI. E UN PAESE NEL CUORE"},"content":{"rendered":"\n<p><img decoding=\"async\" loading=\"lazy\" width=\"548\" height=\"548\" class=\"wp-image-252805\" style=\"width: 1500px;\" src=\"https:\/\/www.leccecronaca.it\/wordpress\/wp-content\/uploads\/2025\/12\/pro-d1Sb1dJH.jpeg\" alt=\"\" srcset=\"https:\/\/www.leccecronaca.it\/wordpress\/wp-content\/uploads\/2025\/12\/pro-d1Sb1dJH.jpeg 548w, https:\/\/www.leccecronaca.it\/wordpress\/wp-content\/uploads\/2025\/12\/pro-d1Sb1dJH-300x300.jpeg 300w, https:\/\/www.leccecronaca.it\/wordpress\/wp-content\/uploads\/2025\/12\/pro-d1Sb1dJH-150x150.jpeg 150w, https:\/\/www.leccecronaca.it\/wordpress\/wp-content\/uploads\/2025\/12\/pro-d1Sb1dJH-60x60.jpeg 60w\" sizes=\"(max-width: 548px) 100vw, 548px\" \/>di <strong>Cristina Pipoli ____________<\/strong><\/p>\n\n\n\n<p><\/p>\n\n\n\n<p>&#8220;Io scrivo poesia non per la gloria, ma per ritrovare me stesso e per fare felice chi mi segue.  Nemmeno scrivo libri per essere famoso&#8230;. probabilmente le mie poesie rimarranno inedite e perse nel vento della terra.&#8221;<\/p>\n\n\n\n<p>Inizia cos\u00ec la mia intervista a Francesco Epicoco, che, con la sua calma, mentre parlas trasmette tranquillit\u00e0 anche a me.<\/p>\n\n\n\n<p><\/p>\n\n\n\n<p>D- Eppure, i riconoscimenti non le mancano&#8230; Per esempio, che cosa vuole dirci sul fatto di essere arrivato secondo al premio d&#8217;eccellenza Camellini?<\/p>\n\n\n\n<p>R- &#8220;E&#8217;  una delle pi\u00f9 grandi emozioni soprattutto perch\u00e9 Sergio, Sergio Camellini, era per me un vero fratello e quando \u00e8 mancato sono stato male per diversi giorni. Ci incontravamo spesso ai concorsi letterari &#8230;.Ma anche sull&#8217;appennino modenese \u00a0soprattutto a Fanano&#8230;.Ho lavorato parecchi anni sul Cimone nel comune di Sestola proprio dove conobbi Sergio tanti anni fa, e quindi non potevo mancare a questo concorso a lui dedicato&#8221;.<\/p>\n\n\n\n<p><\/p>\n\n\n\n<p>D- Ha vinto altri concorsi nella sua lunga carriera di poeta?<\/p>\n\n\n\n<p>R- &#8220;Di concorsi letterari ne ho vinto tantissimi ma col tempo non partecipo pi\u00f9 di tanto, massimo tre all&#8217; anno. Le interviste sono utili ma questa \u00e8 l&#8217;unica intervista che ho concesso in tutta la mia vita. A chi non piace sentirsi i numeri uno in qualcosa? Di Francesco Epicoco si \u00e8  parlato e se ne parla ancora in molti giornali importanti&#8230; Che devo pensare o dire? Mi godo il mio piccolo momento di vanit\u00e0 e di entusiasmo&#8221;.<\/p>\n\n\n\n<p><\/p>\n\n\n\n<p>D- Come descriverebbe Ceglie Messapica a chi non la conosce?<\/p>\n\n\n\n<p>R- &#8220;Ceglie Messapica \u00e8 la mia citt\u00e0 natale in cui ho trascorso solo i primi dieci anni della mia vita; quindi vivo di ricordi legati a quegli anni. A lei ho dedicato una decina di poesie.\u00a0Ma non voglio pi\u00f9 tornare sull&#8217;argomento&#8221;.<\/p>\n\n\n\n<p><\/p>\n\n\n\n<p>Un po&#8217; lo capisco Francesco amo il sud e il sangue che mi scorre che \u00e8 salentino, ma non posso negare che il Salento abbia tante problematiche da risolvere&#8230; Per chi vive e cresce al Nord Italia come noi, ha voglia di parlarne fino a un certo punto.\u00c8 bello estendere i propri orizzonti.<\/p>\n\n\n\n<p><\/p>\n<fb:like href='https:\/\/www.leccecronaca.it\/index.php\/2025\/12\/14\/francesco-epicoco-la-poesia-per-ritrovarsi-e-un-paese-nel-cuore\/' send='true' layout='button_count' show_faces='true' width='450' height='65' action='recommend' colorscheme='light' font='lucida grande'><\/fb:like><span class=\"fb_share\"><fb:like href=\"https:\/\/www.leccecronaca.it\/index.php\/2025\/12\/14\/francesco-epicoco-la-poesia-per-ritrovarsi-e-un-paese-nel-cuore\/\" layout=\"button_count\"><\/fb:like><\/span>","protected":false},"excerpt":{"rendered":"<p>di Cristina Pipoli ____________ &#8220;Io scrivo poesia non per la gloria, ma per ritrovare me stesso e per fare felice chi mi segue. Nemmeno scrivo libri per essere famoso&#8230;. probabilmente le mie poesie rimarranno inedite e perse nel vento della terra.&#8221; Inizia cos\u00ec la mia intervista a Francesco Epicoco, che, con la sua calma, mentre [&hellip;]<\/p>\n","protected":false},"author":4,"featured_media":252805,"comment_status":"open","ping_status":"closed","sticky":false,"template":"","format":"standard","meta":[],"categories":[31],"tags":[],"_links":{"self":[{"href":"https:\/\/www.leccecronaca.it\/index.php\/wp-json\/wp\/v2\/posts\/252797"}],"collection":[{"href":"https:\/\/www.leccecronaca.it\/index.php\/wp-json\/wp\/v2\/posts"}],"about":[{"href":"https:\/\/www.leccecronaca.it\/index.php\/wp-json\/wp\/v2\/types\/post"}],"author":[{"embeddable":true,"href":"https:\/\/www.leccecronaca.it\/index.php\/wp-json\/wp\/v2\/users\/4"}],"replies":[{"embeddable":true,"href":"https:\/\/www.leccecronaca.it\/index.php\/wp-json\/wp\/v2\/comments?post=252797"}],"version-history":[{"count":1,"href":"https:\/\/www.leccecronaca.it\/index.php\/wp-json\/wp\/v2\/posts\/252797\/revisions"}],"predecessor-version":[{"id":252807,"href":"https:\/\/www.leccecronaca.it\/index.php\/wp-json\/wp\/v2\/posts\/252797\/revisions\/252807"}],"wp:featuredmedia":[{"embeddable":true,"href":"https:\/\/www.leccecronaca.it\/index.php\/wp-json\/wp\/v2\/media\/252805"}],"wp:attachment":[{"href":"https:\/\/www.leccecronaca.it\/index.php\/wp-json\/wp\/v2\/media?parent=252797"}],"wp:term":[{"taxonomy":"category","embeddable":true,"href":"https:\/\/www.leccecronaca.it\/index.php\/wp-json\/wp\/v2\/categories?post=252797"},{"taxonomy":"post_tag","embeddable":true,"href":"https:\/\/www.leccecronaca.it\/index.php\/wp-json\/wp\/v2\/tags?post=252797"}],"curies":[{"name":"wp","href":"https:\/\/api.w.org\/{rel}","templated":true}]}}