{"id":254235,"date":"2026-01-25T15:30:00","date_gmt":"2026-01-25T14:30:00","guid":{"rendered":"https:\/\/www.leccecronaca.it\/?p=254235"},"modified":"2026-01-27T11:15:21","modified_gmt":"2026-01-27T10:15:21","slug":"il-pranzo-della-domenica-4","status":"publish","type":"post","link":"https:\/\/www.leccecronaca.it\/index.php\/2026\/01\/25\/il-pranzo-della-domenica-4\/","title":{"rendered":"IL PRANZO DELLA DOMENICA \/\u00a0A CASA DI WALTER CERFEDA SOTTO IL MONTE PISELLO"},"content":{"rendered":"\n<p><img decoding=\"async\" loading=\"lazy\" width=\"1200\" height=\"1600\" class=\"wp-image-254238\" style=\"width: 1500px;\" src=\"https:\/\/www.leccecronaca.it\/wordpress\/wp-content\/uploads\/2026\/01\/foto-cerfeda.jpg\" alt=\"\" srcset=\"https:\/\/www.leccecronaca.it\/wordpress\/wp-content\/uploads\/2026\/01\/foto-cerfeda.jpg 1200w, https:\/\/www.leccecronaca.it\/wordpress\/wp-content\/uploads\/2026\/01\/foto-cerfeda-225x300.jpg 225w, https:\/\/www.leccecronaca.it\/wordpress\/wp-content\/uploads\/2026\/01\/foto-cerfeda-768x1024.jpg 768w, https:\/\/www.leccecronaca.it\/wordpress\/wp-content\/uploads\/2026\/01\/foto-cerfeda-1152x1536.jpg 1152w\" sizes=\"(max-width: 1200px) 100vw, 1200px\" \/><\/p>\n\n\n\n<p>di<strong> Raffaele Polo _____________<\/strong><\/p>\n\n\n\n<p>&nbsp;&nbsp;&nbsp;&nbsp;&nbsp;&nbsp;&nbsp;&nbsp;&nbsp;&nbsp; Stavolta, siamo andati a trovare lo scrittore Walter Cerfeda, nativo di Presicce, nella sua residenza marchigiana di Castel di Lama. Ed ecco la cronaca del nostro incontro per questo inusuale &#8216;Pranzo della domenica\u201d.<\/p>\n\n\n\n<p>&nbsp;&nbsp;&nbsp;&nbsp;&nbsp;&nbsp;&nbsp;&nbsp;&nbsp; \u00abCaro Raffaele, come stai? E\u2019 stato difficile arrivare fin qui? Molti si sbagliano e poi mi telefonano e devo andare a prenderli con la macchina. Ma l\u2019avevi messo il&nbsp;&nbsp; navigatore?\u00bb<\/p>\n\n\n\n<p>\u00abCerto che l\u2019avevo messo. No, tranquillo non \u00e8 stato difficile proprio per niente\u00bb<\/p>\n\n\n\n<p>\u00abSei stanco? Com\u2019\u00e8 andato il viaggio? Vieni ti faccio strada \u2026\u00bb<\/p>\n\n\n\n<p>\u00abBene, solo un po\u2019 di cantieri sull\u2019autostrada e qualche coda \u2026 come sempre, direi. Ma che bel posto, quelli in fondo cosa sono?\u00bb<\/p>\n\n\n\n<p>\u00abQuelli di fronte?\u00bb<\/p>\n\n\n\n<p>\u00abS\u00ec, quelli con un po\u2019 di neve su in cima.\u00bb<\/p>\n\n\n\n<p>\u00abAh, quelli sono i monti Sibillini: il monte Pisello che vedi pi\u00f9 a destra e il monte dei Fiori che gli sta accanto. L\u00e0 guarda, quella montagna che vedi invece pi\u00f9 a sinistra \u00e8 il Gran Sasso, quello che sembra avere due corni sulla vetta. Da su dal balconcino si vede molto meglio. Dai vieni che entriamo. Anna, c\u2019\u00e8 Raffaele&#8230;\u00bb<\/p>\n\n\n\n<p>\u00abChe profumino! Ciao Anna, spero di non averti creato problemi&#8230;\u00bb<\/p>\n\n\n\n<p>\u00abMa figurati. E\u2019 sempre un piacere rivederti. Profumino? Proprio niente di speciale, \u00e8 quello che facciamo per noi, la domenica. Li mangi i funghi? Hai problemi? Altrimenti ci inventiamo qualche altra cosa. Tanto \u00e8 Walter che cucina \u2026\u00bb<\/p>\n\n\n\n<p>\u00abE lei mangia. Comodo cos\u00ec! Piuttosto ti danno fastidio i cani? Cani \u2026 potrei dire meglio un po\u2019 cane e un po\u2019 gatto. Lucky \u00e8 uno shitzu.\u00bb<\/p>\n\n\n\n<p>\u00abNo, per niente. Anzi amo gli uni e gli altri. Ma, sai&#8230; in un appartamento. Avessi questo giardino&#8230;\u00bb<\/p>\n\n\n\n<p>\u00abSi \u00e8 abbastanza grande, quasi mille metri quadrati. Questo \u00e8 il regno di mia moglie. Passa pi\u00f9 tempo qua a potare, innestare e curare i fiori che dentro casa.\u00bb<\/p>\n\n\n\n<p>\u00abSembra un roseto. Belle davvero queste rose, complimenti. E quegli alberi? \u00bb<\/p>\n\n\n\n<p>\u00abL\u00e0 in fondo a sinistra, quello alto \u00e8 un salice. Questi altri sono un albero di pere, di albicocche e di limoni. Questo di fronte \u00e8 un tiglio. Non ti dico il profumo quando sbocciano i fiori in primavera. Poi due aceri e vicino al cancello quello alto che ogni tanto dobbiamo spuntare perch\u00e9 da sulla strada, \u00e8 un pino marittimo.\u00bb<\/p>\n\n\n\n<p>\u00abTi sei fatto un giardino botanico!\u00bb<\/p>\n\n\n\n<p>\u00abSai, Raffaele, l\u2019unico davvero contento \u00e8 il giardiniere. Mi costa una fortuna \u2026\u00bb<\/p>\n\n\n\n<p>\u00abCerto, un posto tranquillo.\u00bb<\/p>\n\n\n\n<p>\u00abLe Marche sono tranquille. Anche troppo. Dopo tanti anni a Roma e in giro per il mondo, non \u00e8 stato facile. L\u2019abbiamo fatto per i nipoti e per nostro figlio e la sua famiglia che stanno ad Ascoli \u2026 qua vicino.\u00bb<\/p>\n\n\n\n<p>\u00abCos\u2019\u00e8, un vecchio casale?\u00bb<\/p>\n\n\n\n<p>\u00abS\u00ec, i vecchi proprietari l\u2019hanno messo a nuovo. E, per fortuna \u00e8 molto solido. Quando c\u2019\u00e8 stato il terremoto, abbiamo ballato, ma qui non si \u00e8 fatta nemmeno una crepa. Vieni, ti faccio vedere casa.<\/p>\n\n\n\n<p>Questo \u00e8 il salone con il camino, la cucina e il bagno e poi sopre due stanze da letto, il mio studio e un altro bagno.\u00bb<\/p>\n\n\n\n<p>\u00abBella grande.\u00bb<\/p>\n\n\n\n<p>\u00abAnche troppo.\u00bb<\/p>\n\n\n\n<p>\u00abBello questo studio. Ma quanti libri hai? Sembra una biblioteca.\u00bb<\/p>\n\n\n\n<ul>\n<li>\u00abSono quasi cinquemila. Ho dovuto far fare una libreria apposta per arrivare fin su fino al soffitto. Tu sai la mia passione: io leggo e scrivo. Oltre all\u2019Inter non ho altri hobby. Lo sai che ho l\u2019abbonamento all\u2019Inter da anni e quando gioca a San Siro mi faccio sei ore di pullman all\u2019andata e altrettante al ritorno, per un\u2019ora e mezza di partita? So che \u00e8 una pazzia, ma non posso farne a meno. E\u2019 da quando avevo sette anni che me ne sono innamorato. Lo dico spesso a mia moglie: ti amo come il primo giorno che ci siamo incontrati. Solo che l\u2019Inter l\u2019avevo incontrata prima. Non \u00e8 poligamia, vero?\u00bb<\/li>\n<\/ul>\n\n\n\n<p>\u00abIo manco se mi pagassero \u2026 ma ora stai scrivendo qualcosa?\u00bb<\/p>\n\n\n\n<p>\u00abGuarda, tutto quest\u2019anno sto scrivendo molto, saggi \u2026 articoli, di geopolitica e di economia mondiale. Trump, le guerre, la crisi dell\u2019Europa che mi stringe il cuore dopo i tanti anni passati a Bruxelles. E poi conferenze in giro per l\u2019Italia. In testa ho sempre anche la mia passione per la narrativa \u2026 per il romanzo. Qualcosa per la testa mi frulla. Chiss\u00e0? Il mio problema principale \u00e8 trovare il tempo per fare tutto \u2026\u00bb<\/p>\n\n\n\n<p>\u00abCerto ai giardinetti, non ti ci vedo proprio \u2026\u00bb<\/p>\n\n\n\n<p>\u00abDai andiamo a tavola che \u00e8 pronto. Ho fatto un risotto con i funghi \u2026 spero che mi sia venuto bene \u2026\u00bb<\/p>\n\n\n\n<p>Sul tavolo imbandito con la tovaglia bianca ricamata, ci sono gi\u00e0 pronti i piatti con gli antipasti.<\/p>\n\n\n\n<p>\u00abQuanta roba. Avete esagerato&#8230;\u00bb<\/p>\n\n\n\n<p>\u00abMa no. Sono solo degli assaggini. Sai, Anna \u00e8 sarda e questa \u00e8 la salsiccia di l\u00e0, come questo pecorino stagionato. Quelle sono invece le famose olive ascolane. Quelli, come vedi, sono dei funghi porcini arrosto. Oggi, come spesso facciamo, \u00e8 un pranzo della domenica monocolore: perch\u00e9 quelli trifolati li ho fatti con l\u2019arrosto di carne, per secondo.&nbsp; Da quando siamo qui, guai a non farle. Ora vado a prendere il risotto. Intanto <em>spicciative con queste cosette<\/em>, perch\u00e9 il riso va mangiato caldo.\u00bb<\/p>\n\n\n\n<p>Poco dopo:<\/p>\n\n\n\n<p>\u00abDavvero buono. Non ti facevo \u2026 Mi devi dare la ricetta anche se \u2026\u00bb<\/p>\n\n\n\n<p>\u00abE\u2019 di una semplicit\u00e0 assoluta. Servono solo funghi secchi e porcini freschi. Ora te la dico e poi, se vuoi, ti mando una email.\u00bb<\/p>\n\n\n\n<p>\u00abDimmela, che sono curioso. \u00bb<\/p>\n\n\n\n<p>\u00abE che ci vuole: prendi i funghi secchi e falli rinvenire con dell\u2019acqua molto calda per un quarto d\u2019ora. Nel frattempo in una padella ci metti l\u2019olio, uno spicchio d\u2019aglio e poco dopo i porcini freschi. Fai rosolare e tiri con un vino bianco. Alla fine un po\u2019 di prezzemolo.<\/p>\n\n\n\n<p>Ovviamente fai un po\u2019 di brodo, semplice con sedano carota e cipolla che servir\u00e0 per il riso. Quando il brodo \u00e8 pronto aggiungi l\u2019acqua dei funghi secchi. Poi in una padella fai un fondo con un po\u2019 di burro e di olio e un po\u2019 di cipolla e ci metti subito i funghi secchi rinvenuti. Lascia rosolare per pochi minuti e ci metti il riso. Quando vedi che diventa lucido inizi a bagnarlo con l\u2019acqua calda del brodo. Poi qualche minuto prima che il riso \u00e8 cotto ci versi i funghi trifolati e un po\u2019 di prezzemolo. Alla fine, mi raccomando a fuoco spento, ci aggiungi proprio una lamina di burro e un bel po\u2019 di parmigiano. Mescola bene e voil\u00e0 il piatto \u00e8 pronto. Come vedi di una facilit\u00e0 enorme. E credo che il vino che ci vuole sia proprio questo Amarone. Perlomeno a mio gusto \u2026 forse perch\u00e9 \u00e8 quello che amo di pi\u00f9. Come lo trovi?\u00bb<\/p>\n\n\n\n<p>\u00abBuono, davvero. E da bere con rispetto perch\u00e9 se no chi si alza pi\u00f9 dalla sedia. \u00bb<\/p>\n\n\n\n<p>&nbsp;&nbsp;&nbsp;&nbsp;&nbsp;&nbsp;&nbsp;&nbsp;&nbsp;&nbsp;&nbsp;&nbsp;&nbsp;&nbsp; Alla fine, dopo l\u2019arrosto.<\/p>\n\n\n\n<p>&nbsp;&nbsp;&nbsp;&nbsp;&nbsp;&nbsp;&nbsp;&nbsp;&nbsp;&nbsp;&nbsp;&nbsp;&nbsp; \u00abMamma mia, che mangiata! Non ero abituato pi\u00f9 a un pranzo della domenica cos\u00ec \u2026\u00bb<\/p>\n\n\n\n<p>&nbsp;&nbsp;&nbsp;&nbsp;&nbsp;&nbsp;&nbsp;&nbsp;&nbsp;&nbsp;&nbsp;&nbsp;&nbsp;&nbsp; \u00abAnche noi, non credere: oggi \u00e8 un pranzo speciale per il regalo che ci hai fatto per essere venuto a trovarci. E, fatti forza, che c\u2019\u00e8 anche il dessert. Per\u00f2 non con i funghi, ma con le mele. Anna fa uno strudel che mi fa impazzire e \u2026 almeno la domenica \u2026 \u00bb<\/p>\n\n\n\n<p><\/p>\n\n\n\n<p><\/p>\n\n\n\n<p>____________<\/p>\n\n\n\n<p><strong>( 88 \u2010 continua )<\/strong><\/p>\n<fb:like href='https:\/\/www.leccecronaca.it\/index.php\/2026\/01\/25\/il-pranzo-della-domenica-4\/' send='true' layout='button_count' show_faces='true' width='450' height='65' action='recommend' colorscheme='light' font='lucida grande'><\/fb:like><span class=\"fb_share\"><fb:like href=\"https:\/\/www.leccecronaca.it\/index.php\/2026\/01\/25\/il-pranzo-della-domenica-4\/\" layout=\"button_count\"><\/fb:like><\/span>","protected":false},"excerpt":{"rendered":"<p>di Raffaele Polo _____________ &nbsp;&nbsp;&nbsp;&nbsp;&nbsp;&nbsp;&nbsp;&nbsp;&nbsp;&nbsp; Stavolta, siamo andati a trovare lo scrittore Walter Cerfeda, nativo di Presicce, nella sua residenza marchigiana di Castel di Lama. Ed ecco la cronaca del nostro incontro per questo inusuale &#8216;Pranzo della domenica\u201d. &nbsp;&nbsp;&nbsp;&nbsp;&nbsp;&nbsp;&nbsp;&nbsp;&nbsp; \u00abCaro Raffaele, come stai? E\u2019 stato difficile arrivare fin qui? Molti si sbagliano e poi mi [&hellip;]<\/p>\n","protected":false},"author":4,"featured_media":254238,"comment_status":"open","ping_status":"closed","sticky":false,"template":"","format":"standard","meta":[],"categories":[1,31],"tags":[],"_links":{"self":[{"href":"https:\/\/www.leccecronaca.it\/index.php\/wp-json\/wp\/v2\/posts\/254235"}],"collection":[{"href":"https:\/\/www.leccecronaca.it\/index.php\/wp-json\/wp\/v2\/posts"}],"about":[{"href":"https:\/\/www.leccecronaca.it\/index.php\/wp-json\/wp\/v2\/types\/post"}],"author":[{"embeddable":true,"href":"https:\/\/www.leccecronaca.it\/index.php\/wp-json\/wp\/v2\/users\/4"}],"replies":[{"embeddable":true,"href":"https:\/\/www.leccecronaca.it\/index.php\/wp-json\/wp\/v2\/comments?post=254235"}],"version-history":[{"count":3,"href":"https:\/\/www.leccecronaca.it\/index.php\/wp-json\/wp\/v2\/posts\/254235\/revisions"}],"predecessor-version":[{"id":254302,"href":"https:\/\/www.leccecronaca.it\/index.php\/wp-json\/wp\/v2\/posts\/254235\/revisions\/254302"}],"wp:featuredmedia":[{"embeddable":true,"href":"https:\/\/www.leccecronaca.it\/index.php\/wp-json\/wp\/v2\/media\/254238"}],"wp:attachment":[{"href":"https:\/\/www.leccecronaca.it\/index.php\/wp-json\/wp\/v2\/media?parent=254235"}],"wp:term":[{"taxonomy":"category","embeddable":true,"href":"https:\/\/www.leccecronaca.it\/index.php\/wp-json\/wp\/v2\/categories?post=254235"},{"taxonomy":"post_tag","embeddable":true,"href":"https:\/\/www.leccecronaca.it\/index.php\/wp-json\/wp\/v2\/tags?post=254235"}],"curies":[{"name":"wp","href":"https:\/\/api.w.org\/{rel}","templated":true}]}}