{"id":254297,"date":"2026-01-22T00:02:00","date_gmt":"2026-01-21T23:02:00","guid":{"rendered":"https:\/\/www.leccecronaca.it\/?p=254297"},"modified":"2026-01-21T14:03:56","modified_gmt":"2026-01-21T13:03:56","slug":"novita-editoriali-le-favole-al-telefonino-di-simonetta-olivo","status":"publish","type":"post","link":"https:\/\/www.leccecronaca.it\/index.php\/2026\/01\/22\/novita-editoriali-le-favole-al-telefonino-di-simonetta-olivo\/","title":{"rendered":"NOVITA&#8217; EDITORIALI \/ LE &#8220;Favole al telefonino&#8221; DI SIMONETTA OLIVO"},"content":{"rendered":"\n<p><img decoding=\"async\" loading=\"lazy\" width=\"200\" height=\"200\" class=\"wp-image-254300\" style=\"width: 1500px;\" src=\"https:\/\/www.leccecronaca.it\/wordpress\/wp-content\/uploads\/2026\/01\/SOL.jpg\" alt=\"\" srcset=\"https:\/\/www.leccecronaca.it\/wordpress\/wp-content\/uploads\/2026\/01\/SOL.jpg 200w, https:\/\/www.leccecronaca.it\/wordpress\/wp-content\/uploads\/2026\/01\/SOL-150x150.jpg 150w, https:\/\/www.leccecronaca.it\/wordpress\/wp-content\/uploads\/2026\/01\/SOL-60x60.jpg 60w\" sizes=\"(max-width: 200px) 100vw, 200px\" \/><\/p>\n\n\n\n<p>di <strong>Raffaele Polo ____________<\/strong><\/p>\n\n\n\n<p>Partiamo dalla fantascienza e, naturalmente, dalla collana arcinota di &#8216;Urania&#8217;: stavolta \u00e8 un&#8217;esperta autrice di testi di fantascienza a riassumerci il suo ultimo libro; &#8216;Favole al telefonino&#8217;, edito da Delos (pagine 56, 12 euro) con illustrazioni di Paola Frasson. <\/p>\n\n\n\n<p>Chi parla \u00e8 Simonetta Olivo, nata a Udine,\u00a0 nel 1976. Vive a Trieste, dove lavora come psicologa in un servizio pubblico. A 40 anni ha cominciato a scrivere racconti di fantascienza. Col suo primo racconto, che nel maggio 2018 \u00e8 stato pubblicato da Mondadori nella collana Urania, \u00e8 stata finalista nella prima edizione del Premio Urania Short.\u00a0<\/p>\n\n\n\n<p>\u00abC&#8217;erano una volta le &#8216;Favole al telefono&#8217; di Gianni Rodari\u00bb, ci dice. \u00abUn libro che fece un&#8217;epoca, che proponeva una raccolta di racconti per i bambini del Dopoguerra, dell&#8217;era del progresso, del boom economico, dell&#8217;avvento del telefono e di tante novit\u00e0 che stavano cambiando la societ\u00e0. <\/p>\n\n\n\n<p>Sono passati pi\u00f9 di sessant&#8217;anni e la societ\u00e0 \u00e8 in piena trasformazione. Siamo nell&#8217;era digitale, i bambini non giocano pi\u00f9 al pallone ma con giochi e giochini su computer, tablet e telefoni. Vivono in societ\u00e0 multietniche. Vivono esperienze diverse da quelle dei bambini di mezzo secolo prima. C&#8217;\u00e8 bisogno allora di nuove favole aggiornate per continuare quella magica esperienza del libro di Rodari. Nasce cos\u00ec &#8216;Favole al telefonino&#8217;&#8230;\u00bb<\/p>\n\n\n\n<p>E dunque, c\u2019erano una volta le &#8216;Favole al telefono&#8217;di Gianni Rodari.<\/p>\n\n\n\n<p>Ora, nel mondo dei telefonini, quelle storie bussano di nuovo, ma con nuove avventure da raccontare.<\/p>\n\n\n\n<p>Ci sono treni che sognano di arrivare a Venezia, bambini che imparano a uscire dalle bolle, e risate che piovono come gocce di luce sopra i giardinetti di Padova.<\/p>\n\n\n\n<p>C\u2019\u00e8 un robot che inventa fiabe, e un tempo che smette di volare solo quando un bambino riesce ad afferrarlo.<\/p>\n\n\n\n<p>Simonetta Olivo raccoglie queste favole come farfalle, le fa brillare di parole e le incolla in un libro per grandi e piccini; un invito gentile a riscoprire la meraviglia nascosta tra uno squillo e una carezza.<\/p>\n\n\n\n<p>Perch\u00e9 anche nel mondo digitale, la fantasia trova sempre campo.<\/p>\n\n\n\n<p><img decoding=\"async\" loading=\"lazy\" width=\"241\" height=\"342\" class=\"wp-image-254299\" style=\"width: 600px;\" src=\"https:\/\/www.leccecronaca.it\/wordpress\/wp-content\/uploads\/2026\/01\/COVER.jpg\" alt=\"\" srcset=\"https:\/\/www.leccecronaca.it\/wordpress\/wp-content\/uploads\/2026\/01\/COVER.jpg 241w, https:\/\/www.leccecronaca.it\/wordpress\/wp-content\/uploads\/2026\/01\/COVER-211x300.jpg 211w\" sizes=\"(max-width: 241px) 100vw, 241px\" \/><\/p>\n<fb:like href='https:\/\/www.leccecronaca.it\/index.php\/2026\/01\/22\/novita-editoriali-le-favole-al-telefonino-di-simonetta-olivo\/' send='true' layout='button_count' show_faces='true' width='450' height='65' action='recommend' colorscheme='light' font='lucida grande'><\/fb:like><span class=\"fb_share\"><fb:like href=\"https:\/\/www.leccecronaca.it\/index.php\/2026\/01\/22\/novita-editoriali-le-favole-al-telefonino-di-simonetta-olivo\/\" layout=\"button_count\"><\/fb:like><\/span>","protected":false},"excerpt":{"rendered":"<p>di Raffaele Polo ____________ Partiamo dalla fantascienza e, naturalmente, dalla collana arcinota di &#8216;Urania&#8217;: stavolta \u00e8 un&#8217;esperta autrice di testi di fantascienza a riassumerci il suo ultimo libro; &#8216;Favole al telefonino&#8217;, edito da Delos (pagine 56, 12 euro) con illustrazioni di Paola Frasson. Chi parla \u00e8 Simonetta Olivo, nata a Udine,\u00a0 nel 1976. Vive a [&hellip;]<\/p>\n","protected":false},"author":4,"featured_media":254300,"comment_status":"open","ping_status":"closed","sticky":false,"template":"","format":"standard","meta":[],"categories":[31,57],"tags":[],"_links":{"self":[{"href":"https:\/\/www.leccecronaca.it\/index.php\/wp-json\/wp\/v2\/posts\/254297"}],"collection":[{"href":"https:\/\/www.leccecronaca.it\/index.php\/wp-json\/wp\/v2\/posts"}],"about":[{"href":"https:\/\/www.leccecronaca.it\/index.php\/wp-json\/wp\/v2\/types\/post"}],"author":[{"embeddable":true,"href":"https:\/\/www.leccecronaca.it\/index.php\/wp-json\/wp\/v2\/users\/4"}],"replies":[{"embeddable":true,"href":"https:\/\/www.leccecronaca.it\/index.php\/wp-json\/wp\/v2\/comments?post=254297"}],"version-history":[{"count":1,"href":"https:\/\/www.leccecronaca.it\/index.php\/wp-json\/wp\/v2\/posts\/254297\/revisions"}],"predecessor-version":[{"id":254301,"href":"https:\/\/www.leccecronaca.it\/index.php\/wp-json\/wp\/v2\/posts\/254297\/revisions\/254301"}],"wp:featuredmedia":[{"embeddable":true,"href":"https:\/\/www.leccecronaca.it\/index.php\/wp-json\/wp\/v2\/media\/254300"}],"wp:attachment":[{"href":"https:\/\/www.leccecronaca.it\/index.php\/wp-json\/wp\/v2\/media?parent=254297"}],"wp:term":[{"taxonomy":"category","embeddable":true,"href":"https:\/\/www.leccecronaca.it\/index.php\/wp-json\/wp\/v2\/categories?post=254297"},{"taxonomy":"post_tag","embeddable":true,"href":"https:\/\/www.leccecronaca.it\/index.php\/wp-json\/wp\/v2\/tags?post=254297"}],"curies":[{"name":"wp","href":"https:\/\/api.w.org\/{rel}","templated":true}]}}