{"id":254352,"date":"2026-01-23T07:47:00","date_gmt":"2026-01-23T06:47:00","guid":{"rendered":"https:\/\/www.leccecronaca.it\/?p=254352"},"modified":"2026-01-23T11:16:07","modified_gmt":"2026-01-23T10:16:07","slug":"cheddira-il-rinforzo-per-lattacco-del-lecce-che-dire-niente-segna","status":"publish","type":"post","link":"https:\/\/www.leccecronaca.it\/index.php\/2026\/01\/23\/cheddira-il-rinforzo-per-lattacco-del-lecce-che-dire-niente-segna\/","title":{"rendered":"CHEDDIRA IL RINFORZO PER L&#8217;ATTACCO DEL LECCE. CHE DIRE? NIENTE: &#8220;Segna!&#8221;"},"content":{"rendered":"\n<p><img decoding=\"async\" loading=\"lazy\" width=\"275\" height=\"183\" class=\"wp-image-254353\" style=\"width: 1500px;\" src=\"https:\/\/www.leccecronaca.it\/wordpress\/wp-content\/uploads\/2026\/01\/BUCCHEDDI.jpg\" alt=\"\"><\/p>\n\n\n\n<p>(Rdl) _________________<\/p>\n\n\n\n<p>&#8220;L\u2019U.S. Lecce comunica di aver acquisito, a titolo temporaneo con opzione per l\u2019acquisizione definitiva, il diritto alle prestazioni sportive del calciatore&nbsp;<strong>Walid Cheddira<\/strong>&nbsp;dalla S.S.C. Napoli.&nbsp;<\/p>\n\n\n\n<p>L\u2019attaccante classe 1998 vestir\u00e0 la maglia numero 99&#8243;_______________<\/p>\n\n\n\n<p><\/p>\n\n\n\n<p>Cheddira 28 anni, nato a Loreto, vicino Ancona, dalla doppia nazionalit\u00e0 marocchina e italiana, pu\u00f2 giocare in qualunque posizione dell&#8217;attacco, il reparto del Lecce che come \u00e8 noto \u00e8 attualmente gravemente deficitario. Valore di mercato: 2.3000.000. Arriva in prestito dal Napoli, che lo aveva dato in prestito questa estate al Sassuolo, squadra in cui ha collezionato sedici presenze e 1 gol, il 21 settembre a Milano contro l&#8217;Inter (nella foto).<\/p>\n\n\n\n<p>In passato, fra le altre formazioni, ha giocato nel Frosinone, in serie A, 35 presenze e 7 gol, e per due anni nel Bari, in cui ha totalizzato 34 presenze e 6 gol il primo anno in C e 35 e 17 il secondo in B. <\/p>\n<fb:like href='https:\/\/www.leccecronaca.it\/index.php\/2026\/01\/23\/cheddira-il-rinforzo-per-lattacco-del-lecce-che-dire-niente-segna\/' send='true' layout='button_count' show_faces='true' width='450' height='65' action='recommend' colorscheme='light' font='lucida grande'><\/fb:like><span class=\"fb_share\"><fb:like href=\"https:\/\/www.leccecronaca.it\/index.php\/2026\/01\/23\/cheddira-il-rinforzo-per-lattacco-del-lecce-che-dire-niente-segna\/\" layout=\"button_count\"><\/fb:like><\/span>","protected":false},"excerpt":{"rendered":"<p>(Rdl) _________________ &#8220;L\u2019U.S. Lecce comunica di aver acquisito, a titolo temporaneo con opzione per l\u2019acquisizione definitiva, il diritto alle prestazioni sportive del calciatore&nbsp;Walid Cheddira&nbsp;dalla S.S.C. Napoli.&nbsp; L\u2019attaccante classe 1998 vestir\u00e0 la maglia numero 99&#8243;_______________ Cheddira 28 anni, nato a Loreto, vicino Ancona, dalla doppia nazionalit\u00e0 marocchina e italiana, pu\u00f2 giocare in qualunque posizione dell&#8217;attacco, il [&hellip;]<\/p>\n","protected":false},"author":4,"featured_media":254353,"comment_status":"open","ping_status":"closed","sticky":false,"template":"","format":"standard","meta":[],"categories":[28],"tags":[],"_links":{"self":[{"href":"https:\/\/www.leccecronaca.it\/index.php\/wp-json\/wp\/v2\/posts\/254352"}],"collection":[{"href":"https:\/\/www.leccecronaca.it\/index.php\/wp-json\/wp\/v2\/posts"}],"about":[{"href":"https:\/\/www.leccecronaca.it\/index.php\/wp-json\/wp\/v2\/types\/post"}],"author":[{"embeddable":true,"href":"https:\/\/www.leccecronaca.it\/index.php\/wp-json\/wp\/v2\/users\/4"}],"replies":[{"embeddable":true,"href":"https:\/\/www.leccecronaca.it\/index.php\/wp-json\/wp\/v2\/comments?post=254352"}],"version-history":[{"count":2,"href":"https:\/\/www.leccecronaca.it\/index.php\/wp-json\/wp\/v2\/posts\/254352\/revisions"}],"predecessor-version":[{"id":254356,"href":"https:\/\/www.leccecronaca.it\/index.php\/wp-json\/wp\/v2\/posts\/254352\/revisions\/254356"}],"wp:featuredmedia":[{"embeddable":true,"href":"https:\/\/www.leccecronaca.it\/index.php\/wp-json\/wp\/v2\/media\/254353"}],"wp:attachment":[{"href":"https:\/\/www.leccecronaca.it\/index.php\/wp-json\/wp\/v2\/media?parent=254352"}],"wp:term":[{"taxonomy":"category","embeddable":true,"href":"https:\/\/www.leccecronaca.it\/index.php\/wp-json\/wp\/v2\/categories?post=254352"},{"taxonomy":"post_tag","embeddable":true,"href":"https:\/\/www.leccecronaca.it\/index.php\/wp-json\/wp\/v2\/tags?post=254352"}],"curies":[{"name":"wp","href":"https:\/\/api.w.org\/{rel}","templated":true}]}}