{"id":254392,"date":"2026-01-24T00:03:00","date_gmt":"2026-01-23T23:03:00","guid":{"rendered":"https:\/\/www.leccecronaca.it\/?p=254392"},"modified":"2026-01-23T18:13:58","modified_gmt":"2026-01-23T17:13:58","slug":"ermenegildo-fusaro-in-difesa-del-creto-e-della-natura-tra-san-francesco-e-papa-luciani","status":"publish","type":"post","link":"https:\/\/www.leccecronaca.it\/index.php\/2026\/01\/24\/ermenegildo-fusaro-in-difesa-del-creto-e-della-natura-tra-san-francesco-e-papa-luciani\/","title":{"rendered":"MONSIGNOR ERMENEGILDO FUSARO, IN DIFESA DEL CREATO E DELLA NATURA, TRA SAN FRANCESCO E PAPA LUCIANI"},"content":{"rendered":"\n<p><img decoding=\"async\" loading=\"lazy\" width=\"900\" height=\"1600\" class=\"wp-image-254393\" style=\"width: 1500px;\" src=\"https:\/\/www.leccecronaca.it\/wordpress\/wp-content\/uploads\/2026\/01\/1000075941.jpg\" alt=\"\" srcset=\"https:\/\/www.leccecronaca.it\/wordpress\/wp-content\/uploads\/2026\/01\/1000075941.jpg 900w, https:\/\/www.leccecronaca.it\/wordpress\/wp-content\/uploads\/2026\/01\/1000075941-169x300.jpg 169w, https:\/\/www.leccecronaca.it\/wordpress\/wp-content\/uploads\/2026\/01\/1000075941-576x1024.jpg 576w, https:\/\/www.leccecronaca.it\/wordpress\/wp-content\/uploads\/2026\/01\/1000075941-768x1365.jpg 768w, https:\/\/www.leccecronaca.it\/wordpress\/wp-content\/uploads\/2026\/01\/1000075941-864x1536.jpg 864w\" sizes=\"(max-width: 900px) 100vw, 900px\" \/><\/p>\n\n\n\n<p>di <strong>Cristina Pipoli ___________<\/strong><\/p>\n\n\n\n<p>Sento il morso di queste pagine sulla pelle, l\u2019odore acre della verit\u00e0 che imputridisce negli archivi della memoria. Ho le mani su vecchi manoscritti che non sono solo carta e inchiostro: sono un cazzotto nello stomaco del conformismo cattolico e dell\u2019indifferenza umana, e ve lo sbatto in faccia, questo pugno, mentre attorno a noi soffiava e soffia ancora il vento avvelenato del potere occulto.<\/p>\n\n\n\n<p>\u00c8 la storia di Ermenegildo Fusaro, un uomo scomodo, uno che con la sua Lega Nazionale di San Francesco d\u2019Assisi non faceva della poesia da chierichetto, faceva la guerra. Una guerra santa contro l\u2019orrore che l\u2019uomo infligge al creato, contro la stupidit\u00e0 che spaccia per intelligenza e l\u2019egoismo che chiama progresso.<\/p>\n\n\n\n<p>L\u2019opuscolo che ho tra le dita non \u00e8 un trattatello di buone maniere ecologiche. No. \u00c8 un grido che parte dall\u2019anima: Fusaro osa dire che l\u2019ottavo centenario di San Francesco \u00e8 la prova del nostro tradimento. E poi la bestemmia che fa tremare i polsi ai benpensanti: uomini e animali sono la stessa cosa. Stessa carne, stesso destino, stessa dignit\u00e0 di fronte a Dio. Capite? Non &#8220;simili&#8221;, non &#8220;creature da accudire&#8221;. La stessa cosa. \u00c8 un ribaltamento teologico che vi costringe a vomitare la vostra arroganza di specie dominante. A volte, \u00e8 l\u2019animale a soccorrere l\u2019uomo, a indicargli la via della salvezza. Pensate all&#8217;arca di No\u00e8: vennero salvati una coppia di ogni specie, non solo gli umani, perch\u00e9 la vita ha un valore intrinseco, un patto che Dio ha stretto con ogni creatura vivente.<\/p>\n\n\n\n<p>E poi c\u2019\u00e8 il legame indissolubile con un altro gigante, un altro uomo scomodo, Papa Luciani. Albino Luciani, un alleato silenzioso ma potente di Fusaro. Un uomo che ha avuto il coraggio di scrivere parole che bruciano ancora oggi: &#8220;Il rispetto e la salvaguardia del mondo animale, parve viva anche della nostra vita \u00e8 necessita assoluta.&#8221; Una necessit\u00e0, non un optional per anime belle.<\/p>\n\n\n\n<p>Questo scritto, che mi brucia le dita, non si limita a teorizzare. Denuncia. Punta il dito contro le barbarie autorizzate: il tiro a volo con bersagli vivi, una vergogna inaudita; il randagismo come segno della nostra incivilt\u00e0; le corride, quell\u2019orrore rituale; e la vivisezione, la tortura scientifica che vi fa credere padroni della vita altrui.<\/p>\n\n\n\n<p>Tutto questo avveniva mentre l\u2019Italia e il mondo erano avvelenati da poteri occulti. Erano gli anni in cui la P2 tesseva le sue trame infami. E in questo scenario di corruzione morale e politica, due uomini, Fusaro e Papa Luciani, si ergevano come un baluardo di dignit\u00e0, contrastando con la forza della fede e della ragione i veleni del tempo. La loro battaglia non era solo per gli animali, era per salvare l\u2019anima stessa dell\u2019umanit\u00e0 dalla sua marcescenza.<\/p>\n\n\n\n<p><\/p>\n\n\n\n<p>E poi le date. Segnatele a fuoco, queste date. L\u201911 novembre 1981, il giorno di San Martino, il santo che si spoglia per il povero. Migliaia di fedeli, un fiume in piena, che marciavano in un pellegrinaggio storico in onore di Francesco. Non una processione di beghine, ma una dimostrazione di forza. E il giorno dopo, il 12 novembre, l\u2019apoteosi: pi\u00f9 di mille soci della Lega di Fusaro, gente con la schiena dritta, accolti dal Papa. E l\u00ec, in Vaticano, il riconoscimento che vale pi\u00f9 di mille encicliche: il Papa in persona che elogiava l\u2019opera di Fusaro, che diceva che quella causa meritava di essere sostenuta.<\/p>\n\n\n\n<p>Il Cantico delle Creature, Frate Sole e Sorella Luna, qui non \u00e8 una ninnananna. \u00c8 un manifesto politico che l\u2019Arcivescovato di Firenze, in quel 18 settembre 1981, ha avuto il coraggio di usare per svegliare educatori e sacerdoti. L\u2019educazione alla sensibilizzazione dell\u2019ambiente, non come hobby per figli dei fiori, ma come imperativo morale. Perch\u00e9 se non impariamo a sentire il dolore della terra e dei suoi abitanti, siamo gi\u00e0 morti dentro. Questo monito ci morde le mani: la nostra umanit\u00e0 si misura dalla nostra capacit\u00e0 di proteggere il creato, non di saccheggiarlo. E chi non lo capisce, \u00e8 complice dell&#8217;orrore.<\/p>\n<fb:like href='https:\/\/www.leccecronaca.it\/index.php\/2026\/01\/24\/ermenegildo-fusaro-in-difesa-del-creto-e-della-natura-tra-san-francesco-e-papa-luciani\/' send='true' layout='button_count' show_faces='true' width='450' height='65' action='recommend' colorscheme='light' font='lucida grande'><\/fb:like><span class=\"fb_share\"><fb:like href=\"https:\/\/www.leccecronaca.it\/index.php\/2026\/01\/24\/ermenegildo-fusaro-in-difesa-del-creto-e-della-natura-tra-san-francesco-e-papa-luciani\/\" layout=\"button_count\"><\/fb:like><\/span>","protected":false},"excerpt":{"rendered":"<p>di Cristina Pipoli ___________ Sento il morso di queste pagine sulla pelle, l\u2019odore acre della verit\u00e0 che imputridisce negli archivi della memoria. Ho le mani su vecchi manoscritti che non sono solo carta e inchiostro: sono un cazzotto nello stomaco del conformismo cattolico e dell\u2019indifferenza umana, e ve lo sbatto in faccia, questo pugno, mentre [&hellip;]<\/p>\n","protected":false},"author":4,"featured_media":254393,"comment_status":"open","ping_status":"closed","sticky":false,"template":"","format":"standard","meta":[],"categories":[1,31,76],"tags":[],"_links":{"self":[{"href":"https:\/\/www.leccecronaca.it\/index.php\/wp-json\/wp\/v2\/posts\/254392"}],"collection":[{"href":"https:\/\/www.leccecronaca.it\/index.php\/wp-json\/wp\/v2\/posts"}],"about":[{"href":"https:\/\/www.leccecronaca.it\/index.php\/wp-json\/wp\/v2\/types\/post"}],"author":[{"embeddable":true,"href":"https:\/\/www.leccecronaca.it\/index.php\/wp-json\/wp\/v2\/users\/4"}],"replies":[{"embeddable":true,"href":"https:\/\/www.leccecronaca.it\/index.php\/wp-json\/wp\/v2\/comments?post=254392"}],"version-history":[{"count":2,"href":"https:\/\/www.leccecronaca.it\/index.php\/wp-json\/wp\/v2\/posts\/254392\/revisions"}],"predecessor-version":[{"id":254395,"href":"https:\/\/www.leccecronaca.it\/index.php\/wp-json\/wp\/v2\/posts\/254392\/revisions\/254395"}],"wp:featuredmedia":[{"embeddable":true,"href":"https:\/\/www.leccecronaca.it\/index.php\/wp-json\/wp\/v2\/media\/254393"}],"wp:attachment":[{"href":"https:\/\/www.leccecronaca.it\/index.php\/wp-json\/wp\/v2\/media?parent=254392"}],"wp:term":[{"taxonomy":"category","embeddable":true,"href":"https:\/\/www.leccecronaca.it\/index.php\/wp-json\/wp\/v2\/categories?post=254392"},{"taxonomy":"post_tag","embeddable":true,"href":"https:\/\/www.leccecronaca.it\/index.php\/wp-json\/wp\/v2\/tags?post=254392"}],"curies":[{"name":"wp","href":"https:\/\/api.w.org\/{rel}","templated":true}]}}