{"id":254493,"date":"2026-01-26T16:44:23","date_gmt":"2026-01-26T15:44:23","guid":{"rendered":"https:\/\/www.leccecronaca.it\/?p=254493"},"modified":"2026-01-27T11:14:36","modified_gmt":"2026-01-27T10:14:36","slug":"lecce-lunedi-mattina-lavori-in-corso-in-via-ugo-foscolo-altri-nostri-fratelli-alberi-massacrati-in-nome-della-riqualificazione-urbana","status":"publish","type":"post","link":"https:\/\/www.leccecronaca.it\/index.php\/2026\/01\/26\/lecce-lunedi-mattina-lavori-in-corso-in-via-ugo-foscolo-altri-nostri-fratelli-alberi-massacrati-in-nome-della-riqualificazione-urbana\/","title":{"rendered":"LECCE, 26 GENNAIO, LAVORI IN CORSO IN VIALE UGO FOSCOLO: ALTRI NOSTRI FRATELLI ALBERI MASSACRATI IN NOME DELLA SEDICENTE &#8220;riqualificazione urbana&#8221;"},"content":{"rendered":"\n<p><img decoding=\"async\" loading=\"lazy\" width=\"2560\" height=\"1920\" class=\"wp-image-254494\" style=\"width: 2500px;\" src=\"https:\/\/www.leccecronaca.it\/wordpress\/wp-content\/uploads\/2026\/01\/VUF-scaled.jpg\" alt=\"\" srcset=\"https:\/\/www.leccecronaca.it\/wordpress\/wp-content\/uploads\/2026\/01\/VUF-scaled.jpg 2560w, https:\/\/www.leccecronaca.it\/wordpress\/wp-content\/uploads\/2026\/01\/VUF-300x225.jpg 300w, https:\/\/www.leccecronaca.it\/wordpress\/wp-content\/uploads\/2026\/01\/VUF-1024x768.jpg 1024w, https:\/\/www.leccecronaca.it\/wordpress\/wp-content\/uploads\/2026\/01\/VUF-768x576.jpg 768w, https:\/\/www.leccecronaca.it\/wordpress\/wp-content\/uploads\/2026\/01\/VUF-1536x1152.jpg 1536w, https:\/\/www.leccecronaca.it\/wordpress\/wp-content\/uploads\/2026\/01\/VUF-2048x1536.jpg 2048w, https:\/\/www.leccecronaca.it\/wordpress\/wp-content\/uploads\/2026\/01\/VUF-400x300.jpg 400w\" sizes=\"(max-width: 2560px) 100vw, 2560px\" \/><\/p>\n\n\n\n<p>di <strong>Giuseppe Puppo ____________<\/strong><\/p>\n\n\n\n<p>Questa mattina sono tornato a casa dal mio giro nelle vicinanze, al rione Santa Rosa, per le commissioni quotidiane, affranto, se non amareggiato proprio.<\/p>\n\n\n\n<p>Pur avendo interpellato direttamente in loco gli operai all&#8217;opera, non ne avevo ricavato nessuna spiegazione.<\/p>\n\n\n\n<p>Sul sito del Comune, c&#8217;\u00e8 solo un avviso che parla di &#8220;lavori di riqualificazione della circolazione urbana&#8221; con l&#8217;elenco delle zone, senza nessun&#8217;altra informazione&#8230; <\/p>\n\n\n\n<p><\/p>\n\n\n\n<p>Mi rimaneva l&#8217;amarezza, per quelle storpiature selvagge di altri nostri fratelli alberi. Massacrati, vilipesi, levati di mezzo: nudi, scheletriti, divelti, rimossi, abbattuti.<\/p>\n\n\n\n<p><\/p>\n\n\n\n<p><img decoding=\"async\" loading=\"lazy\" width=\"2560\" height=\"1920\" class=\"wp-image-254495\" style=\"width: 800px;\" src=\"https:\/\/www.leccecronaca.it\/wordpress\/wp-content\/uploads\/2026\/01\/VUFDUE-scaled.jpg\" alt=\"\" srcset=\"https:\/\/www.leccecronaca.it\/wordpress\/wp-content\/uploads\/2026\/01\/VUFDUE-scaled.jpg 2560w, https:\/\/www.leccecronaca.it\/wordpress\/wp-content\/uploads\/2026\/01\/VUFDUE-300x225.jpg 300w, https:\/\/www.leccecronaca.it\/wordpress\/wp-content\/uploads\/2026\/01\/VUFDUE-1024x768.jpg 1024w, https:\/\/www.leccecronaca.it\/wordpress\/wp-content\/uploads\/2026\/01\/VUFDUE-768x576.jpg 768w, https:\/\/www.leccecronaca.it\/wordpress\/wp-content\/uploads\/2026\/01\/VUFDUE-1536x1152.jpg 1536w, https:\/\/www.leccecronaca.it\/wordpress\/wp-content\/uploads\/2026\/01\/VUFDUE-2048x1536.jpg 2048w, https:\/\/www.leccecronaca.it\/wordpress\/wp-content\/uploads\/2026\/01\/VUFDUE-400x300.jpg 400w\" sizes=\"(max-width: 2560px) 100vw, 2560px\" \/><\/p>\n\n\n\n<p><\/p>\n\n\n\n<p>Allora ho telefonato agli amici del <a href=\"https:\/\/www.facebook.com\/CoordinamentoAlberiVerdeUrbanoLecce\">Coordinamento per gli Alberi e il Verde Urbano Lecce<\/a>.<\/p>\n\n\n\n<p>&#8220;Andiamo a vedere&#8221;, mi hanno detto, preannunciandomi fra le altre cose i loro tentativi di salvare almeno qualcuno dei pochi pini, scampati per ora alle eradicazioni sistematiche, ancora rimasti sui viali, su cui li ho pregati di riferire pubblicamente con un comunicato, e mi hanno promesso che lo faranno presto.<\/p>\n\n\n\n<p><\/p>\n\n\n\n<p>Intanto, il nostro assessore all&#8217;Ambiente medico di base, il nostro dirigente del settore esecutore accanito, io ci metto volentieri pure il nostro sindaco che sull&#8217;argomento continua nel suo silenzio assordante, se la prendono con i ficus.<\/p>\n\n\n\n<p>Perch\u00e9?<\/p>\n\n\n\n<p>Ecco quello che poco fa hanno mandato alla redazione di leccecronaca.it gli amici del Coordinamento, che ringrazio per il report e per le foto che documentano l&#8217;ennesimo scempio.<\/p>\n\n\n\n<p><\/p>\n\n\n\n<p>&#8220;Come riferito dai responsabili della ditta Panarese, incaricata dei lavori, di viale Foscolo si sta procedendo all&#8217;espianto di quattro ficus per fare spazio ad una pensilina dell&#8217;autobus.<\/p>\n\n\n\n<p>I quattro alberi, con chiome e radici ridotte a mero ricordo di ci\u00f2 che furono, saranno trapiantati in altro luogo, che dire non sanno&#8230;&#8221;.<\/p>\n\n\n\n<p><\/p>\n\n\n\n<p>Amen.<\/p>\n\n\n\n<p>Respireremo pensiline, dal caldo ci riparer\u00e0 la plastica, dei bei viali alberati, identit\u00e0 urbana, rester\u00e0 poco e punto, lo spirito dei luoghi non esiste pi\u00f9, ridotto a memoria, di una citt\u00e0 adesso non pi\u00f9 confortevole, sconvolta da lavori eterni senza senso di &#8220;riqualificazione urbana&#8221; parcellizzati sull&#8217;intero territorio, che si sa quando iniziano e non si sa mai quando finiscono, ma solo dunque assai pi\u00f9 brutta, ecco, e basta.<\/p>\n\n\n\n<p><\/p>\n\n\n\n<p><img decoding=\"async\" loading=\"lazy\" width=\"2560\" height=\"1513\" class=\"wp-image-254496\" style=\"width: 800px;\" src=\"https:\/\/www.leccecronaca.it\/wordpress\/wp-content\/uploads\/2026\/01\/IMG_20260126_160103-scaled.jpg\" alt=\"\" srcset=\"https:\/\/www.leccecronaca.it\/wordpress\/wp-content\/uploads\/2026\/01\/IMG_20260126_160103-scaled.jpg 2560w, https:\/\/www.leccecronaca.it\/wordpress\/wp-content\/uploads\/2026\/01\/IMG_20260126_160103-300x177.jpg 300w, https:\/\/www.leccecronaca.it\/wordpress\/wp-content\/uploads\/2026\/01\/IMG_20260126_160103-1024x605.jpg 1024w, https:\/\/www.leccecronaca.it\/wordpress\/wp-content\/uploads\/2026\/01\/IMG_20260126_160103-768x454.jpg 768w, https:\/\/www.leccecronaca.it\/wordpress\/wp-content\/uploads\/2026\/01\/IMG_20260126_160103-1536x908.jpg 1536w, https:\/\/www.leccecronaca.it\/wordpress\/wp-content\/uploads\/2026\/01\/IMG_20260126_160103-2048x1211.jpg 2048w\" sizes=\"(max-width: 2560px) 100vw, 2560px\" \/><\/p>\n<fb:like href='https:\/\/www.leccecronaca.it\/index.php\/2026\/01\/26\/lecce-lunedi-mattina-lavori-in-corso-in-via-ugo-foscolo-altri-nostri-fratelli-alberi-massacrati-in-nome-della-riqualificazione-urbana\/' send='true' layout='button_count' show_faces='true' width='450' height='65' action='recommend' colorscheme='light' font='lucida grande'><\/fb:like><span class=\"fb_share\"><fb:like href=\"https:\/\/www.leccecronaca.it\/index.php\/2026\/01\/26\/lecce-lunedi-mattina-lavori-in-corso-in-via-ugo-foscolo-altri-nostri-fratelli-alberi-massacrati-in-nome-della-riqualificazione-urbana\/\" layout=\"button_count\"><\/fb:like><\/span>","protected":false},"excerpt":{"rendered":"<p>di Giuseppe Puppo ____________ Questa mattina sono tornato a casa dal mio giro nelle vicinanze, al rione Santa Rosa, per le commissioni quotidiane, affranto, se non amareggiato proprio. Pur avendo interpellato direttamente in loco gli operai all&#8217;opera, non ne avevo ricavato nessuna spiegazione. Sul sito del Comune, c&#8217;\u00e8 solo un avviso che parla di &#8220;lavori [&hellip;]<\/p>\n","protected":false},"author":4,"featured_media":254494,"comment_status":"open","ping_status":"closed","sticky":false,"template":"","format":"standard","meta":[],"categories":[1,69,76],"tags":[],"_links":{"self":[{"href":"https:\/\/www.leccecronaca.it\/index.php\/wp-json\/wp\/v2\/posts\/254493"}],"collection":[{"href":"https:\/\/www.leccecronaca.it\/index.php\/wp-json\/wp\/v2\/posts"}],"about":[{"href":"https:\/\/www.leccecronaca.it\/index.php\/wp-json\/wp\/v2\/types\/post"}],"author":[{"embeddable":true,"href":"https:\/\/www.leccecronaca.it\/index.php\/wp-json\/wp\/v2\/users\/4"}],"replies":[{"embeddable":true,"href":"https:\/\/www.leccecronaca.it\/index.php\/wp-json\/wp\/v2\/comments?post=254493"}],"version-history":[{"count":15,"href":"https:\/\/www.leccecronaca.it\/index.php\/wp-json\/wp\/v2\/posts\/254493\/revisions"}],"predecessor-version":[{"id":254517,"href":"https:\/\/www.leccecronaca.it\/index.php\/wp-json\/wp\/v2\/posts\/254493\/revisions\/254517"}],"wp:featuredmedia":[{"embeddable":true,"href":"https:\/\/www.leccecronaca.it\/index.php\/wp-json\/wp\/v2\/media\/254494"}],"wp:attachment":[{"href":"https:\/\/www.leccecronaca.it\/index.php\/wp-json\/wp\/v2\/media?parent=254493"}],"wp:term":[{"taxonomy":"category","embeddable":true,"href":"https:\/\/www.leccecronaca.it\/index.php\/wp-json\/wp\/v2\/categories?post=254493"},{"taxonomy":"post_tag","embeddable":true,"href":"https:\/\/www.leccecronaca.it\/index.php\/wp-json\/wp\/v2\/tags?post=254493"}],"curies":[{"name":"wp","href":"https:\/\/api.w.org\/{rel}","templated":true}]}}