{"id":256172,"date":"2026-03-03T12:13:18","date_gmt":"2026-03-03T11:13:18","guid":{"rendered":"https:\/\/www.leccecronaca.it\/?p=256172"},"modified":"2026-03-03T12:13:22","modified_gmt":"2026-03-03T11:13:22","slug":"concerti-con-david-hazeltine-trio-il-grande-jazz-internazionale-in-riva-al-mare-del-salento-a-santa-maria-di-leuca-sabato-7-con-proposta-di-soggiorno-nel-fine-settimana","status":"publish","type":"post","link":"https:\/\/www.leccecronaca.it\/index.php\/2026\/03\/03\/concerti-con-david-hazeltine-trio-il-grande-jazz-internazionale-in-riva-al-mare-del-salento-a-santa-maria-di-leuca-sabato-7-con-proposta-di-soggiorno-nel-fine-settimana\/","title":{"rendered":"CONCERTI \/ CON DAVID HAZELTINE TRIO IL GRANDE JAZZ INTERNAZIONALE IN RIVA AL MARE DEL SALENTO. A SANTA MARIA DI LEUCA SABATO 7. CON PROPOSTA DI SOGGIORNO NEL FINE SETTIMANA"},"content":{"rendered":"\n<p><img decoding=\"async\" loading=\"lazy\" width=\"1600\" height=\"1066\" class=\"wp-image-256173\" style=\"width: 1500px;\" src=\"https:\/\/www.leccecronaca.it\/wordpress\/wp-content\/uploads\/2026\/03\/jazz.jpg\" alt=\"\" srcset=\"https:\/\/www.leccecronaca.it\/wordpress\/wp-content\/uploads\/2026\/03\/jazz.jpg 1600w, https:\/\/www.leccecronaca.it\/wordpress\/wp-content\/uploads\/2026\/03\/jazz-300x200.jpg 300w, https:\/\/www.leccecronaca.it\/wordpress\/wp-content\/uploads\/2026\/03\/jazz-1024x682.jpg 1024w, https:\/\/www.leccecronaca.it\/wordpress\/wp-content\/uploads\/2026\/03\/jazz-768x512.jpg 768w, https:\/\/www.leccecronaca.it\/wordpress\/wp-content\/uploads\/2026\/03\/jazz-1536x1023.jpg 1536w\" sizes=\"(max-width: 1600px) 100vw, 1600px\" \/><\/p>\n\n\n\n<p>(Rdl) _______________ L\u2019associazione culturale\u00a0<strong>Lampus<\/strong>, attiva da dieci anni nel Capo di Leuca nella divulgazione del Jazz di alta qualit\u00e0, compie un nuovo e significativo passo nel percorso che consolida un legame sempre pi\u00f9 solido e riconosciuto con i grandi protagonisti del jazz americano.\u00a0<br><strong>Sabato 7 marzo, a Santa Maria di Leuca<\/strong>, Lampus ospita\u00a0<strong>David Hazeltine<\/strong>\u00a0alla guida del suo piano trio, per un concerto che si annuncia come uno degli appuntamenti jazzistici pi\u00f9 rilevanti della stagione.<\/p>\n\n\n\n<p><br>Considerato da molti critici uno dei pianisti pi\u00f9 completi della scena contemporanea, Hazeltine \u00e8 tra i rarissimi musicisti in grado di padroneggiare con assoluta naturalezza tutti gli ambiti del linguaggio jazzistico: improvvisazione, tecnica, accompagnamento, arrangiamento e composizione. Ancora pi\u00f9 significativa \u00e8 la sua capacit\u00e0 di innovare restando profondamente ancorato alla tradizione, qualit\u00e0 che lo ha reso uno dei pianisti jazz pi\u00f9 registrati dei nostri tempi, con 35 album come leader e centinaia di incisioni come sideman per importanti etichette internazionali.<\/p>\n\n\n\n<p><strong>Un trio d\u2019eccellenza<\/strong><br>Nato a Milwaukee,&nbsp;<strong>Hazeltine<\/strong>&nbsp;si esibiva gi\u00e0 giovanissimo nei club jazz e, prima ancora di raggiungere la maggiore et\u00e0, attir\u00f2 l\u2019attenzione di leggende come Sonny Stitt e Chet Baker, che lo incoraggiarono a trasferirsi a New York, citt\u00e0 in cui si stabil\u00ec nel 1992. Da allora ha costruito una carriera di altissimo profilo, collaborando con alcune delle figure pi\u00f9 autorevoli della storia del jazz, tra cui James Moody, Ron Carter, Joe Henderson, Pepper Adams, Marlena Shaw, Slide Hampton, Louis Hayes, Al Foster.<\/p>\n\n\n\n<p>Accanto a lui sul palco di Leuca, due musicisti di assoluto prestigio:\u00a0<strong>Paolo Benedettini<\/strong>\u00a0al contrabbasso, formatosi alla Juilliard School di New York sotto la guida di Ron Carter e protagonista di una lunga carriera internazionale, e\u00a0<strong>Xaver Hellmeier<\/strong>\u00a0alla batteria, tra i pi\u00f9 apprezzati batteristi jazz europei, profondamente radicato nella tradizione e attivo nei principali club e festival internazionali.<\/p>\n\n\n\n<p><br><strong>Un\u2019occasione perfetta per un fine settimana fronte mare in pieno relax<\/strong><br>A completare la serata, Lampus ripropone un\u2019iniziativa gi\u00e0 sperimentata con successo nelle passate stagioni, pensata per invitare il pubblico a fermarsi a Leuca dopo il concerto e vivere pienamente il luogo.\u00a0<br>Al termine dell\u2019evento musicale, \u00e8 infatti possibile partecipare a una cena conviviale e proseguire con il pernottamento fronte mare, trasformando il concerto in un\u2019esperienza pi\u00f9 ampia, fatta di tempo, ascolto e paesaggio.<br>Svegliarsi a Leuca, affacciati sul mare, dopo un concerto jazz, significa prolungare l\u2019emozione e riscoprire il valore del viaggio lento.\u00a0<br>L\u2019iniziativa \u00e8 proposta a condizioni promozionali, proprio per incoraggiare il pubblico a restare e godere appieno dell\u2019atmosfera unica di Santa Maria di Leuca.<\/p>\n\n\n\n<p>_______________<\/p>\n\n\n\n<p><br><strong>Dettagli<\/strong><\/p>\n\n\n\n<ul>\n<li>Data: sabato&nbsp;7 marzo<\/li>\n\n\n\n<li>Orario:&nbsp;19.00<\/li>\n\n\n\n<li>Luogo:&nbsp;Santa Maria di Leuca (LE) -Hotel Terminal, lungomare<\/li>\n\n\n\n<li>Accesso riservato ai soci e simpatizzanti Lampus (possibilit\u00e0 tesseramento online sul sito della biglietteria e sul posto la sera del concerto<\/li>\n\n\n\n<li>Biglietteria online:\u00a0https:\/\/oooh.events\/evento\/davi-biglietti\/<\/li>\n\n\n\n<li>Info e prenotazioni:&nbsp;WhatsApp 347 5169946<\/li>\n\n\n\n<li>Prenotazioni e informazioni cena e soggiorno: 0833 758242 (Hotel Terminal)<\/li>\n<\/ul>\n<fb:like href='https:\/\/www.leccecronaca.it\/index.php\/2026\/03\/03\/concerti-con-david-hazeltine-trio-il-grande-jazz-internazionale-in-riva-al-mare-del-salento-a-santa-maria-di-leuca-sabato-7-con-proposta-di-soggiorno-nel-fine-settimana\/' send='true' layout='button_count' show_faces='true' width='450' height='65' action='recommend' colorscheme='light' font='lucida grande'><\/fb:like><span class=\"fb_share\"><fb:like href=\"https:\/\/www.leccecronaca.it\/index.php\/2026\/03\/03\/concerti-con-david-hazeltine-trio-il-grande-jazz-internazionale-in-riva-al-mare-del-salento-a-santa-maria-di-leuca-sabato-7-con-proposta-di-soggiorno-nel-fine-settimana\/\" layout=\"button_count\"><\/fb:like><\/span>","protected":false},"excerpt":{"rendered":"<p>(Rdl) _______________ L\u2019associazione culturale\u00a0Lampus, attiva da dieci anni nel Capo di Leuca nella divulgazione del Jazz di alta qualit\u00e0, compie un nuovo e significativo passo nel percorso che consolida un legame sempre pi\u00f9 solido e riconosciuto con i grandi protagonisti del jazz americano.\u00a0Sabato 7 marzo, a Santa Maria di Leuca, Lampus ospita\u00a0David Hazeltine\u00a0alla guida del [&hellip;]<\/p>\n","protected":false},"author":4,"featured_media":256173,"comment_status":"open","ping_status":"closed","sticky":false,"template":"","format":"standard","meta":[],"categories":[31,75],"tags":[],"_links":{"self":[{"href":"https:\/\/www.leccecronaca.it\/index.php\/wp-json\/wp\/v2\/posts\/256172"}],"collection":[{"href":"https:\/\/www.leccecronaca.it\/index.php\/wp-json\/wp\/v2\/posts"}],"about":[{"href":"https:\/\/www.leccecronaca.it\/index.php\/wp-json\/wp\/v2\/types\/post"}],"author":[{"embeddable":true,"href":"https:\/\/www.leccecronaca.it\/index.php\/wp-json\/wp\/v2\/users\/4"}],"replies":[{"embeddable":true,"href":"https:\/\/www.leccecronaca.it\/index.php\/wp-json\/wp\/v2\/comments?post=256172"}],"version-history":[{"count":1,"href":"https:\/\/www.leccecronaca.it\/index.php\/wp-json\/wp\/v2\/posts\/256172\/revisions"}],"predecessor-version":[{"id":256174,"href":"https:\/\/www.leccecronaca.it\/index.php\/wp-json\/wp\/v2\/posts\/256172\/revisions\/256174"}],"wp:featuredmedia":[{"embeddable":true,"href":"https:\/\/www.leccecronaca.it\/index.php\/wp-json\/wp\/v2\/media\/256173"}],"wp:attachment":[{"href":"https:\/\/www.leccecronaca.it\/index.php\/wp-json\/wp\/v2\/media?parent=256172"}],"wp:term":[{"taxonomy":"category","embeddable":true,"href":"https:\/\/www.leccecronaca.it\/index.php\/wp-json\/wp\/v2\/categories?post=256172"},{"taxonomy":"post_tag","embeddable":true,"href":"https:\/\/www.leccecronaca.it\/index.php\/wp-json\/wp\/v2\/tags?post=256172"}],"curies":[{"name":"wp","href":"https:\/\/api.w.org\/{rel}","templated":true}]}}