{"id":256632,"date":"2026-03-12T15:00:00","date_gmt":"2026-03-12T14:00:00","guid":{"rendered":"https:\/\/www.leccecronaca.it\/?p=256632"},"modified":"2026-03-12T16:07:32","modified_gmt":"2026-03-12T15:07:32","slug":"una-denuncia-social-di-incapacita-di-organizzazione-nel-gestire-i-cantieri","status":"publish","type":"post","link":"https:\/\/www.leccecronaca.it\/index.php\/2026\/03\/12\/una-denuncia-social-di-incapacita-di-organizzazione-nel-gestire-i-cantieri\/","title":{"rendered":"UNA DENUNCIA SOCIAL DI INCAPACITA&#8217; DI ORGANIZZAZIONE NEL GESTIRE I CANTIERI"},"content":{"rendered":"\n<p><img decoding=\"async\" loading=\"lazy\" width=\"1080\" height=\"693\" class=\"wp-image-256634\" style=\"width: 1500px;\" src=\"https:\/\/www.leccecronaca.it\/wordpress\/wp-content\/uploads\/2026\/03\/busstop.jpg\" alt=\"\" srcset=\"https:\/\/www.leccecronaca.it\/wordpress\/wp-content\/uploads\/2026\/03\/busstop.jpg 1080w, https:\/\/www.leccecronaca.it\/wordpress\/wp-content\/uploads\/2026\/03\/busstop-300x193.jpg 300w, https:\/\/www.leccecronaca.it\/wordpress\/wp-content\/uploads\/2026\/03\/busstop-1024x657.jpg 1024w, https:\/\/www.leccecronaca.it\/wordpress\/wp-content\/uploads\/2026\/03\/busstop-768x493.jpg 768w\" sizes=\"(max-width: 1080px) 100vw, 1080px\" \/><\/p>\n\n\n\n<p>(Rdl) ______________ Post diffuso questo pomeriggio tramite Facebook da Filippo Montinari sulla sua pagina &#8220;Lecce di ieri &#8211; citt\u00e0 di oggi&#8221;  ___________&nbsp;<\/p>\n\n\n\n<p><a href=\"https:\/\/www.facebook.com\/hashtag\/incapaci?__eep__=6&amp;__cft__[0]=AZZPQvVVj9gA-3NDV44mQqPkfe4lAykcYZW35bzcuoq7VkqHeHqyMw_OkU3-etsvNUUqc762_pIj2LnNIVqxyWQLgsx5I5edJTJt8G9MLH1JCFyABLiiIOEv0QqdsN8NAUknkfjnT01NiQkMCpFnrZIdFZMu_zLqNcT_mxO-UO5LeQ&amp;__tn__=*NK-R\">#INCAPACI<\/a>!!! h 13,00 <a href=\"https:\/\/www.facebook.com\/hashtag\/traffico?__eep__=6&amp;__cft__[0]=AZZPQvVVj9gA-3NDV44mQqPkfe4lAykcYZW35bzcuoq7VkqHeHqyMw_OkU3-etsvNUUqc762_pIj2LnNIVqxyWQLgsx5I5edJTJt8G9MLH1JCFyABLiiIOEv0QqdsN8NAUknkfjnT01NiQkMCpFnrZIdFZMu_zLqNcT_mxO-UO5LeQ&amp;__tn__=*NK-R\">#traffico<\/a><a href=\"https:\/\/www.facebook.com\/hashtag\/caos?__eep__=6&amp;__cft__[0]=AZZPQvVVj9gA-3NDV44mQqPkfe4lAykcYZW35bzcuoq7VkqHeHqyMw_OkU3-etsvNUUqc762_pIj2LnNIVqxyWQLgsx5I5edJTJt8G9MLH1JCFyABLiiIOEv0QqdsN8NAUknkfjnT01NiQkMCpFnrZIdFZMu_zLqNcT_mxO-UO5LeQ&amp;__tn__=*NK-R\">#caos<\/a><a href=\"https:\/\/www.facebook.com\/hashtag\/smog?__eep__=6&amp;__cft__[0]=AZZPQvVVj9gA-3NDV44mQqPkfe4lAykcYZW35bzcuoq7VkqHeHqyMw_OkU3-etsvNUUqc762_pIj2LnNIVqxyWQLgsx5I5edJTJt8G9MLH1JCFyABLiiIOEv0QqdsN8NAUknkfjnT01NiQkMCpFnrZIdFZMu_zLqNcT_mxO-UO5LeQ&amp;__tn__=*NK-R\">#smog<\/a> che i cantieri creino disagio \u00e8 risaputo ed \u00e8 necessario tollerare ma aumentarne il disagio quello no non si pu\u00f2 tollerare..<\/p>\n\n\n\n<p>Un&#8217;intera citt\u00e0 ed i cittadini , indigeni e non , vittime ed ostaggio dell&#8217;incapacit\u00e0 che regna sovrana da un paio di lustri ,per assenza di studio programmazione ma soprattutto , a rigor di logica , <a href=\"https:\/\/www.facebook.com\/hashtag\/buonsenso?__eep__=6&amp;__cft__[0]=AZZPQvVVj9gA-3NDV44mQqPkfe4lAykcYZW35bzcuoq7VkqHeHqyMw_OkU3-etsvNUUqc762_pIj2LnNIVqxyWQLgsx5I5edJTJt8G9MLH1JCFyABLiiIOEv0QqdsN8NAUknkfjnT01NiQkMCpFnrZIdFZMu_zLqNcT_mxO-UO5LeQ&amp;__tn__=*NK-R\">#buonsenso<\/a> .<\/p>\n\n\n\n<p>Ma cosa costava un cartello stradale , e non solo l\u00ec, sulla deviazione di <a href=\"https:\/\/www.facebook.com\/hashtag\/vialeleopardi?__eep__=6&amp;__cft__[0]=AZZPQvVVj9gA-3NDV44mQqPkfe4lAykcYZW35bzcuoq7VkqHeHqyMw_OkU3-etsvNUUqc762_pIj2LnNIVqxyWQLgsx5I5edJTJt8G9MLH1JCFyABLiiIOEv0QqdsN8NAUknkfjnT01NiQkMCpFnrZIdFZMu_zLqNcT_mxO-UO5LeQ&amp;__tn__=*NK-R\">#VialeLeopardi<\/a> \/<a href=\"https:\/\/www.facebook.com\/hashtag\/viafrigole?__eep__=6&amp;__cft__[0]=AZZPQvVVj9gA-3NDV44mQqPkfe4lAykcYZW35bzcuoq7VkqHeHqyMw_OkU3-etsvNUUqc762_pIj2LnNIVqxyWQLgsx5I5edJTJt8G9MLH1JCFyABLiiIOEv0QqdsN8NAUknkfjnT01NiQkMCpFnrZIdFZMu_zLqNcT_mxO-UO5LeQ&amp;__tn__=*NK-R\">#ViaFrigole<\/a> \/ <a href=\"https:\/\/www.facebook.com\/hashtag\/viadipettorano?__eep__=6&amp;__cft__[0]=AZZPQvVVj9gA-3NDV44mQqPkfe4lAykcYZW35bzcuoq7VkqHeHqyMw_OkU3-etsvNUUqc762_pIj2LnNIVqxyWQLgsx5I5edJTJt8G9MLH1JCFyABLiiIOEv0QqdsN8NAUknkfjnT01NiQkMCpFnrZIdFZMu_zLqNcT_mxO-UO5LeQ&amp;__tn__=*NK-R\">#ViadiPettorano<\/a> che indicasse il <a href=\"https:\/\/www.facebook.com\/hashtag\/divietoditransitobus?__eep__=6&amp;__cft__[0]=AZZPQvVVj9gA-3NDV44mQqPkfe4lAykcYZW35bzcuoq7VkqHeHqyMw_OkU3-etsvNUUqc762_pIj2LnNIVqxyWQLgsx5I5edJTJt8G9MLH1JCFyABLiiIOEv0QqdsN8NAUknkfjnT01NiQkMCpFnrZIdFZMu_zLqNcT_mxO-UO5LeQ&amp;__tn__=*NK-R\">#Divietoditransitobus<\/a> su via di Pettorano?<\/p>\n\n\n\n<p>Ma come si pu\u00f2 consentire che decine di bus lunghi oltre 12 metri con quelli anche doppi da 18 transitino verso la villa comunale su Via Costadura, con un semaforo il cui verde dura pochi secondi, creando bordello e casino su tutte le vie affluenti?<\/p>\n\n\n\n<p>Stesso discorso per il quartiere Santa Rosa con via Mincio ed il caos di via Brenta ,Adriatica etc et..<\/p>\n\n\n\n<p>Pulmann e Bus etc etc devono essere deviati verso l&#8217;estrema periferia, tipo da viale Leopardi,  viale De Gasperi direzione via Bormida attraversando via Giammatteo direzione via Adriatica etc poi rientrando da superstrada per raggiungere le fermate di viale Calasso etc&#8230;<\/p>\n\n\n\n<p><img decoding=\"async\" loading=\"lazy\" width=\"1156\" height=\"867\" class=\"wp-image-256633\" style=\"width: 1500px;\" src=\"https:\/\/www.leccecronaca.it\/wordpress\/wp-content\/uploads\/2026\/03\/649502488_1357763919721974_1902828137305743783_n.jpg\" alt=\"\" srcset=\"https:\/\/www.leccecronaca.it\/wordpress\/wp-content\/uploads\/2026\/03\/649502488_1357763919721974_1902828137305743783_n.jpg 1156w, https:\/\/www.leccecronaca.it\/wordpress\/wp-content\/uploads\/2026\/03\/649502488_1357763919721974_1902828137305743783_n-300x225.jpg 300w, https:\/\/www.leccecronaca.it\/wordpress\/wp-content\/uploads\/2026\/03\/649502488_1357763919721974_1902828137305743783_n-1024x768.jpg 1024w, https:\/\/www.leccecronaca.it\/wordpress\/wp-content\/uploads\/2026\/03\/649502488_1357763919721974_1902828137305743783_n-768x576.jpg 768w, https:\/\/www.leccecronaca.it\/wordpress\/wp-content\/uploads\/2026\/03\/649502488_1357763919721974_1902828137305743783_n-400x300.jpg 400w\" sizes=\"(max-width: 1156px) 100vw, 1156px\" \/><\/p>\n\n\n\n<p><\/p>\n\n\n\n<p>______________<\/p>\n\n\n\n<p>LA RICERCA nel nostro articolo di ieri<\/p>\n\n\n\n<figure class=\"wp-block-embed is-type-wp-embed is-provider-leccecronaca-it wp-block-embed-leccecronaca-it\"><div class=\"wp-block-embed__wrapper\">\n<blockquote class=\"wp-embedded-content\" data-secret=\"mmlkHUuFxt\"><a href=\"https:\/\/www.leccecronaca.it\/index.php\/2026\/03\/11\/iddhra-ha-sempre-ragione-la-discutibile-comunicazione-istituzionale-nel-video-commissionato-dal-comune-di-lecce-a-gianpaolo-catalano-morelli-sui-cantieri-infiniti-in-citta\/\">IDDHRA HA SEMPRE RAGIONE. LA DISCUTIBILE &#8220;comunicazione istituzionale&#8221; NEL VIDEO COMMISSIONATO DAL COMUNE DI LECCE A GIAMPAOLO CATALANO MORELLI SUI CANTIERI INFINITI IN CITTA&#8217;<\/a><\/blockquote><iframe class=\"wp-embedded-content\" sandbox=\"allow-scripts\" security=\"restricted\" style=\"position: absolute; clip: rect(1px, 1px, 1px, 1px);\" title=\"&#8220;IDDHRA HA SEMPRE RAGIONE. LA DISCUTIBILE &#8220;comunicazione istituzionale&#8221; NEL VIDEO COMMISSIONATO DAL COMUNE DI LECCE A GIAMPAOLO CATALANO MORELLI SUI CANTIERI INFINITI IN CITTA&#8217;&#8221; &#8212; LecceCronaca.it\" src=\"https:\/\/www.leccecronaca.it\/index.php\/2026\/03\/11\/iddhra-ha-sempre-ragione-la-discutibile-comunicazione-istituzionale-nel-video-commissionato-dal-comune-di-lecce-a-gianpaolo-catalano-morelli-sui-cantieri-infiniti-in-citta\/embed\/#?secret=BrnbrciacW#?secret=mmlkHUuFxt\" data-secret=\"mmlkHUuFxt\" width=\"500\" height=\"282\" frameborder=\"0\" marginwidth=\"0\" marginheight=\"0\" scrolling=\"no\"><\/iframe>\n<\/div><\/figure>\n<fb:like href='https:\/\/www.leccecronaca.it\/index.php\/2026\/03\/12\/una-denuncia-social-di-incapacita-di-organizzazione-nel-gestire-i-cantieri\/' send='true' layout='button_count' show_faces='true' width='450' height='65' action='recommend' colorscheme='light' font='lucida grande'><\/fb:like><span class=\"fb_share\"><fb:like href=\"https:\/\/www.leccecronaca.it\/index.php\/2026\/03\/12\/una-denuncia-social-di-incapacita-di-organizzazione-nel-gestire-i-cantieri\/\" layout=\"button_count\"><\/fb:like><\/span>","protected":false},"excerpt":{"rendered":"<p>(Rdl) ______________ Post diffuso questo pomeriggio tramite Facebook da Filippo Montinari sulla sua pagina &#8220;Lecce di ieri &#8211; citt\u00e0 di oggi&#8221; ___________&nbsp; #INCAPACI!!! h 13,00 #traffico#caos#smog che i cantieri creino disagio \u00e8 risaputo ed \u00e8 necessario tollerare ma aumentarne il disagio quello no non si pu\u00f2 tollerare.. Un&#8217;intera citt\u00e0 ed i cittadini , indigeni e [&hellip;]<\/p>\n","protected":false},"author":4,"featured_media":256634,"comment_status":"open","ping_status":"closed","sticky":false,"template":"","format":"standard","meta":[],"categories":[1,69,76],"tags":[],"_links":{"self":[{"href":"https:\/\/www.leccecronaca.it\/index.php\/wp-json\/wp\/v2\/posts\/256632"}],"collection":[{"href":"https:\/\/www.leccecronaca.it\/index.php\/wp-json\/wp\/v2\/posts"}],"about":[{"href":"https:\/\/www.leccecronaca.it\/index.php\/wp-json\/wp\/v2\/types\/post"}],"author":[{"embeddable":true,"href":"https:\/\/www.leccecronaca.it\/index.php\/wp-json\/wp\/v2\/users\/4"}],"replies":[{"embeddable":true,"href":"https:\/\/www.leccecronaca.it\/index.php\/wp-json\/wp\/v2\/comments?post=256632"}],"version-history":[{"count":5,"href":"https:\/\/www.leccecronaca.it\/index.php\/wp-json\/wp\/v2\/posts\/256632\/revisions"}],"predecessor-version":[{"id":256640,"href":"https:\/\/www.leccecronaca.it\/index.php\/wp-json\/wp\/v2\/posts\/256632\/revisions\/256640"}],"wp:featuredmedia":[{"embeddable":true,"href":"https:\/\/www.leccecronaca.it\/index.php\/wp-json\/wp\/v2\/media\/256634"}],"wp:attachment":[{"href":"https:\/\/www.leccecronaca.it\/index.php\/wp-json\/wp\/v2\/media?parent=256632"}],"wp:term":[{"taxonomy":"category","embeddable":true,"href":"https:\/\/www.leccecronaca.it\/index.php\/wp-json\/wp\/v2\/categories?post=256632"},{"taxonomy":"post_tag","embeddable":true,"href":"https:\/\/www.leccecronaca.it\/index.php\/wp-json\/wp\/v2\/tags?post=256632"}],"curies":[{"name":"wp","href":"https:\/\/api.w.org\/{rel}","templated":true}]}}