{"id":256691,"date":"2026-03-14T15:04:31","date_gmt":"2026-03-14T14:04:31","guid":{"rendered":"https:\/\/www.leccecronaca.it\/?p=256691"},"modified":"2026-03-14T22:01:11","modified_gmt":"2026-03-14T21:01:11","slug":"la-folgorazione-tardiva-sulleuropa-nazione","status":"publish","type":"post","link":"https:\/\/www.leccecronaca.it\/index.php\/2026\/03\/14\/la-folgorazione-tardiva-sulleuropa-nazione\/","title":{"rendered":"LA GABANELLI E LA FOLGORAZIONE TARDIVA SULL&#8217;EUROPA NAZIONE."},"content":{"rendered":"\n<p><img decoding=\"async\" loading=\"lazy\" width=\"1599\" height=\"1500\" class=\"wp-image-256693\" style=\"width: 900px;\" src=\"https:\/\/www.leccecronaca.it\/wordpress\/wp-content\/uploads\/2026\/03\/meloni-stati-unititrumpmelonistati-unitieuropavignettasatiracartoonmeme-italianimelcoreleccecronaca-1.jpg\" alt=\"\" srcset=\"https:\/\/www.leccecronaca.it\/wordpress\/wp-content\/uploads\/2026\/03\/meloni-stati-unititrumpmelonistati-unitieuropavignettasatiracartoonmeme-italianimelcoreleccecronaca-1.jpg 1599w, https:\/\/www.leccecronaca.it\/wordpress\/wp-content\/uploads\/2026\/03\/meloni-stati-unititrumpmelonistati-unitieuropavignettasatiracartoonmeme-italianimelcoreleccecronaca-1-300x281.jpg 300w, https:\/\/www.leccecronaca.it\/wordpress\/wp-content\/uploads\/2026\/03\/meloni-stati-unititrumpmelonistati-unitieuropavignettasatiracartoonmeme-italianimelcoreleccecronaca-1-1024x961.jpg 1024w, https:\/\/www.leccecronaca.it\/wordpress\/wp-content\/uploads\/2026\/03\/meloni-stati-unititrumpmelonistati-unitieuropavignettasatiracartoonmeme-italianimelcoreleccecronaca-1-768x720.jpg 768w, https:\/\/www.leccecronaca.it\/wordpress\/wp-content\/uploads\/2026\/03\/meloni-stati-unititrumpmelonistati-unitieuropavignettasatiracartoonmeme-italianimelcoreleccecronaca-1-1536x1441.jpg 1536w\" sizes=\"(max-width: 1599px) 100vw, 1599px\" \/>Melcore Valerio________Di recente ho incontrato in palestra un ex avversario politico, un ragazzo che cinquant&#8217;anni fa militava esattamente &#8216;dall&#8217;altra parte&#8217; rispetto a me. Guardarci dopo tanto tempo mi ha fatto riflettere. All&#8217;epoca il mondo era spaccato a met\u00e0, c&#8217;era la Guerra Fredda e stare da una parte o dall&#8217;altra non era una scelta da salotto, ma una questione di sopravvivenza, un obbligo storico. Noi l&#8217;abbiamo vissuto e pagato sulla nostra pelle, nelle piazze e nella vita di tutti i giorni. Forse per questo motivo le parole pronunciate da Milena Gabanelli a La7, con quel suo crudo realismo &#8220;non \u00e8 che Dio ci ha ordinato di metterci a 90&#8221;, mi hanno spinto a scrivere due righe. La giornalista ha il merito di fotografare una realt\u00e0 innegabile: l&#8217;ombrello americano non \u00e8 pi\u00f9 una garanzia incondizionata. Le scelte degli Stati Uniti, specialmente nella declinazione &#8220;America First&#8221; di Donald Trump, obbediscono a interessi nazionali che spesso collidono frontalmente con i nostri, esponendoci a crisi energetiche, caos migratorio e rischi per la sicurezza nel quadrante mediterraneo e balcanico.<\/p>\n\n\n\n<p>Il suo appello finale affinch\u00e9 i Paesi europei &#8220;trovino la forza di fare muro e di unirsi in una strategia comune&#8221; \u00e8, dal punto di vista geopolitico, ineccepibile. Tuttavia, ascoltare oggi questo inno alla sovranit\u00e0 continentale da parte dell&#8217;establishment mediatico progressista provoca un inevitabile, e amaro, sorriso in chi possiede un minimo di memoria storica.<\/p>\n\n\n\n<p>C&#8217;\u00e8 stato un tempo, durato quasi mezzo secolo, in cui la politica italiana ed europea era ingabbiata in un bipolarismo asfissiante. Da una parte la sinistra, storicamente e ideologicamente schierata o comunque indulgente verso l&#8217;Unione Sovietica. Dall&#8217;altra i partiti di centro, con in testa la Democrazia Cristiana, che garantivano una fedelt\u00e0 atlantica totale, spesso sconfinante nell&#8217;appiattimento acritico sulle posizioni di Washington. In mezzo, a fare da vaso di coccio, c&#8217;erano gli interessi strategici italiani ed europei.<\/p>\n\n\n\n<p>In quegli anni, parlare di una terza via era un&#8217;eresia.&nbsp;<strong>Era unicamente la destra politica e culturale a portare avanti l&#8217;idea visionaria dell\u2019Europa Nazione&#8221;.<\/strong>&nbsp;Si parlava, inascoltati, di un&#8217;Europa sovrana, armata, unita politicamente e non vassalla n\u00e9 di Mosca n\u00e9 di Washington; un blocco continentale capace di difendere i propri confini, di dialogare con il Mediterraneo e di pesare sullo scacchiere mondiale. Chi osava proporre questo modello veniva sistematicamente sbeffeggiato, ignorato o tacciato di anacronismo e pericoloso nazionalismo.<\/p>\n\n\n\n<p>Oggi, di fronte all&#8217;evidenza di uno Zio Sam che si fa i fatti propri e ci lascia il conto da pagare, assistiamo a una vera e propria folgorazione sulla via di Damasco. L&#8217;intellighenzia che per decenni ha delegato la nostra sicurezza alla NATO, deridendo l&#8217;idea di un blocco europeo indipendente, si sveglia improvvisamente orfana e scopre la stringente necessit\u00e0 di una &#8220;grande nazione europea&#8221;.<\/p>\n\n\n\n<p>Peccato che, forse, sia troppo tardi, per decenni si \u00e8 sprecata l&#8217;occasione di costruire un&#8217;Europa politica, preferendo edificare un mastodonte burocratico e finanziario. Abbiamo unito le monete ma non gli eserciti; abbiamo uniformato le regole sui mercati, ma non abbiamo mai costruito una politica estera, energetica e di difesa condivisa. Abbiamo smantellato progressivamente le sovranit\u00e0 nazionali senza sostituirle con una vera sovranit\u00e0 continentale.<\/p>\n\n\n\n<p>Ben venga, dunque, la consapevolezza della Gabanelli. Benvenuti a tutti coloro che oggi si accorgono che gli Stati Uniti sono l&#8217;alleato pi\u00f9 forte, ma restano pur sempre una potenza straniera con i propri spietati interessi. Ma la geopolitica non si improvvisa, costruire un'&#8221;Europa Nazione&#8221; capace di sedersi al tavolo delle superpotenze richiede decenni di visione, identit\u00e0 e coraggio politico, non pu\u00f2 essere, purtroppo, solo la reazione spaventata di chi si accorge, fuori tempo massimo, di essere rimasto solo in mezzo al guado.<\/p>\n<fb:like href='https:\/\/www.leccecronaca.it\/index.php\/2026\/03\/14\/la-folgorazione-tardiva-sulleuropa-nazione\/' send='true' layout='button_count' show_faces='true' width='450' height='65' action='recommend' colorscheme='light' font='lucida grande'><\/fb:like><span class=\"fb_share\"><fb:like href=\"https:\/\/www.leccecronaca.it\/index.php\/2026\/03\/14\/la-folgorazione-tardiva-sulleuropa-nazione\/\" layout=\"button_count\"><\/fb:like><\/span>","protected":false},"excerpt":{"rendered":"<p>Melcore Valerio________Di recente ho incontrato in palestra un ex avversario politico, un ragazzo che cinquant&#8217;anni fa militava esattamente &#8216;dall&#8217;altra parte&#8217; rispetto a me. Guardarci dopo tanto tempo mi ha fatto riflettere. All&#8217;epoca il mondo era spaccato a met\u00e0, c&#8217;era la Guerra Fredda e stare da una parte o dall&#8217;altra non era una scelta da salotto, [&hellip;]<\/p>\n","protected":false},"author":1,"featured_media":0,"comment_status":"open","ping_status":"closed","sticky":false,"template":"","format":"standard","meta":[],"categories":[1],"tags":[],"_links":{"self":[{"href":"https:\/\/www.leccecronaca.it\/index.php\/wp-json\/wp\/v2\/posts\/256691"}],"collection":[{"href":"https:\/\/www.leccecronaca.it\/index.php\/wp-json\/wp\/v2\/posts"}],"about":[{"href":"https:\/\/www.leccecronaca.it\/index.php\/wp-json\/wp\/v2\/types\/post"}],"author":[{"embeddable":true,"href":"https:\/\/www.leccecronaca.it\/index.php\/wp-json\/wp\/v2\/users\/1"}],"replies":[{"embeddable":true,"href":"https:\/\/www.leccecronaca.it\/index.php\/wp-json\/wp\/v2\/comments?post=256691"}],"version-history":[{"count":2,"href":"https:\/\/www.leccecronaca.it\/index.php\/wp-json\/wp\/v2\/posts\/256691\/revisions"}],"predecessor-version":[{"id":256705,"href":"https:\/\/www.leccecronaca.it\/index.php\/wp-json\/wp\/v2\/posts\/256691\/revisions\/256705"}],"wp:attachment":[{"href":"https:\/\/www.leccecronaca.it\/index.php\/wp-json\/wp\/v2\/media?parent=256691"}],"wp:term":[{"taxonomy":"category","embeddable":true,"href":"https:\/\/www.leccecronaca.it\/index.php\/wp-json\/wp\/v2\/categories?post=256691"},{"taxonomy":"post_tag","embeddable":true,"href":"https:\/\/www.leccecronaca.it\/index.php\/wp-json\/wp\/v2\/tags?post=256691"}],"curies":[{"name":"wp","href":"https:\/\/api.w.org\/{rel}","templated":true}]}}