{"id":256695,"date":"2026-03-15T00:02:00","date_gmt":"2026-03-14T23:02:00","guid":{"rendered":"https:\/\/www.leccecronaca.it\/?p=256695"},"modified":"2026-03-14T16:19:29","modified_gmt":"2026-03-14T15:19:29","slug":"le-tavole-di-san-giuseppe-a-minervino-di-lecce-cocumola-e-specchia-gallone-da-domenica-15-a-giovedi-19-il-programma-completo-di-questa-suggestiva-tradizione-popolare-salentina-di-fede-e-identita","status":"publish","type":"post","link":"https:\/\/www.leccecronaca.it\/index.php\/2026\/03\/15\/le-tavole-di-san-giuseppe-a-minervino-di-lecce-cocumola-e-specchia-gallone-da-domenica-15-a-giovedi-19-il-programma-completo-di-questa-suggestiva-tradizione-popolare-salentina-di-fede-e-identita\/","title":{"rendered":"LE TAVOLE DI SAN GIUSEPPE A MINERVINO DI LECCE, COCUMOLA E SPECCHIA GALLONE DA DOMENICA 15 A GIOVEDI&#8217; 19. IL PROGRAMMA COMPLETO DI QUESTA SUGGESTIVA TRADIZIONE POPOLARE SALENTINA DI FEDE E IDENTITA&#8217;"},"content":{"rendered":"\n<p><img decoding=\"async\" loading=\"lazy\" width=\"1200\" height=\"1600\" class=\"wp-image-256696\" style=\"width: 1500px;\" src=\"https:\/\/www.leccecronaca.it\/wordpress\/wp-content\/uploads\/2026\/03\/coverta.jpg\" alt=\"\" srcset=\"https:\/\/www.leccecronaca.it\/wordpress\/wp-content\/uploads\/2026\/03\/coverta.jpg 1200w, https:\/\/www.leccecronaca.it\/wordpress\/wp-content\/uploads\/2026\/03\/coverta-225x300.jpg 225w, https:\/\/www.leccecronaca.it\/wordpress\/wp-content\/uploads\/2026\/03\/coverta-768x1024.jpg 768w, https:\/\/www.leccecronaca.it\/wordpress\/wp-content\/uploads\/2026\/03\/coverta-1152x1536.jpg 1152w\" sizes=\"(max-width: 1200px) 100vw, 1200px\" \/><\/p>\n\n\n\n<p><strong>(l.c.) _________________ <\/strong>Si aprono oggi \u00a0domenica 15 marzo a Minervino di Lecce con la &#8220;Pannikia&#8221;, antica cerimonia di benedizione del pane appartenente alla tradizione del rito bizantino (detta pi\u00f9 comunemente \u201cPanik\u00eca\u201d), le Tavole di San Giuseppe, appuntamento devozionale che caratterizza il paese del dolmen Li Scusi e le sue frazioni di Cocumola e Specchia Gallone. Dove anche quest\u2019anno, per la quarta volta, la tradizione identitaria del luogo incontra il progetto \u201cBorghi divini tra Santi, fiabe e megaliti\u201d, organizzato dal Comune di Minervino e dall\u2019associazione \u201cMercatino del Gusto\u201d con il sostegno dell\u2019Unione europea (NextGeneration EU), Italiadomani \u2013 Piano nazionale di ripresa e resilienza, Regione Puglia e Ministero della Cultura e patrocinio della Provincia di Lecce. \u00a0<\/p>\n\n\n\n<p>Un omaggio devozionale denso di contenuti \u2013 in programma da domani, 15 marzo, a gioved\u00ec 19 marzo \u2013 che abbina i momenti religiosi a quelli pi\u00f9 strettamente enogastronomici, culturali e di approfondimento dei significati della festa dedicata a San Giuseppe, padre putativo di Ges\u00f9: figura umile, laboriosa, silenziosa e caritatevole. E \u2013 in ossequio a uno dei temi prescelti quest\u2019anno \u2013 giusta e fraterna: di qui il legame con la \u201cPannikia\u201d, che incarna la sacralit\u00e0 del cibo primordiale, visto che il pane benedetto viene successivamente distribuito tra i fedeli in segno di fratellanza e protezione divina, mantenendo viva l&#8217;eredit\u00e0 bizantina dei territori di rito latino. <\/p>\n\n\n\n<p>Il rito sar\u00e0 celebrato domani dopo la Santa Messa delle 10 presso la chiesa di San Michele Arcangelo, in piazza Umberto I, e sar\u00e0 presieduto da Papas Nik Pace, parroco della Chiesa greca di Lecce.<\/p>\n\n\n\n<p>La seconda delle giornate dedicate alle Tavole di San Giuseppe, luned\u00ec 16 marzo, prevede invece \u2013 presso la sala consiliare del Municipio, in via Duca degli Abruzzi \u2013 la presentazione del libro \u201cLa Tavola di San Giuseppe: origine, descrizione, culto e devozione\u201d di Mimmo Bevilacqua. Dopo i saluti del sindaco di Minervino di Lecce, Antonio Marte, e di don Matteo Brunetta, parroco di San Michele Arcangelo e San Biagio VM, l\u2019autore dialogher\u00e0 con Franco Merico, ricercatore e docente di Sociologia dell\u2019Universit\u00e0 del Salento. Interverr\u00e0 Eugenio Imbriani, docente di Antropologia culturale e storia delle tradizioni popolari dell\u2019Universit\u00e0 del Salento. _______________<\/p>\n\n\n\n<p>LE TAVOLE DI SAN GIUSEPPE FESTA ANTICA CHE PARLA AL PRESENTE<\/p>\n\n\n\n<p><em>A Minervino di Lecce, Cocumola, Specchia Gallone dal 15 al 19 marzo prossimo<\/em><\/p>\n\n\n\n<p>San Giuseppe, \u201cuomo giusto e responsabile\u201d. E un rito antico che attraversa i tempi e parla ancora al presente, cementando il senso di comunit\u00e0 degli abitanti di questi luoghi. Sono le \u201cTavole di San Giuseppe\u201d, appuntamento che d\u00e0 voce come ogni anno alla devozione e alla solidariet\u00e0 del territorio di Minervino di Lecce, Cocumola e Specchia, abbinando i momenti religiosi a quelli pi\u00f9 strettamente enogastronomici, culturali, di approfondimento dei significati della festa. &nbsp;Che anche quest\u2019anno, prevista dal 15 al 19 marzo \u2013 giorno della ricorrenza di San Giuseppe &#8211; mette insieme la religiosit\u00e0 naturale degli abitanti di questi luoghi e la loro ancestrale attitudine alla condivisione: un omaggio secolare al padre putativo di Ges\u00f9, figura umile, laboriosa, silenziosa e caritatevole. E \u2013 in ossequio a uno dei temi di quest\u2019anno &#8211; giusta.<\/p>\n\n\n\n<p>Anche quest\u2019anno la manifestazione, inserita nel progetto \u201cBorghi divini tra Santi, fiabe e megaliti\u201d,&nbsp; \u00e8 per il quarto anno consecutivo organizzata dal Comune di Minervino e dall\u2019associazione \u201cMercatino del Gusto\u201d con il sostegno dell\u2019Unione europea (NextGeneration EU), Italiadomani \u2013 Piano nazionale di ripresa e resilienza, Regione Puglia e Ministero della Cultura e patrocinio della Provincia di Lecce. &nbsp;<\/p>\n\n\n\n<p>L\u2019edizione 2026 \u00e8 stata presentata stamattina nella sala conferenze di Palazzo Adorno in una conferenza stampa introdotta dal responsabile della comunicazione del Mercatino del Gusto Gianfranco Ruggeri e dal capo di gabinetto della Provincia Roberto Merenda. &nbsp;Presente il sindaco di Minervino di Lecce, Antonio Marte, che nel ringraziare i concittadini per la consueta disponibilit\u00e0 ha posto l\u2019accento sulla necessit\u00e0 di promuovere lo straordinario patrimonio culturale del territorio di Minervino anche sottolineando il valore della legalit\u00e0, uno dei temi portanti dell\u2019edizione 2026 delle Tavole, e la specificit\u00e0 di una manifestazione che apre a tutti molte case private, \u201ccosa che non accade in nessun altro posto d\u2019Italia\u201d. Gli ha fatto eco Salvatore Santese, presidente dell\u2019associazione \u201cMercatino del Gusto\u201d, che nel chiudere l\u2019esperienza di collaborazione con il Comune ha sottolineato come sia fondamentale dare speranza ai pi\u00f9 giovani grazie alla valorizzazione del territorio: \u201cAbbiamo imparato a Minervino l\u2019importanza della devozione, anche come motore di sviluppo\u201d. E questo \u00e8 stato il motivo per coinvolgere le tre scuole del territorio in iniziative significative della festa, ha ricordato Silvia Albertone, dirigente scolastica dell\u2019Istituto comprensivo di Minervino di Lecce.<\/p>\n\n\n\n<p>Ospitalit\u00e0 sacra, quindi: non a caso la preparazione delle Tavole, ricche di cibi simbolici e rituali, \u00e8 devozione per il Santo ma al tempo stesso un gesto antico tramite il quale, il 19 marzo di ogni anno, le case privilegiate si aprivano ai meno abbienti. Una consuetudine che ha trasformato nel tempo le Tavole di San Giuseppe da abitudine quasi privata a caposaldo del patrimonio culturale immateriale del territorio. In un\u2019occasione di incontro tra la comunit\u00e0 minervinese e chiunque voglia partecipare alla festa, esempio felice di quel turismo lento, sostenibile e di prossimit\u00e0 che privilegia le destinazioni meno note e le esperienze autentiche.<\/p>\n\n\n\n<p>Le Tavole, allestite come atto devozionale per grazia ricevuta, richiesta di intercessione o semplicemente come atto di carit\u00e0, vengono preparate con estrema cura, seguendo regole rituali, utilizzando le tovaglie pi\u00f9 preziose, fiori, ceri accesi come omaggio all\u2019immagine o alla statua del santo. Le pietanze &#8211; \u00a0ben 169 piatti, \u00a0esattamente 13 pietanze per ciascuno dei 13 Santi presenti &#8211; sono cariche di simbologia cristiana e fanno parte della tradizione gastronomica rurale del Salento, massima espressione della sua stagionalit\u00e0: non a caso, durante la festa, anche \u00a0i ristoranti del territorio mettono in carta un piatto espressione della festa. Ogni pietanza racconta una storia, ogni gesto rimanda a un valore: l\u2019attesa, la tavola imbandita, il cibo condiviso, i gesti ripetuti della tradizione che non sono solo memoria, ma segni vivi di una cultura della responsabilit\u00e0 e di una rinnovata giustizia, in primis sociale: in questa edizione della festa, infatti, il valore tradizionale delle Tavole di San Giuseppe si coniuga alla cultura della responsabilit\u00e0 civica e consapevole, della legalit\u00e0 come valore assoluto. \u00a0Buona parte del cibo prodotto per la festa andr\u00e0 alla Caritas e ad associazioni del territorio che si occupano di bisognosi, ha spiegato in conferenza stampa don Matteo Brunetta, parroco di San Michele Arcangelo e di San Biagio VM, sottolineando ancora una volta le doti di umilt\u00e0, disponibilit\u00e0 e responsabilit\u00e0 di San Giuseppe\u201d, pronto a farsi carico comunque di un bimbo che non aveva generato. ____________<\/p>\n\n\n\n<p><img decoding=\"async\" loading=\"lazy\" width=\"1600\" height=\"739\" class=\"wp-image-256697\" style=\"width: 800px;\" src=\"https:\/\/www.leccecronaca.it\/wordpress\/wp-content\/uploads\/2026\/03\/Le-Tavole-di-San-Giuseppe.jpg\" alt=\"\" srcset=\"https:\/\/www.leccecronaca.it\/wordpress\/wp-content\/uploads\/2026\/03\/Le-Tavole-di-San-Giuseppe.jpg 1600w, https:\/\/www.leccecronaca.it\/wordpress\/wp-content\/uploads\/2026\/03\/Le-Tavole-di-San-Giuseppe-300x139.jpg 300w, https:\/\/www.leccecronaca.it\/wordpress\/wp-content\/uploads\/2026\/03\/Le-Tavole-di-San-Giuseppe-1024x473.jpg 1024w, https:\/\/www.leccecronaca.it\/wordpress\/wp-content\/uploads\/2026\/03\/Le-Tavole-di-San-Giuseppe-768x355.jpg 768w, https:\/\/www.leccecronaca.it\/wordpress\/wp-content\/uploads\/2026\/03\/Le-Tavole-di-San-Giuseppe-1536x709.jpg 1536w, https:\/\/www.leccecronaca.it\/wordpress\/wp-content\/uploads\/2026\/03\/Le-Tavole-di-San-Giuseppe-630x290.jpg 630w, https:\/\/www.leccecronaca.it\/wordpress\/wp-content\/uploads\/2026\/03\/Le-Tavole-di-San-Giuseppe-315x145.jpg 315w\" sizes=\"(max-width: 1600px) 100vw, 1600px\" \/><\/p>\n\n\n\n<p><strong>Il programma degli altri giorni<\/strong><\/p>\n\n\n\n<p><strong>INCONTRO LETTERARIO <\/strong><strong><\/strong><\/p>\n\n\n\n<p><strong>Luned\u00ec 16 marzo 2026 ore 18.00, <\/strong>Sala consiliare del Municipio &#8211; Via Duca degli Abruzzi<\/p>\n\n\n\n<p><strong>PRESENTAZIONE DEL LIBRO<\/strong><\/p>\n\n\n\n<p><strong><em>\u201cLa Tavola di San Giuseppe: origine, descrizione, culto e devozione\u201d <\/em><\/strong>&nbsp;di <strong>Mimmo BEVILACQUA<\/strong><\/p>\n\n\n\n<p><strong>SALUTI<\/strong><\/p>\n\n\n\n<p><strong>Antonio MARTE <\/strong>&#8211; Sindaco di Minervino di Lecce<\/p>\n\n\n\n<p><strong>Don Matteo BRUNETTA <\/strong>&#8211; Parroco di San Michele Arcangelo e San Biagio VM<\/p>\n\n\n\n<p><strong>DIALOGA CON L\u2019AUTORE<\/strong><\/p>\n\n\n\n<p><strong>Franco MERICO <\/strong>&#8211; Ricercatore e docente di Sociologia dell\u2019Universit\u00e0 del Salento<\/p>\n\n\n\n<p><strong>INTERVIENE<\/strong><\/p>\n\n\n\n<p><strong>Eugenio IMBRIANI<\/strong> -Docente di Antropologia culturale e storia delle tradizioni popolari dell\u2019Universit\u00e0 del Salento<\/p>\n\n\n\n<p><strong>CONVEGNO<\/strong><\/p>\n\n\n\n<p><strong>GIUSEPPE: UOMO GIUSTO.<\/strong><\/p>\n\n\n\n<p><strong><em>LE TAVOLE TRA RITO, CIBO E CULTURA DELLA LEGALIT\u00c0<\/em><\/strong><\/p>\n\n\n\n<p><strong>Marted\u00ec 17 marzo 2026 ore 17.30, <\/strong>Sala consiliare del Municipio &#8211; Via Duca degli Abruzzi<\/p>\n\n\n\n<p>San Giuseppe, <em>uomo giusto<\/em>, incarna una legalit\u00e0 discreta e operosa: una giustizia che non cerca visibilit\u00e0, ma si esprime nel lavoro quotidiano, nella cura degli altri, nel rispetto delle regole come forma di amore verso la comunit\u00e0. In questa prospettiva il rito delle Tavole diventa metafora concreta di una <strong>legalit\u00e0 che nutre<\/strong>, che include i pi\u00f9 fragili, che contrasta lo spreco e rafforza i legami sociali. &nbsp;<\/p>\n\n\n\n<p><strong>SALUTI ISTITUZIONALI<\/strong><\/p>\n\n\n\n<p><strong>Antonio MARTE <\/strong>&#8211; Sindaco di Minervino di Lecce<\/p>\n\n\n\n<p><strong>Salvatore SANTESE <\/strong>\u2013 Presidente associazione Mercatino del Gusto di Maglie<\/p>\n\n\n\n<p><strong>RELATORI<\/strong><\/p>\n\n\n\n<p><strong>Mons. Francesco NERI &nbsp;<\/strong>&#8211; Arcivescovo di Otranto, <strong><em>Giuseppe uomo fedele alla legge e custode premuroso<\/em><\/strong><\/p>\n\n\n\n<p><strong>Elsa DI MEO, <em>La civilt\u00e0 del grano inseguendo l\u2019anima del pane<\/em><\/strong><\/p>\n\n\n\n<p><strong>Paolo MIGGIANO, <em>La legalit\u00e0 tra sacro e profano<\/em><\/strong><\/p>\n\n\n\n<p><strong>Matteo FOSCARINI, <em>I giovani e le tradizioni<\/em><\/strong><\/p>\n\n\n\n<p><strong>INTERVIENE<\/strong><\/p>\n\n\n\n<p><strong>Antonio DE DONNO <\/strong>&nbsp;&#8211; gi\u00e0 Procuratore Capo della Repubblica di Brindisi<\/p>\n\n\n\n<p><strong>MODERA <\/strong>&nbsp;<strong>Leda CESARI<\/strong><\/p>\n\n\n\n<p>GUSTOLAB \u2013 LA CUCINA DELLE TAVOLE DI SAN GIUSEPPE<\/p>\n\n\n\n<p><strong>IL GESTO DELLA TAVOLA: PREPARARE, OFFRIRE, CONDIVIDERE<\/strong><\/p>\n\n\n\n<p><strong>Mercoled\u00ec 18 marzo 2026 ore 13.00, <\/strong>&nbsp;Ex asilo Scarciglia \u2013 via Sant\u2019Angelo<\/p>\n\n\n\n<p>La preparazione collettiva come atto di fede, Il ruolo delle famiglie e della comunit\u00e0, il significato dell\u2019offerta e della distribuzione del cibo, la tavola come spazio di accoglienza e carit\u00e0.<\/p>\n\n\n\n<p><strong>Degustazione <\/strong>&nbsp;di pane rituale di San Giuseppe, legumi e verdure della tradizione, olio e agrumi come simboli di abbondanza e dono<\/p>\n\n\n\n<p><strong>In compagnia di<\/strong><\/p>\n\n\n\n<p><strong>Michele BRUNO \u2013 Elsa DI MEO \u2013 Tiziana PARLANGELI \u2013 Francesco ZOMP\u00cc<\/strong><\/p>\n\n\n\n<p><strong>I CIBI SIMBOLICI DELLA TAVOLA DI SAN GIUSEPPE: SIGNIFICATI, STAGIONI, TERRITORIO<\/strong><\/p>\n\n\n\n<p><strong>Gioved\u00ec 19 marzo 2026 ore 13.00, <\/strong>Ex Asilo Scarciglia via Sant\u2019Angelo<\/p>\n\n\n\n<p>Il numero delle pietanze e il suo valore simbolico, ingredienti poveri e stagionali, il legame tra calendario liturgico e agricolo, tradizione gastronomica come patrimonio immateriale.<\/p>\n\n\n\n<p><strong>Degustazione guidata di <\/strong>zuppa rituale di legumi, pasta tradizionale con erbe spontanee, dolce di San Giuseppe reinterpretato in chiave contemporanea<\/p>\n\n\n\n<p><strong>In compagnia di<\/strong><\/p>\n\n\n\n<p><strong>Gino L. DIMITRI \u2013 Roberto MUSAR\u00d2 \u2013 Touria KHALLADY \u2013 Francesco ZOMP\u00cc<\/strong><\/p>\n\n\n\n<p>PERCORSO GASTRONOMICO TRA CHIESE, PALAZZI E CASE DEI DEVOTI<\/p>\n\n\n\n<p><strong>TAVOLA ITINERANTE DI CONOSCENZA E CONDIVISIONE<\/strong><\/p>\n\n\n\n<p><strong>Mercoledi 18 marzo 2026, ore 16.00<\/strong><\/p>\n\n\n\n<p><strong><em>Apertura della Tavola \u2013 Scuola secondaria di primo grado \u201cG. Macchi\u201d \u2013 <\/em><\/strong>Via Duca degli Abruzzi, 20<\/p>\n\n\n\n<p>Il percorso gastronomico si snoda lungo le vie del territorio comunale, unendo idealmente i tre centri abitati in un unico abbraccio corale in cui le tradizioni locali potranno essere scoperte e condivise presso i punti di ristoro della <strong><em>\u201cTavola itinerante\u201d<\/em><\/strong>, dislocati in vari punti del territorio. Una selezione delle tredici pietanze tipiche, realizzate esclusivamente con prodotti di aziende locali, sar\u00e0 offerta e potr\u00e0 essere degustata intorno al calore di piccoli fal\u00f2. Con questo spirito l\u2019evento si aprir\u00e0 con la <strong><em>\u201cTavola didattica della legalit\u00e0\u201d <\/em><\/strong>presso la Scuola secondaria di primo grado \u201cG. Macchi\u201d, un alto richiamo ai valori della giustizia e del bene comune realizzato attraverso il coinvolgimento attivo di tutta la comunit\u00e0 scolastica.<\/p>\n\n\n\n<p>L\u2019evento sar\u00e0 ufficialmente inaugurato da<br><strong>Natalino Domenico MANNO <\/strong>\u2013 Prefetto di Lecce<\/p>\n\n\n\n<p>alla presenza delle massime autorit\u00e0<\/p>\n\n\n\n<p><strong>Antonio DECARO <\/strong>\u2013 Presidente della Regione Puglia<br><strong>Fabio TARANTINO <\/strong>\u2013 Presidente della Provincia di Lecce<br><strong>Don Antonio COLUCCIA <\/strong>\u2013 Fondatore dell\u2019Opera Don Giustino e simbolo della lotta all\u2019illegalit\u00e0<\/p>\n\n\n\n<p>Seguiranno i saluti istituzionali. Punto di snodo della manifestazione sar\u00e0 <strong>Piazza Umberto I <\/strong>a Minervino, centro nevralgico che ospiter\u00e0 la Tavola a cura della Pro loco e la Tavola a cura del \u201cGruppo famiglia\u201d, e si potranno trovare&nbsp; un punto ristoro di degustazione della \u201cmassa\u201d nell\u2019oratorio parrocchiale, mappatura dei percorsi, punto di accoglienza ed infopoint, capolinea del servizio navetta: un collegamento con pi\u00f9 fermate che percorrer\u00e0 i centri di Minervino, Specchia Gallone e Cocumola intercettando i percorsi delle tavole dei devoti e dei punti di ristoro della <em>\u201cTavola itinerante\u201d<\/em>.<\/p>\n\n\n\n<p><strong>Punti di ristoro e degustazione<\/strong><\/p>\n\n\n\n<p><strong>Massa di San Giuseppe <\/strong>\u2013 Oratorio parrocchiale \u2013 Minervino di Lecce<\/p>\n\n\n\n<p><strong>Massa di San Giuseppe <\/strong>\u2013 Chiesa Sant\u2019Anna \u2013 Specchia Gallone<\/p>\n\n\n\n<p><strong>Vermicelli e pesce fritto <\/strong>\u2013 Piazza San Nicola \u2013 Cocumola<\/p>\n\n\n\n<p><strong>Lampascioni, rape lesse e ceci <\/strong>\u2013 Rione San Pietro \u2013 Minervino di Lecce<\/p>\n\n\n\n<p><strong>Pittule <\/strong>\u2013 Rione Padre Pio \u2013 Minervino di Lecce<\/p>\n\n\n\n<p><strong>Pane, olio e finocchi <\/strong>\u2013 Via Borgo Murtole, 10 \u2013 Minervino di Lecce<\/p>\n\n\n\n<p><strong>Purceddhuzzi <\/strong>\u2013 Via Proc. G. Bandello, 50 \u2013 Minervino di Lecce<\/p>\n\n\n\n<p>LE TAVOLE DI MINERVINO, COCUMOLA e SPECCHIA GALLONE<\/p>\n\n\n\n<p><strong>Mercoled\u00ec 18 marzo 2026 dalle 18,00 in poi e gioved\u00ec 19 marzo dalle 9.00 alle 12.00<\/strong><\/p>\n\n\n\n<p>Nel primo pomeriggio di <strong><em>mercoledi 18 marzo<\/em><\/strong>, le case dei devoti aprono le loro porte all&#8217;accoglienza, la benedizione sacerdotale consacra l\u2019inizio dell&#8217;ospitalit\u00e0 e del pellegrinaggio in onore del Santo. Tale ciclo di devozione e condivisione trova il suo compimento allo scoccare del mezzogiorno del giorno seguente, quando, con la chiusura delle porte, l&#8217;evento travalica la dimensione pubblica per concludersi nel rito della consumazione celebrata in assoluta intimit\u00e0 familiare.<\/p>\n\n\n\n<p>La <em>\u201cTavola didattica della legalit\u00e0\u201d <\/em>si concluder\u00e0 con la consumazione alle ore 11 di gioved\u00ec 19 alla presenza degli alunni e dei loro genitori. I Sette Santi sono i componenti del Consiglio comunale dei ragazzi e delle ragazze.<\/p>\n\n\n\n<p>La <em>\u201cTavola dei bambini\u201d <\/em>presso la Chiesa di Sant\u2019Antonio &#8211; P.zza IV Novembre a cura dell\u2019associazione \u201cMinervino Mini Town\u201d sar\u00e0 composta da 18 bambini (2 per ogni Santo) e sar\u00e0 distribuita alle ore 15 di gioved\u00ec 19 alla presenza di tutti i bambini e delle loro famiglie.<\/p>\n\n\n\n<p>La <em>\u201cTavola della solidariet\u00e0\u201d <\/em>a cura Lions Club Maglie &#8211; presso Palazzo Scarciglia si potr\u00e0 visitare sino alla serata di gioved\u00ec 19. A conclusione, ai Tredici Santi convenuti, rappresentanti di associazioni caritatevoli operanti sul territorio provinciale, saranno donati 10 pacchi alimentari per le famiglie pi\u00f9 bisognose.<\/p>\n\n\n\n<p>Nella mattinata di <strong><em>gioved\u00ec 19 marzo<\/em><\/strong>, il Comitato Festa \u201cSant\u2019Antonio\u201d curer\u00e0 il tradizionale omaggio bandistico tra le vie di Minervino. Le note della banda, seguendo il profumo e il tracciato delle Tavole di San Giuseppe porteranno tra i vicoli l&#8217;eco intramontabile della tradizione.<\/p>\n\n\n\n<p>WORDS IN ROOMS<\/p>\n\n\n\n<p>A cura del <strong>Lions Club Maglie<br><\/strong><strong><em>Dialoghi conviviali con aperitivo<br><\/em><\/strong><strong>\u201cLE TAVOLE DI SAN GIUSEPPE: TRADIZIONE E TURISMO SOSTENIBILE\u201d<\/strong><\/p>\n\n\n\n<p><strong>Gioved\u00ec 19 marzo ore 18,30 &#8211; <\/strong>Via Scarciglia, 14<\/p>\n\n\n\n<p><strong>SALUTI ISTITUZIONALI<\/strong><\/p>\n\n\n\n<p><strong>Antonio MARTE <\/strong>&#8211; Sindaco di Minervino di Lecce<\/p>\n\n\n\n<p><strong>Angelica PICCINNO <\/strong>&#8211; Vicepresidente Leo Club Maglie<\/p>\n\n\n\n<p><strong>Gabriella PICCINNO <\/strong>&#8211; Presidente Lions Club Maglie<\/p>\n\n\n\n<p><strong>Girolamo TORTORELLI <\/strong>&#8211; Governatore Lions<\/p>\n\n\n\n<p><strong>INTERVERRANNO<\/strong><\/p>\n\n\n\n<p><strong>Ornella RICCHIUTO <\/strong>&#8211; Dottoranda in Scienze del Patrimonio Culturale, Universit\u00e0 del Salento<\/p>\n\n\n\n<p><strong><em>\u201cDietro le quinte\u201d. Le Tavole di San Giuseppe tra etnografie e comunit\u00e0 patrimoniali<\/em><\/strong><\/p>\n\n\n\n<p><strong>Gianluca PALMA <\/strong>&#8211; Artigiano dell\u2019immaginario<\/p>\n\n\n\n<p><strong><em>Abitare le parole: Turismo, cultura e spaesamento<\/em><\/strong><\/p>\n\n\n\n<p><strong>Matteo FOSCARINI <\/strong>&#8211; Presidente Rigenerazione Minervino<\/p>\n\n\n\n<p><strong><em>I giovani, custodi della tradizione<\/em><\/strong><\/p>\n\n\n\n<p><strong>PRESENTA<\/strong><\/p>\n\n\n\n<p><strong>Carmen MANCARELLA<\/strong><\/p>\n\n\n\n<p>Al pianoforte <strong>Anna Lucia FRACASSO<\/strong><\/p>\n\n\n\n<p><strong>Gioved\u00ec 19 marzo: Festa di San Giuseppe<\/strong><\/p>\n\n\n\n<p><strong>Ore 8.00-10.00<\/strong>: SantaMessa, <strong>ore 17,00<\/strong> &nbsp;Processione<\/p>\n\n\n\n<p><strong>SPECCHIA GALLONE <\/strong>&#8211; Parrocchia San Biagio VM<\/p>\n\n\n\n<p><strong>Mercoled\u00ec 18 marzo, ore 17.30 in poi: <\/strong>Benedizione delle Tavole<\/p>\n\n\n\n<p><strong>Gioved\u00ec 19 marzo: Festa di San Giuseppe &#8211; ore 11.30<\/strong>: Santa Messa<\/p>\n\n\n\n<p><strong>COCUMOLA <\/strong>&#8211; Parrocchia San Nicola V<\/p>\n\n\n\n<p><strong>Mercoled\u00ec 18 marzo: Festa di San Giuseppe<\/strong><\/p>\n\n\n\n<p><strong>ore 17.30 <\/strong>Santa Messa presieduta da Mons. Francesco NERI; a seguire processione e benedizione delle Tavole dei devoti.<\/p>\n\n\n\n<p><img decoding=\"async\" loading=\"lazy\" width=\"1200\" height=\"1600\" class=\"wp-image-256698\" style=\"width: 800px;\" src=\"https:\/\/www.leccecronaca.it\/wordpress\/wp-content\/uploads\/2026\/03\/fondotasan.jpg\" alt=\"\" srcset=\"https:\/\/www.leccecronaca.it\/wordpress\/wp-content\/uploads\/2026\/03\/fondotasan.jpg 1200w, https:\/\/www.leccecronaca.it\/wordpress\/wp-content\/uploads\/2026\/03\/fondotasan-225x300.jpg 225w, https:\/\/www.leccecronaca.it\/wordpress\/wp-content\/uploads\/2026\/03\/fondotasan-768x1024.jpg 768w, https:\/\/www.leccecronaca.it\/wordpress\/wp-content\/uploads\/2026\/03\/fondotasan-1152x1536.jpg 1152w\" sizes=\"(max-width: 1200px) 100vw, 1200px\" \/><\/p>\n<fb:like href='https:\/\/www.leccecronaca.it\/index.php\/2026\/03\/15\/le-tavole-di-san-giuseppe-a-minervino-di-lecce-cocumola-e-specchia-gallone-da-domenica-15-a-giovedi-19-il-programma-completo-di-questa-suggestiva-tradizione-popolare-salentina-di-fede-e-identita\/' send='true' layout='button_count' show_faces='true' width='450' height='65' action='recommend' colorscheme='light' font='lucida grande'><\/fb:like><span class=\"fb_share\"><fb:like href=\"https:\/\/www.leccecronaca.it\/index.php\/2026\/03\/15\/le-tavole-di-san-giuseppe-a-minervino-di-lecce-cocumola-e-specchia-gallone-da-domenica-15-a-giovedi-19-il-programma-completo-di-questa-suggestiva-tradizione-popolare-salentina-di-fede-e-identita\/\" layout=\"button_count\"><\/fb:like><\/span>","protected":false},"excerpt":{"rendered":"<p>(l.c.) _________________ Si aprono oggi \u00a0domenica 15 marzo a Minervino di Lecce con la &#8220;Pannikia&#8221;, antica cerimonia di benedizione del pane appartenente alla tradizione del rito bizantino (detta pi\u00f9 comunemente \u201cPanik\u00eca\u201d), le Tavole di San Giuseppe, appuntamento devozionale che caratterizza il paese del dolmen Li Scusi e le sue frazioni di Cocumola e Specchia Gallone. [&hellip;]<\/p>\n","protected":false},"author":4,"featured_media":256696,"comment_status":"open","ping_status":"closed","sticky":false,"template":"","format":"standard","meta":[],"categories":[1,31,75],"tags":[],"_links":{"self":[{"href":"https:\/\/www.leccecronaca.it\/index.php\/wp-json\/wp\/v2\/posts\/256695"}],"collection":[{"href":"https:\/\/www.leccecronaca.it\/index.php\/wp-json\/wp\/v2\/posts"}],"about":[{"href":"https:\/\/www.leccecronaca.it\/index.php\/wp-json\/wp\/v2\/types\/post"}],"author":[{"embeddable":true,"href":"https:\/\/www.leccecronaca.it\/index.php\/wp-json\/wp\/v2\/users\/4"}],"replies":[{"embeddable":true,"href":"https:\/\/www.leccecronaca.it\/index.php\/wp-json\/wp\/v2\/comments?post=256695"}],"version-history":[{"count":1,"href":"https:\/\/www.leccecronaca.it\/index.php\/wp-json\/wp\/v2\/posts\/256695\/revisions"}],"predecessor-version":[{"id":256699,"href":"https:\/\/www.leccecronaca.it\/index.php\/wp-json\/wp\/v2\/posts\/256695\/revisions\/256699"}],"wp:featuredmedia":[{"embeddable":true,"href":"https:\/\/www.leccecronaca.it\/index.php\/wp-json\/wp\/v2\/media\/256696"}],"wp:attachment":[{"href":"https:\/\/www.leccecronaca.it\/index.php\/wp-json\/wp\/v2\/media?parent=256695"}],"wp:term":[{"taxonomy":"category","embeddable":true,"href":"https:\/\/www.leccecronaca.it\/index.php\/wp-json\/wp\/v2\/categories?post=256695"},{"taxonomy":"post_tag","embeddable":true,"href":"https:\/\/www.leccecronaca.it\/index.php\/wp-json\/wp\/v2\/tags?post=256695"}],"curies":[{"name":"wp","href":"https:\/\/api.w.org\/{rel}","templated":true}]}}