{"id":256794,"date":"2026-03-17T00:29:00","date_gmt":"2026-03-16T23:29:00","guid":{"rendered":"https:\/\/www.leccecronaca.it\/?p=256794"},"modified":"2026-03-17T16:05:34","modified_gmt":"2026-03-17T15:05:34","slug":"mingo-de-pasquale-al-cavallino-bianco-di-galatina-per-i-per_corsi-darte-a-teatro","status":"publish","type":"post","link":"https:\/\/www.leccecronaca.it\/index.php\/2026\/03\/17\/mingo-de-pasquale-al-cavallino-bianco-di-galatina-per-i-per_corsi-darte-a-teatro\/","title":{"rendered":"SULL&#8217;IMPROVVISAZIONE TEATRALE CON MINGO DE PASQUALE IL QUARTO APPUNTAMENTO CON I \u201cPer_corsi d\u2019arte a Teatro\u201d A GALATINA MERCOLEDI&#8217; 18"},"content":{"rendered":"\n<figure class=\"wp-block-image size-large\"><img decoding=\"async\" loading=\"lazy\" width=\"873\" height=\"1024\" src=\"https:\/\/www.leccecronaca.it\/wordpress\/wp-content\/uploads\/2026\/03\/1000257513-873x1024.jpg\" alt=\"\" class=\"wp-image-256795\" srcset=\"https:\/\/www.leccecronaca.it\/wordpress\/wp-content\/uploads\/2026\/03\/1000257513-873x1024.jpg 873w, https:\/\/www.leccecronaca.it\/wordpress\/wp-content\/uploads\/2026\/03\/1000257513-256x300.jpg 256w, https:\/\/www.leccecronaca.it\/wordpress\/wp-content\/uploads\/2026\/03\/1000257513-768x901.jpg 768w, https:\/\/www.leccecronaca.it\/wordpress\/wp-content\/uploads\/2026\/03\/1000257513.jpg 1048w\" sizes=\"(max-width: 873px) 100vw, 873px\" \/><\/figure>\n\n\n\n<p><\/p>\n\n\n\n<p>(Rdl) ___________Continuano gli appuntamenti con i Per_corsi d&#8217;arte a Teatro al Cavallino Bianco di Galatina organizzati da Vito d&#8217;Agostino Produzioni srl e Compagnia Theatrum con la collaborazione della Amministrazione comunale di Galatina. <\/p>\n\n\n\n<p>Mingo de Pasquale sar\u00e0 protagonista del prossimo laboratorio: improvvisazione teatrale.<\/p>\n\n\n\n<p>Artista poliedrico del panorama teatrale e televisivo italiano. Attore, autore e formatore, De Pasquale ha costruito negli anni un linguaggio espressivo capace di unire ironia, profondit\u00e0 e una forte attenzione al sociale.<\/p>\n\n\n\n<p>La sua presenza rappresenta un valore aggiunto significativo: non solo per il bagaglio artistico che porta con s\u00e9, ma per l\u2019energia e la passione con cui riesce a trasmettere il senso pi\u00f9 profondo del fare teatro.<\/p>\n\n\n\n<p>Leccecronaca.it l&#8217;ha intervistato per i suoi lettori. <\/p>\n\n\n\n<p><\/p>\n\n\n\n<p>D- Mingo cosa dobbiamo aspettarci da questa esperienza?\u201c <\/p>\n\n\n\n<p>R- &#8220;Prima di tutto un pomeriggio di grande divertimento. L&#8217;improvvisazione teatrale \u00e8 libert\u00e0, gioco e sorpresa. In due ore e mezza lavoreremo sull\u2019ascolto, sulla fantasia e sulla capacit\u00e0 di reagire all\u2019imprevisto. Non \u00e8 un\u2019esperienza solo per chi vuole fare l\u2019attore: \u00e8 un allenamento alla vita, perch\u00e9 ci insegna a fidarci di noi stessi, a stare nel momento e scoprire che spesso le cose pi\u00f9 belle nascono proprio quando non sono programmate.<\/p>\n\n\n\n<figure class=\"wp-block-image size-large is-resized\"><img decoding=\"async\" loading=\"lazy\" src=\"https:\/\/www.leccecronaca.it\/wordpress\/wp-content\/uploads\/2026\/03\/1000252813-724x1024.jpg\" alt=\"\" class=\"wp-image-256796\" width=\"307\" height=\"432\"\/><\/figure>\n\n\n\n<p><\/p>\n\n\n\n<p>D- In che modo possiamo spingere al massimo il concetto che il teatro fa bene al cuore e alla mente? Specie in un momento storico in cui l&#8217;immersione nella tecnologia sembra fagocitare tutto e tutti?<\/p>\n\n\n\n<p>R- &#8220;Il teatro \u00e8 uno dei pochi luoghi rimasti dove le persone possono davvero incontrarsi. Non attraverso uno schermo, ma nello stesso spazio, respirando la stessa energia. In un tempo in cui la tecnologia rischia di assorbire tutto, il teatro ci ricorda qualcosa di essenziale: il valore della presenza, dell\u2019ascolto e dell\u2019emozione condivisa. Ed \u00e8 proprio questa esperienza viva che nutre il cuore e  libera la mente&#8221;.<\/p>\n\n\n\n<p><\/p>\n<fb:like href='https:\/\/www.leccecronaca.it\/index.php\/2026\/03\/17\/mingo-de-pasquale-al-cavallino-bianco-di-galatina-per-i-per_corsi-darte-a-teatro\/' send='true' layout='button_count' show_faces='true' width='450' height='65' action='recommend' colorscheme='light' font='lucida grande'><\/fb:like><span class=\"fb_share\"><fb:like href=\"https:\/\/www.leccecronaca.it\/index.php\/2026\/03\/17\/mingo-de-pasquale-al-cavallino-bianco-di-galatina-per-i-per_corsi-darte-a-teatro\/\" layout=\"button_count\"><\/fb:like><\/span>","protected":false},"excerpt":{"rendered":"<p>(Rdl) ___________Continuano gli appuntamenti con i Per_corsi d&#8217;arte a Teatro al Cavallino Bianco di Galatina organizzati da Vito d&#8217;Agostino Produzioni srl e Compagnia Theatrum con la collaborazione della Amministrazione comunale di Galatina. Mingo de Pasquale sar\u00e0 protagonista del prossimo laboratorio: improvvisazione teatrale. Artista poliedrico del panorama teatrale e televisivo italiano. Attore, autore e formatore, De [&hellip;]<\/p>\n","protected":false},"author":4,"featured_media":256795,"comment_status":"open","ping_status":"closed","sticky":false,"template":"","format":"standard","meta":[],"categories":[1],"tags":[],"_links":{"self":[{"href":"https:\/\/www.leccecronaca.it\/index.php\/wp-json\/wp\/v2\/posts\/256794"}],"collection":[{"href":"https:\/\/www.leccecronaca.it\/index.php\/wp-json\/wp\/v2\/posts"}],"about":[{"href":"https:\/\/www.leccecronaca.it\/index.php\/wp-json\/wp\/v2\/types\/post"}],"author":[{"embeddable":true,"href":"https:\/\/www.leccecronaca.it\/index.php\/wp-json\/wp\/v2\/users\/4"}],"replies":[{"embeddable":true,"href":"https:\/\/www.leccecronaca.it\/index.php\/wp-json\/wp\/v2\/comments?post=256794"}],"version-history":[{"count":3,"href":"https:\/\/www.leccecronaca.it\/index.php\/wp-json\/wp\/v2\/posts\/256794\/revisions"}],"predecessor-version":[{"id":256803,"href":"https:\/\/www.leccecronaca.it\/index.php\/wp-json\/wp\/v2\/posts\/256794\/revisions\/256803"}],"wp:featuredmedia":[{"embeddable":true,"href":"https:\/\/www.leccecronaca.it\/index.php\/wp-json\/wp\/v2\/media\/256795"}],"wp:attachment":[{"href":"https:\/\/www.leccecronaca.it\/index.php\/wp-json\/wp\/v2\/media?parent=256794"}],"wp:term":[{"taxonomy":"category","embeddable":true,"href":"https:\/\/www.leccecronaca.it\/index.php\/wp-json\/wp\/v2\/categories?post=256794"},{"taxonomy":"post_tag","embeddable":true,"href":"https:\/\/www.leccecronaca.it\/index.php\/wp-json\/wp\/v2\/tags?post=256794"}],"curies":[{"name":"wp","href":"https:\/\/api.w.org\/{rel}","templated":true}]}}