{"id":257642,"date":"2026-04-04T10:00:00","date_gmt":"2026-04-04T08:00:00","guid":{"rendered":"https:\/\/www.leccecronaca.it\/?p=257642"},"modified":"2026-04-04T12:54:39","modified_gmt":"2026-04-04T10:54:39","slug":"i-carabinieri-in-grande-uniforme-per-le-processioni-del-venerdi-santo","status":"publish","type":"post","link":"https:\/\/www.leccecronaca.it\/index.php\/2026\/04\/04\/i-carabinieri-in-grande-uniforme-per-le-processioni-del-venerdi-santo\/","title":{"rendered":"I CARABINIERI IN GRANDE UNIFORME PER LE PROCESSIONI DEL VENERDI&#8217; SANTO"},"content":{"rendered":"\n<p><img decoding=\"async\" loading=\"lazy\" width=\"1081\" height=\"1021\" class=\"wp-image-257643\" style=\"width: 1500px;\" src=\"https:\/\/www.leccecronaca.it\/wordpress\/wp-content\/uploads\/2026\/04\/ccprogalatone.jpg\" alt=\"\" srcset=\"https:\/\/www.leccecronaca.it\/wordpress\/wp-content\/uploads\/2026\/04\/ccprogalatone.jpg 1081w, https:\/\/www.leccecronaca.it\/wordpress\/wp-content\/uploads\/2026\/04\/ccprogalatone-300x283.jpg 300w, https:\/\/www.leccecronaca.it\/wordpress\/wp-content\/uploads\/2026\/04\/ccprogalatone-1024x967.jpg 1024w, https:\/\/www.leccecronaca.it\/wordpress\/wp-content\/uploads\/2026\/04\/ccprogalatone-768x725.jpg 768w\" sizes=\"(max-width: 1081px) 100vw, 1081px\" \/><\/p>\n\n\n\n<p>Report del Comando Provinciale dei Carabinieri di Lecce ____________<br><\/p>\n\n\n\n<p>In occasione delle solenni celebrazioni del Venerd\u00ec Santo, momento di profonda spiritualit\u00e0 e di radicata tradizione per le comunit\u00e0 del Salento, l\u2019Arma dei Carabinieri ha assicurato la propria qualificata presenza istituzionale (foto sopra, a Galatone; foto sotto, a Gallipoli) rinnovando un legame storico con il territorio e con i valori che ne esprimono l\u2019identit\u00e0 culturale e religiosa.<br>Tale partecipazione si iscrive nelle tradizionali funzioni di rappresentanza dell\u2019Arma, quale espressione della costante vicinanza dello Stato alla collettivit\u00e0 e quale segno di deferente rispetto verso riti e consuetudini che, nel tempo, hanno assunto un alto valore simbolico e identitario.<br>Il Comando Provinciale Carabinieri di Lecce ha coordinato il dispositivo predisposto per l\u2019occasione, avvalendosi delle Compagnie di Lecce, Maglie, Tricase, Gallipoli e Campi Salentina, nonch\u00e9 dei militari delle Stazioni competenti sul territorio che hanno preso parte alle manifestazioni religiose indossando la Grande Uniforme Speciale (G.U.S.). Ogni Carabiniere \u00e8 divenuto quindi parte viva di una storia che dura da secoli.<\/p>\n\n\n\n<p><br>Una divisa nera, adornata da alamari argentati, scivola con eleganza sulle spalle, mentre i paramani catturano la luce con i suoi dettagli storici, evocando rigore e disciplina dell\u2019Istituzione. Lungo i pantaloni, le bande rosse segnano con decisione la linea della figura, richiamando uno dei tratti pi\u00f9 distintivi e riconoscibili dell\u2019Arma, simbolo di coraggio e identit\u00e0. Il copricapo, coronato dal pennacchio, completa l\u2019uniforme conferendo ulteriore tocco di solennit\u00e0 visiva, completando l\u2019immagine di un Arma al contempo austera e rispettosa. Ogni distintivo, ogni fregio, racconta storie di dedizione, onore e senso dello Stato, mentre i passi dei Carabinieri scandiscono il ritmo delle processioni, integrandosi armoniosamente con i canti e i silenzi dei fedeli.<br>Non soltanto un\u2019uniforme, quindi, ma in questa veste la G.U.S. diventa simbolo tangibile del legame che da sempre esiste tra Arma e comunit\u00e0 religiosa a testimonianza del rispetto per la tradizione e per la continuit\u00e0 tra istituzione e cittadini.<br>La G.U.S. ha arricchito di solennit\u00e0 le celebrazioni, ricordando a tutti che la professionalit\u00e0 e la disciplina dei Carabinieri convivono con la cultura, la storia e la spiritualit\u00e0 del territorio. In un contesto in cui la dimensione religiosa si coniuga con quella civile, la presenza dell&#8217;Arma assume un alto valore aggiunto nel segno della legalit\u00e0, della sicurezza e della prossimit\u00e0.<br>L\u2019Arma dei Carabinieri rinnova, anche in tale circostanza, il proprio impegno al servizio del Paese, nel solco dei valori di dedizione, disciplina e onore che ne ispirano quotidianamente l\u2019azione.<br>Lecce, 5 aprile 2026<\/p>\n\n\n\n<p><img decoding=\"async\" loading=\"lazy\" width=\"903\" height=\"1600\" class=\"wp-image-257644\" style=\"width: 800px;\" src=\"https:\/\/www.leccecronaca.it\/wordpress\/wp-content\/uploads\/2026\/04\/ccvenegallipoli.jpg\" alt=\"\" srcset=\"https:\/\/www.leccecronaca.it\/wordpress\/wp-content\/uploads\/2026\/04\/ccvenegallipoli.jpg 903w, https:\/\/www.leccecronaca.it\/wordpress\/wp-content\/uploads\/2026\/04\/ccvenegallipoli-169x300.jpg 169w, https:\/\/www.leccecronaca.it\/wordpress\/wp-content\/uploads\/2026\/04\/ccvenegallipoli-578x1024.jpg 578w, https:\/\/www.leccecronaca.it\/wordpress\/wp-content\/uploads\/2026\/04\/ccvenegallipoli-768x1361.jpg 768w, https:\/\/www.leccecronaca.it\/wordpress\/wp-content\/uploads\/2026\/04\/ccvenegallipoli-867x1536.jpg 867w\" sizes=\"(max-width: 903px) 100vw, 903px\" \/><\/p>\n<fb:like href='https:\/\/www.leccecronaca.it\/index.php\/2026\/04\/04\/i-carabinieri-in-grande-uniforme-per-le-processioni-del-venerdi-santo\/' send='true' layout='button_count' show_faces='true' width='450' height='65' action='recommend' colorscheme='light' font='lucida grande'><\/fb:like><span class=\"fb_share\"><fb:like href=\"https:\/\/www.leccecronaca.it\/index.php\/2026\/04\/04\/i-carabinieri-in-grande-uniforme-per-le-processioni-del-venerdi-santo\/\" layout=\"button_count\"><\/fb:like><\/span>","protected":false},"excerpt":{"rendered":"<p>Report del Comando Provinciale dei Carabinieri di Lecce ____________ In occasione delle solenni celebrazioni del Venerd\u00ec Santo, momento di profonda spiritualit\u00e0 e di radicata tradizione per le comunit\u00e0 del Salento, l\u2019Arma dei Carabinieri ha assicurato la propria qualificata presenza istituzionale (foto sopra, a Galatone; foto sotto, a Gallipoli) rinnovando un legame storico con il territorio [&hellip;]<\/p>\n","protected":false},"author":4,"featured_media":257643,"comment_status":"open","ping_status":"closed","sticky":false,"template":"","format":"standard","meta":[],"categories":[69],"tags":[],"_links":{"self":[{"href":"https:\/\/www.leccecronaca.it\/index.php\/wp-json\/wp\/v2\/posts\/257642"}],"collection":[{"href":"https:\/\/www.leccecronaca.it\/index.php\/wp-json\/wp\/v2\/posts"}],"about":[{"href":"https:\/\/www.leccecronaca.it\/index.php\/wp-json\/wp\/v2\/types\/post"}],"author":[{"embeddable":true,"href":"https:\/\/www.leccecronaca.it\/index.php\/wp-json\/wp\/v2\/users\/4"}],"replies":[{"embeddable":true,"href":"https:\/\/www.leccecronaca.it\/index.php\/wp-json\/wp\/v2\/comments?post=257642"}],"version-history":[{"count":1,"href":"https:\/\/www.leccecronaca.it\/index.php\/wp-json\/wp\/v2\/posts\/257642\/revisions"}],"predecessor-version":[{"id":257645,"href":"https:\/\/www.leccecronaca.it\/index.php\/wp-json\/wp\/v2\/posts\/257642\/revisions\/257645"}],"wp:featuredmedia":[{"embeddable":true,"href":"https:\/\/www.leccecronaca.it\/index.php\/wp-json\/wp\/v2\/media\/257643"}],"wp:attachment":[{"href":"https:\/\/www.leccecronaca.it\/index.php\/wp-json\/wp\/v2\/media?parent=257642"}],"wp:term":[{"taxonomy":"category","embeddable":true,"href":"https:\/\/www.leccecronaca.it\/index.php\/wp-json\/wp\/v2\/categories?post=257642"},{"taxonomy":"post_tag","embeddable":true,"href":"https:\/\/www.leccecronaca.it\/index.php\/wp-json\/wp\/v2\/tags?post=257642"}],"curies":[{"name":"wp","href":"https:\/\/api.w.org\/{rel}","templated":true}]}}