{"id":258324,"date":"2026-04-26T15:30:00","date_gmt":"2026-04-26T13:30:00","guid":{"rendered":"https:\/\/www.leccecronaca.it\/?p=258324"},"modified":"2026-04-26T16:15:09","modified_gmt":"2026-04-26T14:15:09","slug":"il-pranzo-della-domenica-per-il-gran-finale-dopo-due-anni-di-questa-fortunata-rubrica-il-nostro-invitato-speciale-e-invitato-a-casa-sua","status":"publish","type":"post","link":"https:\/\/www.leccecronaca.it\/index.php\/2026\/04\/26\/il-pranzo-della-domenica-per-il-gran-finale-dopo-due-anni-di-questa-fortunata-rubrica-il-nostro-invitato-speciale-e-invitato-a-casa-sua\/","title":{"rendered":"IL PRANZO DELLA DOMENICA \/\u00a0PER IL GRAN FINALE, DOPO DUE ANNI, DI QUESTA FORTUNATA RUBRICA, IL NOSTRO INVITATO SPECIALE&#8230;E&#8217; INVITATO A CASA SUA!"},"content":{"rendered":"\n<p><img decoding=\"async\" loading=\"lazy\" width=\"1200\" height=\"1600\" class=\"wp-image-258325\" style=\"width: 1500px;\" src=\"https:\/\/www.leccecronaca.it\/wordpress\/wp-content\/uploads\/2026\/04\/poloprdui.jpg\" alt=\"\" srcset=\"https:\/\/www.leccecronaca.it\/wordpress\/wp-content\/uploads\/2026\/04\/poloprdui.jpg 1200w, https:\/\/www.leccecronaca.it\/wordpress\/wp-content\/uploads\/2026\/04\/poloprdui-225x300.jpg 225w, https:\/\/www.leccecronaca.it\/wordpress\/wp-content\/uploads\/2026\/04\/poloprdui-768x1024.jpg 768w, https:\/\/www.leccecronaca.it\/wordpress\/wp-content\/uploads\/2026\/04\/poloprdui-1152x1536.jpg 1152w\" sizes=\"(max-width: 1200px) 100vw, 1200px\" \/><\/p>\n\n\n\n<p>di <strong>Raffaele Polo _______________<\/strong><\/p>\n\n\n\n<p>Non potevamo concludere questo nostro excursus su &#8216;Il pranzo della domenica&#8217;, senza recarci a parlare proprio con l&#8217;autore o, meglio, con la sua famiglia, formata attualmente da una moglie e tre gatti.<\/p>\n\n\n\n<p>\u00abI tre felini di casa sono il buonissimo Ciccio, gatto coccolone bianco e nero; Thomas, il pirata,tutto nero e Sophy, la gatta calico che mi segue ovunque&#8230;\u00bb <\/p>\n\n\n\n<p>Ad illustrarci le caratteristiche degli abitanti di casa Polo \u00e8 Albarosa, moglie di Raffaele che sorride, ricordando il passato: \u00abOrmai sono oltre cinquant&#8217;anni che dividiamo tutto, soprattutto la cucina&#8230;\u00bb<\/p>\n\n\n\n<p>\u00abMa Raffaele sa cucinare?\u00bb<\/p>\n\n\n\n<p>\u00abAssolutamente no. Per\u00f2 mangia veramente tutto e non si lamenta mai. Diciamo che gli piace sedersi a tavola e vuotare quello che c&#8217;\u00e8 nel piatto&#8230; La domenica, veramente, l&#8217;ho perso di vista, ogni volta invitato da qualcuno, con la scusa di questa rubrica, ha costretto me e i nostri gatti a fare a meno di lui. Ma poi, nei giorni successivi ha recuperato ampliamente&#8230;\u00bb<\/p>\n\n\n\n<p>\u00abEcco, oggi cosa hai preparato?\u00bb<\/p>\n\n\n\n<p>\u00abGli piace la trippa, fatta con carota, piselli e sedano. E poi la bresaola come la fa lui (\u00e8 una delle poche specialit\u00e0 gastronomiche che realizza con piacere) con la rucola, le scaglie di grana e i carciofini.<\/p>\n\n\n\n<p>Oggi poi c&#8217;\u00e8 un pezzo di &#8216;Puzzone di Moena&#8217;, accuratamente sigillato. E lui, che ama il formaggio, vedrete che lo finir\u00e0&#8230; \u00bb<\/p>\n\n\n\n<p>\u00abE per il vino?\u00bb<\/p>\n\n\n\n<p>\u00abEcco, spero che non ci senta: Raffaele \u00e8 nato a Piacenza e, dalla sua infanzia conserva alcuni sapori. Tra questi, il vino che si chiama Gutturnio, non \u00e8 male, ma io preferisco i nostri vini&#8230;\u00bb<\/p>\n\n\n\n<p>\u00abE di cosa parlate, durante il pranzo?\u00bb<\/p>\n\n\n\n<p>\u00abIo sono come il Commissario Montalbano: quando mangio non voglio parlare, mi concentro sul cibo&#8230; E allora, c&#8217;\u00e8 poco da fare, non si parla: si gustano le pietanze e basta&#8230;\u00bb<\/p>\n\n\n\n<p><\/p>\n\n\n\n<p>\u00abRaffaele scrive sempre, pubblica romanzi, \u00e8 sempre impegnato nel campo letterario&#8230; Cosa condividete?\u00bb<\/p>\n\n\n\n<p><\/p>\n\n\n\n<p>\u00abSembrer\u00e0 incredibile, ma l&#8217;ho coinvolto nel campo musicale: prima con il gospel, poi con la musica lirica e classica, con i cori e con il canto liturgico. Era restio, all&#8217;inizio, adesso \u00e8 lui che mi sollecita e mi stimola&#8230; L&#8217;altro giorno, ha detto agli amici del coro della chiesa: &#8216;Ecco, quando sar\u00e0 il mio funerale, questo dovete cantare. E ci ha accennato l&#8217;Alleluja di Cohen&#8230; Raffaele \u00e8 cos\u00ec&#8230;\u00bb<\/p>\n\n\n\n<p>Ci guardiamo attorno: libri, libri e tanti quadri. \u00ab\u00c8 un&#8217;impresa spolverare tutto&#8230; e poi non bisogna spostare nulla, se ne accorge subito&#8230;\u00bb<\/p>\n\n\n\n<p>La nostra ospite ci congeda, dalla cucina si spande l&#8217;odore tipico della trippa, siamo sicuri che a Raffaele piacer\u00e0. Oh, se piacer\u00e0&#8230;.<\/p>\n\n\n\n<p><img decoding=\"async\" loading=\"lazy\" width=\"1200\" height=\"1600\" class=\"wp-image-258326\" style=\"width: 800px;\" src=\"https:\/\/www.leccecronaca.it\/wordpress\/wp-content\/uploads\/2026\/04\/polopranzo.jpg\" alt=\"\" srcset=\"https:\/\/www.leccecronaca.it\/wordpress\/wp-content\/uploads\/2026\/04\/polopranzo.jpg 1200w, https:\/\/www.leccecronaca.it\/wordpress\/wp-content\/uploads\/2026\/04\/polopranzo-225x300.jpg 225w, https:\/\/www.leccecronaca.it\/wordpress\/wp-content\/uploads\/2026\/04\/polopranzo-768x1024.jpg 768w, https:\/\/www.leccecronaca.it\/wordpress\/wp-content\/uploads\/2026\/04\/polopranzo-1152x1536.jpg 1152w\" sizes=\"(max-width: 1200px) 100vw, 1200px\" \/><\/p>\n\n\n\n<p><\/p>\n\n\n\n<p>____________<\/p>\n\n\n\n<p><strong>( 101 \u2010 fine )<\/strong><\/p>\n<fb:like href='https:\/\/www.leccecronaca.it\/index.php\/2026\/04\/26\/il-pranzo-della-domenica-per-il-gran-finale-dopo-due-anni-di-questa-fortunata-rubrica-il-nostro-invitato-speciale-e-invitato-a-casa-sua\/' send='true' layout='button_count' show_faces='true' width='450' height='65' action='recommend' colorscheme='light' font='lucida grande'><\/fb:like><span class=\"fb_share\"><fb:like href=\"https:\/\/www.leccecronaca.it\/index.php\/2026\/04\/26\/il-pranzo-della-domenica-per-il-gran-finale-dopo-due-anni-di-questa-fortunata-rubrica-il-nostro-invitato-speciale-e-invitato-a-casa-sua\/\" layout=\"button_count\"><\/fb:like><\/span>","protected":false},"excerpt":{"rendered":"<p>di Raffaele Polo _______________ Non potevamo concludere questo nostro excursus su &#8216;Il pranzo della domenica&#8217;, senza recarci a parlare proprio con l&#8217;autore o, meglio, con la sua famiglia, formata attualmente da una moglie e tre gatti. \u00abI tre felini di casa sono il buonissimo Ciccio, gatto coccolone bianco e nero; Thomas, il pirata,tutto nero e [&hellip;]<\/p>\n","protected":false},"author":4,"featured_media":258325,"comment_status":"open","ping_status":"closed","sticky":false,"template":"","format":"standard","meta":[],"categories":[1,31],"tags":[44],"_links":{"self":[{"href":"https:\/\/www.leccecronaca.it\/index.php\/wp-json\/wp\/v2\/posts\/258324"}],"collection":[{"href":"https:\/\/www.leccecronaca.it\/index.php\/wp-json\/wp\/v2\/posts"}],"about":[{"href":"https:\/\/www.leccecronaca.it\/index.php\/wp-json\/wp\/v2\/types\/post"}],"author":[{"embeddable":true,"href":"https:\/\/www.leccecronaca.it\/index.php\/wp-json\/wp\/v2\/users\/4"}],"replies":[{"embeddable":true,"href":"https:\/\/www.leccecronaca.it\/index.php\/wp-json\/wp\/v2\/comments?post=258324"}],"version-history":[{"count":2,"href":"https:\/\/www.leccecronaca.it\/index.php\/wp-json\/wp\/v2\/posts\/258324\/revisions"}],"predecessor-version":[{"id":258328,"href":"https:\/\/www.leccecronaca.it\/index.php\/wp-json\/wp\/v2\/posts\/258324\/revisions\/258328"}],"wp:featuredmedia":[{"embeddable":true,"href":"https:\/\/www.leccecronaca.it\/index.php\/wp-json\/wp\/v2\/media\/258325"}],"wp:attachment":[{"href":"https:\/\/www.leccecronaca.it\/index.php\/wp-json\/wp\/v2\/media?parent=258324"}],"wp:term":[{"taxonomy":"category","embeddable":true,"href":"https:\/\/www.leccecronaca.it\/index.php\/wp-json\/wp\/v2\/categories?post=258324"},{"taxonomy":"post_tag","embeddable":true,"href":"https:\/\/www.leccecronaca.it\/index.php\/wp-json\/wp\/v2\/tags?post=258324"}],"curies":[{"name":"wp","href":"https:\/\/api.w.org\/{rel}","templated":true}]}}