{"id":258571,"date":"2026-04-26T11:55:01","date_gmt":"2026-04-26T09:55:01","guid":{"rendered":"https:\/\/www.leccecronaca.it\/?p=258571"},"modified":"2026-04-26T12:06:04","modified_gmt":"2026-04-26T10:06:04","slug":"anche-le-formiche-nel-loro-piccolo-si-incazzano","status":"publish","type":"post","link":"https:\/\/www.leccecronaca.it\/index.php\/2026\/04\/26\/anche-le-formiche-nel-loro-piccolo-si-incazzano\/","title":{"rendered":"ANCHE LE FORMICHE NEL LORO PICCOLO SI INCAZZANO"},"content":{"rendered":"\n<p><img decoding=\"async\" loading=\"lazy\" width=\"960\" height=\"528\" class=\"wp-image-258578\" style=\"width: 1500px;\" src=\"https:\/\/www.leccecronaca.it\/wordpress\/wp-content\/uploads\/2026\/04\/disca.jpg\" alt=\"\" srcset=\"https:\/\/www.leccecronaca.it\/wordpress\/wp-content\/uploads\/2026\/04\/disca.jpg 960w, https:\/\/www.leccecronaca.it\/wordpress\/wp-content\/uploads\/2026\/04\/disca-300x165.jpg 300w, https:\/\/www.leccecronaca.it\/wordpress\/wp-content\/uploads\/2026\/04\/disca-768x422.jpg 768w\" sizes=\"(max-width: 960px) 100vw, 960px\" \/><\/p>\n\n\n\n<p><\/p>\n\n\n\n<p>Riceviamo e volentieri pubblichiamo il seguente comunicato stampa (ALPAA \u00e8 l&#8217; Associazione nazionale Lavoratori Produttori Agroalimentari; nella foto la zona della discarica; il titolo di questo articolo \u00e8 nostro) __________________<\/p>\n\n\n\n<p><strong>Aree agricole di pregio sotto attacco: difendiamo la terra e il cibo dall\u2019inquinamento<\/strong><\/p>\n\n\n\n<p><em>Il progetto di nuova discarica Formica Ambiente \u00e8 l\u2019ultimo esempio di un modello che minaccia Terra, Agroalimentare e Biodiversit\u00e0 \u2026<\/em><\/p>\n\n\n\n<p>Le nostre campagne, custodi silenziose di biodiversit\u00e0, lavoro e identit\u00e0, sono oggi sotto una pressione che non possiamo pi\u00f9 ignorare. Da anni questi territori convivono con la piaga dei rifiuti abbandonati e con micro-discariche che crescono senza controllo, ferendo una terra che dovrebbe essere protetta anzich\u00e9 trasformata in un terminale di scarti. \u00c8 un modello di sviluppo miope che non si limita a consumare il suolo, ma lo avvelena, con conseguenze dirette che si riflettono sulla salute delle persone, sulla qualit\u00e0 delle colture e sulla sicurezza stessa del cibo che portiamo sulle nostre tavole.<\/p>\n\n\n\n<p>I piccoli produttori lo dicono con una chiarezza che non ammette repliche: non si pu\u00f2 fare agricoltura di qualit\u00e0 in mezzo ai rifiuti. \u00c8 una contraddizione insopportabile pretendere eccellenza, certificazioni biologiche e tracciabilit\u00e0 rigorosa da chi lavora la terra, mentre intorno si lasciano accumulare plastiche, inerti e materiali pericolosi. Non possiamo accettare che le campagne vengano trasformate in zone grigie dove tutto \u00e8 tollerato e nulla viene risolto, sacrificando la vocazione dei luoghi sull&#8217;altare dell&#8217;incuria.<\/p>\n\n\n\n<p>In questo scenario, l\u2019agroecologia emerge non solo come una tecnica, ma come un atto di resistenza e l&#8217;unico mezzo efficace per rigenerare il suolo e tutelare l&#8217;acqua. \u00c8 una visione integrata che cerca l&#8217;armonia tra le attivit\u00e0 umane e i cicli vitali della natura, un equilibrio che per\u00f2 diventa impossibile se le aree di pregio continuano a essere trattate come discariche a cielo aperto. La nostra posizione \u00e8 netta perch\u00e9 nasce dalla difesa della vita: queste terre non sono il retrobottega di nessuno, n\u00e9 spazi vuoti da riempire, ma la base viva della nostra economia rurale.<\/p>\n\n\n\n<p>La vicenda della discarica gestita da Formica Ambiente rappresenta l\u2019ultimo, preoccupante esempio di un modello che va fermato prima che sia troppo tardi. Sono stati gli stessi agricoltori\/piccoli produttori della zona a chiederci di intervenire preoccupati dal progetto di realizzazione di una nuova discarica per lo smaltimento di rifiuti da ubicare in territorio di Brindisi nella medesima localit\u00e0 \u201cFormica\u201d. <\/p>\n\n\n\n<p>Sono preoccupati, quindi, per la loro terra, per la falda gi\u00e0 duramente provata, per il futuro delle loro aziende e &#8211; complessivamente &#8211; per il futuro di un ecosistema delicatissimo che lega Brindisi, San Vito dei Normanni e Carovigno alla Riserva Naturale di Torre Guaceto. In un contesto cos\u00ec fragile, dove ogni pressione ambientale si amplifica, ipotizzare un ampliamento significa ignorare deliberatamente la realt\u00e0 e mettere a rischio la credibilit\u00e0 dell\u2019intera filiera locale.<\/p>\n\n\n\n<p>Infatti, dalle risultanze dei monitoraggi sulle acque di falda, \u00e8 stato accertato un elevato stato di contaminazione specie a ridosso delle discariche tanto da rendersi necessario l\u2019adozione di provvedimenti straordinari a tutela della salute dei cittadini da parte dell\u2019allora Sindaco del Comune di Brindisi che, con ordinanza sindacale del 2017, in relazione alle risultanze dei monitoraggi sui pozzi ricadenti nell\u2019area Autigno\/Formica fu disposto l\u2019interdizione dell\u2019irrigazione di colture orticole mediante l\u2019utilizzo di acque di falda; il pascolo, piantagione e sfalcio di foraggio e colture assimilate, destinate all\u2019alimentazione zootecnica; l\u2019utilizzo delle acque di falda per usi civili e\/o sanitari, con esclusione degli scarichi wc. <\/p>\n\n\n\n<p>Tali interdizioni sono prescritte sino alle risultanze del piano di monitoraggio, riferito alla predetta area, che nel frattempo l\u2019ASL dovrebbe aver realizzato relativamente alla verifica della eventuale contaminazione di colture arboree\/arbustive (ulivo e vite) da inquinanti ambientali (metalli pesanti, nitrati). <\/p>\n\n\n\n<p>Allo stato tuttavia non si \u00e8 a conoscenza se la stessa ASL abbia effettuato le suddette verifiche n\u00e9 che sia stata disposta la revoca delle ordinanze in questione.\u00a0<\/p>\n\n\n\n<p>\u00c8 opportuno, inoltre, precisare che nell\u2019area estesa dove \u00e8 prevista l\u2019ubicazione della discarica son presenti case di residenza di numerosi nuclei familiari\/piccoli produttori agricoli ed a poche centinaia di metri scorre il Canale Reale con recapito finale nella Riserva Naturale Statale di Torre Guaceto, che sicuramente subirebbero un\u2019ulteriore pressione ambientale che si va ad aggiungere all\u2019attuale stato di grave degrado ed inquinamento ambientale accertato nell\u2019area in questione determinato dai numerosi milioni di tonnellate di rifiuti gi\u00e0 tombati in discariche poco sicure.<\/p>\n\n\n\n<p>Per questo, come ALPAA Puglia, per ci\u00f2 che riguarda il settore primario che rappresentiamo e i piccoli produttori che ogni giorno difendono queste terre, diciamo con chiarezza che questa scelta va fermata. Una nuova discarica in un\u2019area cosi fragile metterebbe a rischio l\u2019intero sistema agroalimentare locale, la biodiversit\u00e0 delle campagne e quella custodita nella Riserva di Torre Guaceto, gi\u00e0 inserita in un ecosistema estremamente delicato.<\/p>\n\n\n\n<p>Significherebbe esporre il territorio a un potenziale disastro ambientale, indebolire la filiera agroalimentare e zootecnia, spezzare la multifunzionalit\u00e0 agricola e alimentare lo spopolamento delle aree rurali.<\/p>\n\n\n\n<p>Per questo,&nbsp;<strong>come ALPAA Puglia<\/strong>, a tutela del settore primario e dei piccoli produttori che rappresentiamo, diciamo con chiarezza che questa scelta va fermata: difendere queste terre significa tutelare il futuro delle nostre comunit\u00e0.<\/p>\n\n\n\n<p>Per questo sosteniamo con determinazione ogni azione istituzionale e legale, incluso il ricorso gi\u00e0 presentato al TAR avverso la discarica in parola.<\/p>\n\n\n\n<p>Una discarica qui non danneggia solo la terra: inficia una visione virtuosa di filiera agroalimentare, zootecnia sostenibile, equilibrio del sistema e multifunzionalit\u00e0 agricola.<\/p>\n\n\n\n<p>Indebolisce un modello che tiene insieme produzione, paesaggio, biodiversit\u00e0, turismo rurale, qualit\u00e0 del cibo e identit\u00e0 dei luoghi.<\/p>\n\n\n\n<p>Il Presidente ALPAA Puglia<\/p>\n\n\n\n<p><em>Antonio Macchia<\/em><\/p>\n<fb:like href='https:\/\/www.leccecronaca.it\/index.php\/2026\/04\/26\/anche-le-formiche-nel-loro-piccolo-si-incazzano\/' send='true' layout='button_count' show_faces='true' width='450' height='65' action='recommend' colorscheme='light' font='lucida grande'><\/fb:like><span class=\"fb_share\"><fb:like href=\"https:\/\/www.leccecronaca.it\/index.php\/2026\/04\/26\/anche-le-formiche-nel-loro-piccolo-si-incazzano\/\" layout=\"button_count\"><\/fb:like><\/span>","protected":false},"excerpt":{"rendered":"<p>Riceviamo e volentieri pubblichiamo il seguente comunicato stampa (ALPAA \u00e8 l&#8217; Associazione nazionale Lavoratori Produttori Agroalimentari; nella foto la zona della discarica; il titolo di questo articolo \u00e8 nostro) __________________ Aree agricole di pregio sotto attacco: difendiamo la terra e il cibo dall\u2019inquinamento Il progetto di nuova discarica Formica Ambiente \u00e8 l\u2019ultimo esempio di un [&hellip;]<\/p>\n","protected":false},"author":4,"featured_media":258578,"comment_status":"open","ping_status":"closed","sticky":false,"template":"","format":"standard","meta":[],"categories":[1,69,76,36],"tags":[],"_links":{"self":[{"href":"https:\/\/www.leccecronaca.it\/index.php\/wp-json\/wp\/v2\/posts\/258571"}],"collection":[{"href":"https:\/\/www.leccecronaca.it\/index.php\/wp-json\/wp\/v2\/posts"}],"about":[{"href":"https:\/\/www.leccecronaca.it\/index.php\/wp-json\/wp\/v2\/types\/post"}],"author":[{"embeddable":true,"href":"https:\/\/www.leccecronaca.it\/index.php\/wp-json\/wp\/v2\/users\/4"}],"replies":[{"embeddable":true,"href":"https:\/\/www.leccecronaca.it\/index.php\/wp-json\/wp\/v2\/comments?post=258571"}],"version-history":[{"count":2,"href":"https:\/\/www.leccecronaca.it\/index.php\/wp-json\/wp\/v2\/posts\/258571\/revisions"}],"predecessor-version":[{"id":258580,"href":"https:\/\/www.leccecronaca.it\/index.php\/wp-json\/wp\/v2\/posts\/258571\/revisions\/258580"}],"wp:featuredmedia":[{"embeddable":true,"href":"https:\/\/www.leccecronaca.it\/index.php\/wp-json\/wp\/v2\/media\/258578"}],"wp:attachment":[{"href":"https:\/\/www.leccecronaca.it\/index.php\/wp-json\/wp\/v2\/media?parent=258571"}],"wp:term":[{"taxonomy":"category","embeddable":true,"href":"https:\/\/www.leccecronaca.it\/index.php\/wp-json\/wp\/v2\/categories?post=258571"},{"taxonomy":"post_tag","embeddable":true,"href":"https:\/\/www.leccecronaca.it\/index.php\/wp-json\/wp\/v2\/tags?post=258571"}],"curies":[{"name":"wp","href":"https:\/\/api.w.org\/{rel}","templated":true}]}}