{"id":258605,"date":"2026-04-27T15:53:40","date_gmt":"2026-04-27T13:53:40","guid":{"rendered":"https:\/\/www.leccecronaca.it\/?p=258605"},"modified":"2026-04-27T15:53:45","modified_gmt":"2026-04-27T13:53:45","slug":"la-riflessione-quando-la-bugia-corre-piu-veloce-della-verita-come-i-social-stanno-cambiando-il-modo-in-cui-crediamo-alle-notizie","status":"publish","type":"post","link":"https:\/\/www.leccecronaca.it\/index.php\/2026\/04\/27\/la-riflessione-quando-la-bugia-corre-piu-veloce-della-verita-come-i-social-stanno-cambiando-il-modo-in-cui-crediamo-alle-notizie\/","title":{"rendered":"LA RIFLESSIONE \/ QUANDO LA BUGIA CORRE PIU&#8217; VELOCE DELLA VERITA&#8217;: COME I SOCIAL STANNO CAMBIANDO IL MODO IN CUI CREDIAMO ALLE NOTIZIE"},"content":{"rendered":"\n<p><img decoding=\"async\" loading=\"lazy\" width=\"704\" height=\"617\" class=\"wp-image-258607\" style=\"width: 1500px;\" src=\"https:\/\/www.leccecronaca.it\/wordpress\/wp-content\/uploads\/2026\/04\/BMT-1.jpg\" alt=\"\" srcset=\"https:\/\/www.leccecronaca.it\/wordpress\/wp-content\/uploads\/2026\/04\/BMT-1.jpg 704w, https:\/\/www.leccecronaca.it\/wordpress\/wp-content\/uploads\/2026\/04\/BMT-1-300x263.jpg 300w\" sizes=\"(max-width: 704px) 100vw, 704px\" \/><\/p>\n\n\n\n<p><\/p>\n\n\n\n<p>di <strong>Emanuela Boccassini<\/strong> _______________<\/p>\n\n\n\n<p>\u00abUna bugia fa in tempo a girare mezzo mondo, mentre la verit\u00e0 si sta mettendo ancora le scarpe\u00bb.<\/p>\n\n\n\n<p>Nel tempo dei social, tale immagine sembra meno una provocazione letteraria e pi\u00f9 una descrizione del funzionamento quotidiano dell\u2019informazione. Le notizie non aspettano pi\u00f9 di essere verificate per diffondersi: corrono, vengono rilanciate, commentate, condivise, spesso prima ancora che se ne conosca la reale attendibilit\u00e0. In questo spazio accelerato, la circolazione di un contenuto pu\u00f2 contare pi\u00f9 della sua verit\u00e0.<\/p>\n\n\n\n<p>Non \u00e8 solo una questione di velocit\u00e0, ma di ecosistema. Gli algoritmi non sono arbitri imparziali: si nutrono della nostra attenzione e tendono a premiare ci\u00f2 che genera reazione. La bugia, spesso pi\u00f9 semplice e pi\u00f9 emotiva della verit\u00e0, diventa cos\u00ec pi\u00f9 \u201cefficace\u201d da diffondere.<\/p>\n\n\n\n<p>Oggi una voce pu\u00f2 diventare virale in pochi minuti, alimentata solo dalla sua forza d\u2019urto. Basta una condivisione, un commento, un rilancio. Non \u00e8 pi\u00f9 necessario che qualcosa sia vero per esistere nello spazio pubblico: \u00e8 sufficiente che circoli.<\/p>\n\n\n\n<p>La verit\u00e0, invece, ha un tempo diverso. Ha bisogno di verifica, contesto, ricostruzione, smentita. E quando arriva, spesso trova una narrazione gi\u00e0 consolidata, difficile da scalfire. La prima versione dei fatti tende a restare, mentre la correzione arriva in ritardo e con meno forza.<\/p>\n\n\n\n<p>Forse \u00e8 proprio questo che rende la frase citata cos\u00ec attuale: non descrive solo la velocit\u00e0 delle parole, ma il dislivello tra ci\u00f2 che si diffonde e ci\u00f2 che si pu\u00f2 correggere. Ironia della sorte, la citazione stessa \u00e8 diventata un esempio di questo meccanismo: attribuita quasi ovunque a Twain, \u00e8 in realt\u00e0 una verit\u00e0 \u201cper acclamazione\u201d. Non c\u2019\u00e8 prova certa che l\u2019abbia scritta l\u2019autore americano; molti storici la riconducono a Jonathan Swift o a versioni del XVIII secolo. \u00c8 la prova che quando una narrazione \u00e8 efficace, la sua origine passa in secondo piano.<\/p>\n\n\n\n<p>E questo squilibrio non resta astratto. Incide sulle vite delle persone, sulla reputazione, sulle relazioni, sulla possibilit\u00e0 stessa di essere creduti una volta che qualcosa \u00e8 stato detto su di noi.<\/p>\n\n\n\n<p>In questo senso, il fenomeno assume anche una dimensione pi\u00f9 concreta e delicata: una notizia falsa o non verificata pu\u00f2 trasformarsi in danno reputazionale, in esposizione pubblica, in conseguenze difficili da correggere. Il confine tra informazione, interpretazione e diffusione lesiva diventa sempre pi\u00f9 sottile.<\/p>\n\n\n\n<p><\/p>\n\n\n\n<p>In questo equilibrio fragile tra diffusione e verit\u00e0 entra in gioco anche il piano delle regole comuni. La libert\u00e0 di espressione \u00e8 un principio fondamentale, riconosciuto e tutelato dalla nostra Costituzione, perch\u00e9 senza la possibilit\u00e0 di manifestare il proprio pensiero non esisterebbe dibattito pubblico. Ma questa libert\u00e0 non \u00e8 assoluta: deve convivere con il principio della tutela della dignit\u00e0 e della reputazione delle persone.<\/p>\n\n\n\n<p>In un contesto simile, la libert\u00e0 di espressione resta un diritto fondamentale, ma richiede una responsabilit\u00e0 che oggi non pu\u00f2 pi\u00f9 essere considerata secondaria. Perch\u00e9 il diritto di parlare non pu\u00f2 essere separato dalle conseguenze di ci\u00f2 che viene detto o condiviso.<\/p>\n<fb:like href='https:\/\/www.leccecronaca.it\/index.php\/2026\/04\/27\/la-riflessione-quando-la-bugia-corre-piu-veloce-della-verita-come-i-social-stanno-cambiando-il-modo-in-cui-crediamo-alle-notizie\/' send='true' layout='button_count' show_faces='true' width='450' height='65' action='recommend' colorscheme='light' font='lucida grande'><\/fb:like><span class=\"fb_share\"><fb:like href=\"https:\/\/www.leccecronaca.it\/index.php\/2026\/04\/27\/la-riflessione-quando-la-bugia-corre-piu-veloce-della-verita-come-i-social-stanno-cambiando-il-modo-in-cui-crediamo-alle-notizie\/\" layout=\"button_count\"><\/fb:like><\/span>","protected":false},"excerpt":{"rendered":"<p>di Emanuela Boccassini _______________ \u00abUna bugia fa in tempo a girare mezzo mondo, mentre la verit\u00e0 si sta mettendo ancora le scarpe\u00bb. Nel tempo dei social, tale immagine sembra meno una provocazione letteraria e pi\u00f9 una descrizione del funzionamento quotidiano dell\u2019informazione. Le notizie non aspettano pi\u00f9 di essere verificate per diffondersi: corrono, vengono rilanciate, commentate, [&hellip;]<\/p>\n","protected":false},"author":4,"featured_media":258608,"comment_status":"open","ping_status":"closed","sticky":false,"template":"","format":"standard","meta":[],"categories":[1,69,31,76],"tags":[],"_links":{"self":[{"href":"https:\/\/www.leccecronaca.it\/index.php\/wp-json\/wp\/v2\/posts\/258605"}],"collection":[{"href":"https:\/\/www.leccecronaca.it\/index.php\/wp-json\/wp\/v2\/posts"}],"about":[{"href":"https:\/\/www.leccecronaca.it\/index.php\/wp-json\/wp\/v2\/types\/post"}],"author":[{"embeddable":true,"href":"https:\/\/www.leccecronaca.it\/index.php\/wp-json\/wp\/v2\/users\/4"}],"replies":[{"embeddable":true,"href":"https:\/\/www.leccecronaca.it\/index.php\/wp-json\/wp\/v2\/comments?post=258605"}],"version-history":[{"count":1,"href":"https:\/\/www.leccecronaca.it\/index.php\/wp-json\/wp\/v2\/posts\/258605\/revisions"}],"predecessor-version":[{"id":258609,"href":"https:\/\/www.leccecronaca.it\/index.php\/wp-json\/wp\/v2\/posts\/258605\/revisions\/258609"}],"wp:featuredmedia":[{"embeddable":true,"href":"https:\/\/www.leccecronaca.it\/index.php\/wp-json\/wp\/v2\/media\/258608"}],"wp:attachment":[{"href":"https:\/\/www.leccecronaca.it\/index.php\/wp-json\/wp\/v2\/media?parent=258605"}],"wp:term":[{"taxonomy":"category","embeddable":true,"href":"https:\/\/www.leccecronaca.it\/index.php\/wp-json\/wp\/v2\/categories?post=258605"},{"taxonomy":"post_tag","embeddable":true,"href":"https:\/\/www.leccecronaca.it\/index.php\/wp-json\/wp\/v2\/tags?post=258605"}],"curies":[{"name":"wp","href":"https:\/\/api.w.org\/{rel}","templated":true}]}}