{"id":258622,"date":"2026-04-28T12:37:03","date_gmt":"2026-04-28T10:37:03","guid":{"rendered":"https:\/\/www.leccecronaca.it\/?p=258622"},"modified":"2026-04-28T12:37:37","modified_gmt":"2026-04-28T10:37:37","slug":"nicole-grazia-minetti-ulteriori-sviluppi-il-ministero-precisa-la-procura-della-repubblica-di-milano-si-mobilita-le-opposizioni-chiedono-le-dimissioni-di-nordio-lei-preannuncia-querele","status":"publish","type":"post","link":"https:\/\/www.leccecronaca.it\/index.php\/2026\/04\/28\/nicole-grazia-minetti-ulteriori-sviluppi-il-ministero-precisa-la-procura-della-repubblica-di-milano-si-mobilita-le-opposizioni-chiedono-le-dimissioni-di-nordio-lei-preannuncia-querele\/","title":{"rendered":"Nicole Grazia Minetti \/ ULTERIORI SVILUPPI: IL MINISTERO PRECISA, LA PROCURA DELLA REPUBBLICA DI MILANO SI MOBILITA, LE OPPOSIZIONI CHIEDONO LE DIMISSIONI DI NORDIO, LEI PREANNUNCIA QUERELE"},"content":{"rendered":"\n<p><img decoding=\"async\" loading=\"lazy\" width=\"400\" height=\"300\" class=\"wp-image-258623\" style=\"width: 1500px;\" src=\"https:\/\/www.leccecronaca.it\/wordpress\/wp-content\/uploads\/2026\/04\/2-facciata-alba.jpg\" alt=\"\" srcset=\"https:\/\/www.leccecronaca.it\/wordpress\/wp-content\/uploads\/2026\/04\/2-facciata-alba.jpg 400w, https:\/\/www.leccecronaca.it\/wordpress\/wp-content\/uploads\/2026\/04\/2-facciata-alba-300x225.jpg 300w\" sizes=\"(max-width: 400px) 100vw, 400px\" \/><\/p>\n\n\n\n<p><strong>(g.p.) __________________<\/strong><\/p>\n\n\n\n<p><strong>Grazia Minetti: no elementi negativi in procedura. Ministero, nuove verifiche<\/strong><\/p>\n\n\n\n<p>In relazione alla procedura di grazia che ha interessato la signora Nicole Minetti, il Ministero della Giustizia d\u00e0 notizia che nessuno degli elementi negativi presentati in recenti articoli di stampa consta agli atti della procedura.<\/p>\n\n\n\n<p>Alla domanda dell\u2019atto di clemenza proposta dall\u2019interessata alla Presidenza della Repubblica ha fatto seguito l\u2019istruttoria di rito, in esito alla quale il Procuratore generale di Milano ha espresso parere favorevole. Ad esso hanno fatto seguito \u2013 in assenza di elementi di connotazione negativa a carico della Minetti \u2013 analogo parere della competente Direzione del Ministero della Giustizia e il conseguente parere favorevole espresso dal Ministro e trasmesso alla Presidenza.<\/p>\n\n\n\n<p>Il Ministero ha rappresentato oggi alla Procura generale presso la Corte d\u2019appello di Milano, conformemente alle sue richieste in data odierna, la necessit\u00e0 di acquisire ogni informazione ed elemento utile a consentire l\u2019opportuna valutazione circa le notizie comparse su organi di stampa. ____________<\/p>\n\n\n\n<p><\/p>\n\n\n\n<p><strong>Gaetano Brusa, sostituto procuratore della Corte d&#8217;Appello di Milano<\/strong>: <em>&#8220;Siamo gi\u00e0 attivati per le verifiche, dalle forze nostre di polizia a quelle dell&#8217;Interpol, con massima urgenza. Andremo avanti finch\u00e9 non troviamo tutti gli elementi, positivi o negativi. Ripeteremo accertamenti anche in Italia sull&#8217;autenticit\u00e0 di documenti sanitari e altro. Tutte le circostanze sono oggetto di accertamento: dalle modalit\u00e0 di adozione all&#8217;estero alla morte del legale della madre biologica del bimbo. Se incontreremo ostacoli faremo un passo successivo per una rogatoria. Abbiamo ricevuto dal ministero un&#8217;autorizzazione ampia a svolgere tutti gli accertamenti a 360 gradi. Andremo a indagare i dati che prima non emergevano e li andremo a sviscerare con tutti gli strumenti a disposizione. Riguardo al precedente mandato del ministero della Giustizia per le verifiche, avvenute nelle scorse settimane, il ministero, come da prassi, ci ha fornito uno specchietto con tutti gli accertamenti che vanno svolti. Questa volta non abbiamo nessuno schema, abbiamo accertamenti liberi&#8221;.<\/em> ________________<\/p>\n\n\n\n<p><strong>LE OPPOSIZIONI CHEDONO LE DIMISSIONI DI NORDIO<\/strong><\/p>\n\n\n\n<p>Debora Serracchiani, PARTITO DEMOCRATICO: <em><strong>&#8220;Cosa sta aspettando Giorgia Meloni a far fare un passo indietro al ministro Carlo Nordio? Non c&#8217;\u00e8 pi\u00f9 tempo da perdere: la sua permanenza al ministero della Giustizia si sta rivelando estremamente dannosa e il dicastero appare privo di guida e controllo<\/strong><\/em>&#8220;.<\/p>\n\n\n\n<p>Parlamentari MOVIMENTO 5 STELLE: <em><strong>&#8220;A questo punto il ministro Nordio deve fare una sola cosa: dia spiegazioni chiare sull&#8217;istruttoria del suo ministero sulla grazia a Nicole&nbsp;Minetti, senza cercare nuovi capri espiatori e risparmiandoci qualsiasi altra esibizione di arroganza e protervia, e poi tolga il disturbo, prima di fare altri danni&#8221;<\/strong><\/em>. ________________<\/p>\n\n\n\n<p><\/p>\n\n\n\n<p><strong>NICOLE MINETTI SI DIFENDE CON UNA DICHIARAZIONE ALL&#8217;AGENZIA ANSA<\/strong> <strong>E PREANNUNCIA QUERELE<\/strong><\/p>\n\n\n\n<p><em><strong>&#8220;Le informazioni diffuse sono prive di fondamento e gravemente lesive della mia reputazione personale e familiare. Ho dato mandato ai miei legali di procedere con formale diffida nei confronti dei giornalisti e della testata dalla diffusione di ulteriori notizie false, diffamatorie e lesive; e di procedere con le opportune azioni legali nei confronti dei giornalisti e della testata giornalistica coinvolta, nelle sedi competenti. Si confida altres\u00ec nell&#8217;intervento delle competenti autorit\u00e0 affinch\u00e9 venga fatta piena luce sulla vicenda e vengano adottati i provvedimenti necessari a tutela dei dati sensibili e dei propri familiari<\/strong><\/em>&#8220;. _________________<\/p>\n\n\n\n<p>LA RICERCA nel nostro articolo di ieri<\/p>\n\n\n\n<figure class=\"wp-block-embed is-type-wp-embed is-provider-leccecronaca-it wp-block-embed-leccecronaca-it\"><div class=\"wp-block-embed__wrapper\">\n<blockquote class=\"wp-embedded-content\" data-secret=\"5Lc7w5E00e\"><a href=\"https:\/\/www.leccecronaca.it\/index.php\/2026\/04\/27\/nicole-grazia-minetti\/\">NICOLE &#8220;GRAZIA&#8221; MINETTI<\/a><\/blockquote><iframe class=\"wp-embedded-content\" sandbox=\"allow-scripts\" security=\"restricted\" style=\"position: absolute; clip: rect(1px, 1px, 1px, 1px);\" title=\"&#8220;NICOLE &#8220;GRAZIA&#8221; MINETTI&#8221; &#8212; LecceCronaca.it\" src=\"https:\/\/www.leccecronaca.it\/index.php\/2026\/04\/27\/nicole-grazia-minetti\/embed\/#?secret=KQEtOIsTRd#?secret=5Lc7w5E00e\" data-secret=\"5Lc7w5E00e\" width=\"500\" height=\"282\" frameborder=\"0\" marginwidth=\"0\" marginheight=\"0\" scrolling=\"no\"><\/iframe>\n<\/div><\/figure>\n<fb:like href='https:\/\/www.leccecronaca.it\/index.php\/2026\/04\/28\/nicole-grazia-minetti-ulteriori-sviluppi-il-ministero-precisa-la-procura-della-repubblica-di-milano-si-mobilita-le-opposizioni-chiedono-le-dimissioni-di-nordio-lei-preannuncia-querele\/' send='true' layout='button_count' show_faces='true' width='450' height='65' action='recommend' colorscheme='light' font='lucida grande'><\/fb:like><span class=\"fb_share\"><fb:like href=\"https:\/\/www.leccecronaca.it\/index.php\/2026\/04\/28\/nicole-grazia-minetti-ulteriori-sviluppi-il-ministero-precisa-la-procura-della-repubblica-di-milano-si-mobilita-le-opposizioni-chiedono-le-dimissioni-di-nordio-lei-preannuncia-querele\/\" layout=\"button_count\"><\/fb:like><\/span>","protected":false},"excerpt":{"rendered":"<p>(g.p.) __________________ Grazia Minetti: no elementi negativi in procedura. Ministero, nuove verifiche In relazione alla procedura di grazia che ha interessato la signora Nicole Minetti, il Ministero della Giustizia d\u00e0 notizia che nessuno degli elementi negativi presentati in recenti articoli di stampa consta agli atti della procedura. Alla domanda dell\u2019atto di clemenza proposta dall\u2019interessata alla [&hellip;]<\/p>\n","protected":false},"author":4,"featured_media":258623,"comment_status":"open","ping_status":"closed","sticky":false,"template":"","format":"standard","meta":[],"categories":[1,69,76],"tags":[],"_links":{"self":[{"href":"https:\/\/www.leccecronaca.it\/index.php\/wp-json\/wp\/v2\/posts\/258622"}],"collection":[{"href":"https:\/\/www.leccecronaca.it\/index.php\/wp-json\/wp\/v2\/posts"}],"about":[{"href":"https:\/\/www.leccecronaca.it\/index.php\/wp-json\/wp\/v2\/types\/post"}],"author":[{"embeddable":true,"href":"https:\/\/www.leccecronaca.it\/index.php\/wp-json\/wp\/v2\/users\/4"}],"replies":[{"embeddable":true,"href":"https:\/\/www.leccecronaca.it\/index.php\/wp-json\/wp\/v2\/comments?post=258622"}],"version-history":[{"count":2,"href":"https:\/\/www.leccecronaca.it\/index.php\/wp-json\/wp\/v2\/posts\/258622\/revisions"}],"predecessor-version":[{"id":258625,"href":"https:\/\/www.leccecronaca.it\/index.php\/wp-json\/wp\/v2\/posts\/258622\/revisions\/258625"}],"wp:featuredmedia":[{"embeddable":true,"href":"https:\/\/www.leccecronaca.it\/index.php\/wp-json\/wp\/v2\/media\/258623"}],"wp:attachment":[{"href":"https:\/\/www.leccecronaca.it\/index.php\/wp-json\/wp\/v2\/media?parent=258622"}],"wp:term":[{"taxonomy":"category","embeddable":true,"href":"https:\/\/www.leccecronaca.it\/index.php\/wp-json\/wp\/v2\/categories?post=258622"},{"taxonomy":"post_tag","embeddable":true,"href":"https:\/\/www.leccecronaca.it\/index.php\/wp-json\/wp\/v2\/tags?post=258622"}],"curies":[{"name":"wp","href":"https:\/\/api.w.org\/{rel}","templated":true}]}}