{"id":258645,"date":"2026-04-28T19:06:42","date_gmt":"2026-04-28T17:06:42","guid":{"rendered":"https:\/\/www.leccecronaca.it\/?p=258645"},"modified":"2026-04-28T19:13:30","modified_gmt":"2026-04-28T17:13:30","slug":"nicole-grazia-minetti-lessico-famigliare","status":"publish","type":"post","link":"https:\/\/www.leccecronaca.it\/index.php\/2026\/04\/28\/nicole-grazia-minetti-lessico-famigliare\/","title":{"rendered":"Nicole Grazia Minetti \/ LESSICO FAMIGLIARE"},"content":{"rendered":"\n<p><img decoding=\"async\" loading=\"lazy\" width=\"263\" height=\"192\" class=\"wp-image-258646\" style=\"width: 1500px;\" src=\"https:\/\/www.leccecronaca.it\/wordpress\/wp-content\/uploads\/2026\/04\/bunna.jpg\" alt=\"\"><\/p>\n\n\n\n<p><strong>(g.p.) ________________ <\/strong>Si era persa per limiti anagrafici la Milano da bere dei socialisti degli anni Ottanta, che faceva &#8216;scandalo&#8217; con qualche serata allegra in discoteca, che si divertiva con le caricature degli stilisti, che marciava compatta verso la modernizzazione, che rubava, a detta di chi rubava, non per il piacere mio, ma per far piacere al dio partito  e che quale gossip poteva offrire, fra tanti sussurri e niente grida, solo un favoleggiato incontro di Bettino con la mitica Moana.<\/p>\n\n\n\n<p>Ma aveva fatto in tempo a trovarsi fin dalle prime battute nella Milano del nuovo secolo e del nuovo Millennio, quantum mutata ab illa, ma sempre di fretta, brulicante di traffici e di affari, sempre col cuore in mano, &#8220;ti cap\u00ec bauscia&#8221;, e sempre che banche, che uffici, sempre vicina all&#8217;Europa.<\/p>\n\n\n\n<p>Ancora quella tradizionale del Pirellone maestoso maestoso piazzato davanti la monumentale e ancora avveniristica stazione Centrale, della metropolitana che ti porta in ogni posto, della Madunina e della Scala, della cotoletta e del panettone, dell&#8217; inestricabile guazzabuglio di autostrade e tangenziali:<\/p>\n\n\n\n<p><\/p>\n\n\n\n<p><strong><em>&#8220;Io sono ancora in alto mare, hoo superato da poco Bologna e c&#8217;\u00e8 un traffico disumano, per cui sicuramente non riesco ad essere l\u00e0 per quell&#8217;ora<\/em>&#8220;<\/strong>&#8230;<\/p>\n\n\n\n<p><\/p>\n\n\n\n<p>Nelle allocuzioni di Nicole Minetti stabilitasi a Milano, ufficialmente per studiare al San Raffaele, roccaforte del berlusconismo imperante, specializzanda quale &#8220;igienista dentale&#8221;, in realt\u00e0 per inseguire il velinismo, il sogno in comune condiviso dalla sua generazione, ci sono i suoni, i rumori, le voci del Bunga Bunga e del suo lessico famigliare.<\/p>\n\n\n\n<p>La natia Rimini le stava stretta: voleva vivere d&#8217;estate tutto l&#8217;anno, anche se ci\u00f2 avrebbe comportato convivere con la nebbia e il freddo per molti mesi e con problematici spostamenti nella metropoli.<\/p>\n\n\n\n<p>Vive in uno degli appartamenti gentilmente messi a disposizione da Spin, il famoso ingegner Spinelli, gestore contabile dei denari di Silvio e ufficiale pagatore delle truppa femminile reclutata al bisogno, in uno stabile all&#8217;Olgettina, la zona di Milano 2 che poi dar\u00e0 il nome a tutte quante le ragazze, anche se lei se ne lamenta:<\/p>\n\n\n\n<p><strong><em>&#8220;Milano 2, in culo ai lupi<\/em><\/strong>&#8220;.<\/p>\n\n\n\n<p><\/p>\n\n\n\n<p>Delle altre non ha grande considerazione:<\/p>\n\n\n\n<p><em><strong>&#8220;Ci sono varie tipologie di persone. C&#8217;\u00e8 la zoccola che non parla l&#8217;italiano e viene dalle favelas, c&#8217;\u00e8 quella un po&#8217; pi\u00f9 seria, c&#8217;\u00e8 quella che va di meno e poi ci sono io che faccio quel che faccio<\/strong><\/em>&#8220;.<\/p>\n\n\n\n<p>Con Lui.<\/p>\n\n\n\n<p><em><strong>&#8220;Io non \u00e8 che posso stargli dietro&#8230;Se poi preferisce una massa di deficienti che ballano come mongoloidi&#8230;Sicuramente mi fa male, capito? Io che gli voglio bene, a me questa cosa mi fa male&#8221;<\/strong><\/em><\/p>\n\n\n\n<p><\/p>\n\n\n\n<p>Come le donne di Almodovar, spesso sull&#8217;orlo di una crisi di nervi<\/p>\n\n\n\n<p><em><strong>&#8220;Sono molto arrabbiata perch\u00e9 ho scoperto che ha comprato a una ragazza una casa da un milione e duecentomila euro. Se \u00e8 vero ti giuro che scateno l&#8217;inferno&#8221;<\/strong><\/em><\/p>\n\n\n\n<p><\/p>\n\n\n\n<p>a volte incazzata proprio<\/p>\n\n\n\n<p>&#8220;<em><strong>C&#8217;\u00e8 un limite a tutto, non me ne frega un cazzo se lui \u00e8 il presidente del consiglio. Si sta comportando come un&#8230;. E&#8217; un vecchio che vuole salvare il suo culo flaccido&#8230;Io gli ho parato il culo e non si pu\u00f2 permettere di fare cos\u00ec&#8230;Vita mia, mort tua&#8230;&#8221;<\/strong><\/em><\/p>\n\n\n\n<p>mirabile crasi del proverbio latino e del linguaggio romanesco-televisivo attuale.<\/p>\n\n\n\n<p><\/p>\n\n\n\n<p>Confuse aspirazioni condivise con un&#8217;amica-collega:<\/p>\n\n\n\n<p><em><strong>&#8220;La politica \u00e8 un casino. Cio\u00e8 cade lui e cadiamo noi. A lui fa comodo mettere te e me in Parlamento, perch\u00e9 dice: &#8211; Bene, me le sono levate dai coglioni ee lo Stato gli paga lo stipendio<\/strong><\/em>&#8220;<\/p>\n\n\n\n<p><\/p>\n\n\n\n<p>Nicole Minetti si \u00e8 dovuta poi accontentare di un posto da consigliere regionale in Lombardia.<\/p>\n\n\n\n<p>Fra l&#8217;altro, diventato l&#8217;altro filone delle sue disavventure giudiziarie.<\/p>\n\n\n\n<p>L&#8217;avevamo persa di vista, non ne sapevamo pi\u00f9 nulla.<\/p>\n\n\n\n<p>Poi, ora, il resto \u00e8 storia recente, di questi ultimi giorni: <em>Quer pasticciaccio brutto de via<\/em> <em>Arenula<\/em>, da Villa San Martino ad Arcore, a Palazzo Piacentini a Roma.<\/p>\n\n\n\n<p>Si pu\u00f2 cambiare vita per diventare migliori?<\/p>\n\n\n\n<p>Oppure il passato se dannato ritorna, ritorna sempre?<\/p>\n\n\n\n<p>Piange ci\u00f2 che ha fine e ricomincia. Piange ci\u00f2 che muta, anche per farsi migliore. La luce<br>del futuro non cessa un solo istante di ferirci.<\/p>\n\n\n\n<p> _______________<\/p>\n\n\n\n<p>L&#8217;APPROFONDIMENTO<\/p>\n\n\n\n<p>Le citazioni sono tratte dal libro di Giuseppe Puppo <strong>\u201cMetafisica del bunga bunga\u201d<\/strong>, Torino, Etimpresa, 2011, 120 pagg 10 euro. Prefazione di Carlo Gambescia. CAPITOLO IX, &#8220;Igiene mentale&#8221;.<\/p>\n\n\n\n<p><\/p>\n\n\n\n<p>LA RICERCA nel nostro articolo di oggi<\/p>\n\n\n\n<figure class=\"wp-block-embed is-type-wp-embed is-provider-leccecronaca-it wp-block-embed-leccecronaca-it\"><div class=\"wp-block-embed__wrapper\">\n<blockquote class=\"wp-embedded-content\" data-secret=\"5ODoQsZPVG\"><a href=\"https:\/\/www.leccecronaca.it\/index.php\/2026\/04\/28\/nicole-grazia-minetti-ulteriori-sviluppi-il-ministero-precisa-la-procura-della-repubblica-di-milano-si-mobilita-le-opposizioni-chiedono-le-dimissioni-di-nordio-lei-preannuncia-querele\/\">Nicole Grazia Minetti \/ ULTERIORI SVILUPPI: IL MINISTERO PRECISA, LA PROCURA DELLA REPUBBLICA DI MILANO SI MOBILITA, LE OPPOSIZIONI CHIEDONO LE DIMISSIONI DI NORDIO, LEI PREANNUNCIA QUERELE<\/a><\/blockquote><iframe class=\"wp-embedded-content\" sandbox=\"allow-scripts\" security=\"restricted\" style=\"position: absolute; clip: rect(1px, 1px, 1px, 1px);\" title=\"&#8220;Nicole Grazia Minetti \/ ULTERIORI SVILUPPI: IL MINISTERO PRECISA, LA PROCURA DELLA REPUBBLICA DI MILANO SI MOBILITA, LE OPPOSIZIONI CHIEDONO LE DIMISSIONI DI NORDIO, LEI PREANNUNCIA QUERELE&#8221; &#8212; LecceCronaca.it\" src=\"https:\/\/www.leccecronaca.it\/index.php\/2026\/04\/28\/nicole-grazia-minetti-ulteriori-sviluppi-il-ministero-precisa-la-procura-della-repubblica-di-milano-si-mobilita-le-opposizioni-chiedono-le-dimissioni-di-nordio-lei-preannuncia-querele\/embed\/#?secret=5IpDRA1bzl#?secret=5ODoQsZPVG\" data-secret=\"5ODoQsZPVG\" width=\"500\" height=\"282\" frameborder=\"0\" marginwidth=\"0\" marginheight=\"0\" scrolling=\"no\"><\/iframe>\n<\/div><\/figure>\n\n\n\n<p> <\/p>\n\n\n\n<p><\/p>\n<fb:like href='https:\/\/www.leccecronaca.it\/index.php\/2026\/04\/28\/nicole-grazia-minetti-lessico-famigliare\/' send='true' layout='button_count' show_faces='true' width='450' height='65' action='recommend' colorscheme='light' font='lucida grande'><\/fb:like><span class=\"fb_share\"><fb:like href=\"https:\/\/www.leccecronaca.it\/index.php\/2026\/04\/28\/nicole-grazia-minetti-lessico-famigliare\/\" layout=\"button_count\"><\/fb:like><\/span>","protected":false},"excerpt":{"rendered":"<p>(g.p.) ________________ Si era persa per limiti anagrafici la Milano da bere dei socialisti degli anni Ottanta, che faceva &#8216;scandalo&#8217; con qualche serata allegra in discoteca, che si divertiva con le caricature degli stilisti, che marciava compatta verso la modernizzazione, che rubava, a detta di chi rubava, non per il piacere mio, ma per far [&hellip;]<\/p>\n","protected":false},"author":4,"featured_media":258646,"comment_status":"open","ping_status":"closed","sticky":false,"template":"","format":"standard","meta":[],"categories":[1,69,31,76],"tags":[],"_links":{"self":[{"href":"https:\/\/www.leccecronaca.it\/index.php\/wp-json\/wp\/v2\/posts\/258645"}],"collection":[{"href":"https:\/\/www.leccecronaca.it\/index.php\/wp-json\/wp\/v2\/posts"}],"about":[{"href":"https:\/\/www.leccecronaca.it\/index.php\/wp-json\/wp\/v2\/types\/post"}],"author":[{"embeddable":true,"href":"https:\/\/www.leccecronaca.it\/index.php\/wp-json\/wp\/v2\/users\/4"}],"replies":[{"embeddable":true,"href":"https:\/\/www.leccecronaca.it\/index.php\/wp-json\/wp\/v2\/comments?post=258645"}],"version-history":[{"count":3,"href":"https:\/\/www.leccecronaca.it\/index.php\/wp-json\/wp\/v2\/posts\/258645\/revisions"}],"predecessor-version":[{"id":258650,"href":"https:\/\/www.leccecronaca.it\/index.php\/wp-json\/wp\/v2\/posts\/258645\/revisions\/258650"}],"wp:featuredmedia":[{"embeddable":true,"href":"https:\/\/www.leccecronaca.it\/index.php\/wp-json\/wp\/v2\/media\/258646"}],"wp:attachment":[{"href":"https:\/\/www.leccecronaca.it\/index.php\/wp-json\/wp\/v2\/media?parent=258645"}],"wp:term":[{"taxonomy":"category","embeddable":true,"href":"https:\/\/www.leccecronaca.it\/index.php\/wp-json\/wp\/v2\/categories?post=258645"},{"taxonomy":"post_tag","embeddable":true,"href":"https:\/\/www.leccecronaca.it\/index.php\/wp-json\/wp\/v2\/tags?post=258645"}],"curies":[{"name":"wp","href":"https:\/\/api.w.org\/{rel}","templated":true}]}}