{"id":258668,"date":"2026-04-29T13:53:13","date_gmt":"2026-04-29T11:53:13","guid":{"rendered":"https:\/\/www.leccecronaca.it\/?p=258668"},"modified":"2026-04-29T13:53:43","modified_gmt":"2026-04-29T11:53:43","slug":"dal-parlamento-europeo-nuove-norme-per-la-tutela-di-cani-e-gatti-pier-giovanni-capellino-continueremo-a-lavorare-affinche-siano-riconosciuti-a-tutti-gli-effetti-come-membri-della-famiglia","status":"publish","type":"post","link":"https:\/\/www.leccecronaca.it\/index.php\/2026\/04\/29\/dal-parlamento-europeo-nuove-norme-per-la-tutela-di-cani-e-gatti-pier-giovanni-capellino-continueremo-a-lavorare-affinche-siano-riconosciuti-a-tutti-gli-effetti-come-membri-della-famiglia\/","title":{"rendered":"DAL PARLAMENTO EUROPEO NUOVE NORME PER LA TUTELA DI CANI E GATTI. PIER GIOVANNI CAPELLINO: &#8220;continueremo a lavorare affinch\u00e9 siano riconosciuti a tutti gli effetti come membri della famiglia&#8221;"},"content":{"rendered":"\n<p><\/p>\n\n\n\n<p><img decoding=\"async\" loading=\"lazy\" width=\"1280\" height=\"854\" class=\"wp-image-258669\" style=\"width: 1500px;\" src=\"https:\/\/www.leccecronaca.it\/wordpress\/wp-content\/uploads\/2026\/04\/FondazioneCapellino.jpg\" alt=\"\" srcset=\"https:\/\/www.leccecronaca.it\/wordpress\/wp-content\/uploads\/2026\/04\/FondazioneCapellino.jpg 1280w, https:\/\/www.leccecronaca.it\/wordpress\/wp-content\/uploads\/2026\/04\/FondazioneCapellino-300x200.jpg 300w, https:\/\/www.leccecronaca.it\/wordpress\/wp-content\/uploads\/2026\/04\/FondazioneCapellino-1024x683.jpg 1024w, https:\/\/www.leccecronaca.it\/wordpress\/wp-content\/uploads\/2026\/04\/FondazioneCapellino-768x512.jpg 768w\" sizes=\"(max-width: 1280px) 100vw, 1280px\" \/><\/p>\n\n\n\n<p>Riceviamo e volentieri pubblichiamo. Da Genova la Fondazione Capellino ci manda il seguente comunicato ___________<\/p>\n\n\n\n<p>Grazie anche a Fondazione Capellino, realt\u00e0 italiana, il Parlamento Europeo approva nuove norme su tracciabilit\u00e0 e tutela di cani e gatti.<\/p>\n\n\n\n<p><br>Genova, 29 aprile 2026 \u2013 Un passo storico per la tutela degli animali da compagnia in Europa. Il Parlamento Europeo ha approvato ieri le prime norme comunitarie su allevamento, identificazione e tracciabilit\u00e0 di cani e gatti.<br>Il regolamento prevede tempi di adeguamento progressivi per allevatori, venditori, rifugi e proprietari e le nuove disposizioni includono il divieto di accoppiamenti tra consanguinei, pratiche di allevamento dannose per la salute e mutilazioni a fini estetici o competitivi. Regole pi\u00f9 stringenti riguarderanno anche l\u2019importazione da Paesi terzi, con obbligo di microchip e preregistrazione degli animali prima dell\u2019ingresso nell\u2019Unione.<\/p>\n\n\n\n<p><br>Un risultato significativo a cui ha contribuito anche Fondazione Capellino, realt\u00e0 impegnata nella tutela degli animali e nella salvaguardia della biodiversit\u00e0, promotrice di un modello economico innovativo \u2013 la Reintegration Economy \u2013 che pu\u00f2 operare grazie ai profitti generati da Almo Nature Benefit SpA, di cui detiene il 100% della propriet\u00e0. La Fondazione \u00e8 inoltre parte di Enterprise Network of Enterprise Foundations (ENEF), la rete europea delle fondazioni<br>d\u2019impresa impegnate a coniugare attivit\u00e0 economica e finalit\u00e0 sociali di lungo periodo.<br><\/p>\n\n\n\n<p>Determinante, in questo percorso, la presentazione nell\u2019ottobre 2025 di un White Paper firmato da Fondazione Capellino insieme allo European Institute for Animal Law and Policy. <\/p>\n\n\n\n<p>Il documento ha portato all\u2019attenzione delle istituzioni europee temi centrali come il riconoscimento del legame uomo\u2013animale, l\u2019unicit\u00e0 della vita animale e la necessit\u00e0 di garantire standard di tutela pi\u00f9 elevati per gli animali da compagnia.<\/p>\n\n\n\n<p><br>\u00abQuesto risultato rappresenta un avanzamento fondamentale verso un\u2019Europa pi\u00f9 consapevole e responsabile\u00bb, sottolinea Pier Giovanni Capellino, Fondatore e Presidente di Fondazione Capellino, \u00abma \u00e8 anche un punto di partenza: continueremo a lavorare affinch\u00e9 cani e gatti siano riconosciuti a tutti gli effetti come membri della famiglia in tutta l\u2019Unione Europea\u00bb.<\/p>\n\n\n\n<p><br>Il testo \u00e8 stato approvato con 558 voti a favore, 35 contrari e 52 astensioni e dovr\u00e0 ora essere formalmente adottato dal Consiglio Ue prima dell&#8217;entrata in vigore.<br>Stiamo assistendo ad un cambiamento culturale profondo: il passaggio da una logica di possesso a una di responsabilit\u00e0, da una tutela formale a un rispetto concreto della vita animale. Un\u2019evoluzione necessaria che apre la strada a un\u2019Europa in cui cani e gatti siano sempre pi\u00f9 riconosciuti non come oggetti, ma come esseri senzienti e membri effettivi della comunit\u00e0.<br>Leggi il White Paper di Fondazione Capellino e The European Institute for Animal Law &amp; Policy.<\/p>\n\n\n\n<p><\/p>\n<fb:like href='https:\/\/www.leccecronaca.it\/index.php\/2026\/04\/29\/dal-parlamento-europeo-nuove-norme-per-la-tutela-di-cani-e-gatti-pier-giovanni-capellino-continueremo-a-lavorare-affinche-siano-riconosciuti-a-tutti-gli-effetti-come-membri-della-famiglia\/' send='true' layout='button_count' show_faces='true' width='450' height='65' action='recommend' colorscheme='light' font='lucida grande'><\/fb:like><span class=\"fb_share\"><fb:like href=\"https:\/\/www.leccecronaca.it\/index.php\/2026\/04\/29\/dal-parlamento-europeo-nuove-norme-per-la-tutela-di-cani-e-gatti-pier-giovanni-capellino-continueremo-a-lavorare-affinche-siano-riconosciuti-a-tutti-gli-effetti-come-membri-della-famiglia\/\" layout=\"button_count\"><\/fb:like><\/span>","protected":false},"excerpt":{"rendered":"<p>Riceviamo e volentieri pubblichiamo. Da Genova la Fondazione Capellino ci manda il seguente comunicato ___________ Grazie anche a Fondazione Capellino, realt\u00e0 italiana, il Parlamento Europeo approva nuove norme su tracciabilit\u00e0 e tutela di cani e gatti. Genova, 29 aprile 2026 \u2013 Un passo storico per la tutela degli animali da compagnia in Europa. Il Parlamento [&hellip;]<\/p>\n","protected":false},"author":4,"featured_media":258669,"comment_status":"open","ping_status":"closed","sticky":false,"template":"","format":"standard","meta":[],"categories":[1,69,76,36],"tags":[],"_links":{"self":[{"href":"https:\/\/www.leccecronaca.it\/index.php\/wp-json\/wp\/v2\/posts\/258668"}],"collection":[{"href":"https:\/\/www.leccecronaca.it\/index.php\/wp-json\/wp\/v2\/posts"}],"about":[{"href":"https:\/\/www.leccecronaca.it\/index.php\/wp-json\/wp\/v2\/types\/post"}],"author":[{"embeddable":true,"href":"https:\/\/www.leccecronaca.it\/index.php\/wp-json\/wp\/v2\/users\/4"}],"replies":[{"embeddable":true,"href":"https:\/\/www.leccecronaca.it\/index.php\/wp-json\/wp\/v2\/comments?post=258668"}],"version-history":[{"count":1,"href":"https:\/\/www.leccecronaca.it\/index.php\/wp-json\/wp\/v2\/posts\/258668\/revisions"}],"predecessor-version":[{"id":258670,"href":"https:\/\/www.leccecronaca.it\/index.php\/wp-json\/wp\/v2\/posts\/258668\/revisions\/258670"}],"wp:featuredmedia":[{"embeddable":true,"href":"https:\/\/www.leccecronaca.it\/index.php\/wp-json\/wp\/v2\/media\/258669"}],"wp:attachment":[{"href":"https:\/\/www.leccecronaca.it\/index.php\/wp-json\/wp\/v2\/media?parent=258668"}],"wp:term":[{"taxonomy":"category","embeddable":true,"href":"https:\/\/www.leccecronaca.it\/index.php\/wp-json\/wp\/v2\/categories?post=258668"},{"taxonomy":"post_tag","embeddable":true,"href":"https:\/\/www.leccecronaca.it\/index.php\/wp-json\/wp\/v2\/tags?post=258668"}],"curies":[{"name":"wp","href":"https:\/\/api.w.org\/{rel}","templated":true}]}}