{"id":258736,"date":"2026-04-30T13:15:00","date_gmt":"2026-04-30T11:15:00","guid":{"rendered":"https:\/\/www.leccecronaca.it\/?p=258736"},"modified":"2026-04-30T20:15:04","modified_gmt":"2026-04-30T18:15:04","slug":"giovane-immigrato-del-bangladesh-ucciso-coltellate-a-tricase","status":"publish","type":"post","link":"https:\/\/www.leccecronaca.it\/index.php\/2026\/04\/30\/giovane-immigrato-del-bangladesh-ucciso-coltellate-a-tricase\/","title":{"rendered":"GIOVANE IMMIGRATO DEL BANGLADESH UCCISO A COLTELLATE A TRICASE"},"content":{"rendered":"\n<p><img decoding=\"async\" loading=\"lazy\" width=\"800\" height=\"601\" class=\"wp-image-255648\" style=\"width: 1200px;\" src=\"https:\/\/www.leccecronaca.it\/wordpress\/wp-content\/uploads\/2026\/02\/carabinieri-1.jpg\" alt=\"\" srcset=\"https:\/\/www.leccecronaca.it\/wordpress\/wp-content\/uploads\/2026\/02\/carabinieri-1.jpg 800w, https:\/\/www.leccecronaca.it\/wordpress\/wp-content\/uploads\/2026\/02\/carabinieri-1-300x225.jpg 300w, https:\/\/www.leccecronaca.it\/wordpress\/wp-content\/uploads\/2026\/02\/carabinieri-1-768x577.jpg 768w, https:\/\/www.leccecronaca.it\/wordpress\/wp-content\/uploads\/2026\/02\/carabinieri-1-400x300.jpg 400w\" sizes=\"(max-width: 800px) 100vw, 800px\" \/><\/p>\n\n\n\n<p><strong>(Rdl)_________________  <\/strong>Secondo le prime ricostruzioni, si tratta di una lite famigliare scoppiata per motivi ancora da accertare, presto degenerata e poi sfociata nel sangue. E&#8217; accaduto questa sera in un&#8217;abitazione di Tricase, dove un giovane immigrato del Bangladesh, Shekh Md Noyan, 29 anni, impiegato in un bar del paese, \u00e8 stato ucciso a coltellate.  Il presunto assassino, il fratello maggiore, di sei anni pi\u00f9 grande, \u00e8 stato arrestato dai Carabinieri. Indagini in corso.<\/p>\n\n\n\n<p><\/p>\n<fb:like href='https:\/\/www.leccecronaca.it\/index.php\/2026\/04\/30\/giovane-immigrato-del-bangladesh-ucciso-coltellate-a-tricase\/' send='true' layout='button_count' show_faces='true' width='450' height='65' action='recommend' colorscheme='light' font='lucida grande'><\/fb:like><span class=\"fb_share\"><fb:like href=\"https:\/\/www.leccecronaca.it\/index.php\/2026\/04\/30\/giovane-immigrato-del-bangladesh-ucciso-coltellate-a-tricase\/\" layout=\"button_count\"><\/fb:like><\/span>","protected":false},"excerpt":{"rendered":"<p>(Rdl)_________________ Secondo le prime ricostruzioni, si tratta di una lite famigliare scoppiata per motivi ancora da accertare, presto degenerata e poi sfociata nel sangue. E&#8217; accaduto questa sera in un&#8217;abitazione di Tricase, dove un giovane immigrato del Bangladesh, Shekh Md Noyan, 29 anni, impiegato in un bar del paese, \u00e8 stato ucciso a coltellate. Il [&hellip;]<\/p>\n","protected":false},"author":4,"featured_media":255648,"comment_status":"open","ping_status":"closed","sticky":false,"template":"","format":"standard","meta":[],"categories":[69],"tags":[],"_links":{"self":[{"href":"https:\/\/www.leccecronaca.it\/index.php\/wp-json\/wp\/v2\/posts\/258736"}],"collection":[{"href":"https:\/\/www.leccecronaca.it\/index.php\/wp-json\/wp\/v2\/posts"}],"about":[{"href":"https:\/\/www.leccecronaca.it\/index.php\/wp-json\/wp\/v2\/types\/post"}],"author":[{"embeddable":true,"href":"https:\/\/www.leccecronaca.it\/index.php\/wp-json\/wp\/v2\/users\/4"}],"replies":[{"embeddable":true,"href":"https:\/\/www.leccecronaca.it\/index.php\/wp-json\/wp\/v2\/comments?post=258736"}],"version-history":[{"count":3,"href":"https:\/\/www.leccecronaca.it\/index.php\/wp-json\/wp\/v2\/posts\/258736\/revisions"}],"predecessor-version":[{"id":258739,"href":"https:\/\/www.leccecronaca.it\/index.php\/wp-json\/wp\/v2\/posts\/258736\/revisions\/258739"}],"wp:featuredmedia":[{"embeddable":true,"href":"https:\/\/www.leccecronaca.it\/index.php\/wp-json\/wp\/v2\/media\/255648"}],"wp:attachment":[{"href":"https:\/\/www.leccecronaca.it\/index.php\/wp-json\/wp\/v2\/media?parent=258736"}],"wp:term":[{"taxonomy":"category","embeddable":true,"href":"https:\/\/www.leccecronaca.it\/index.php\/wp-json\/wp\/v2\/categories?post=258736"},{"taxonomy":"post_tag","embeddable":true,"href":"https:\/\/www.leccecronaca.it\/index.php\/wp-json\/wp\/v2\/tags?post=258736"}],"curies":[{"name":"wp","href":"https:\/\/api.w.org\/{rel}","templated":true}]}}