{"id":258740,"date":"2026-05-01T09:43:06","date_gmt":"2026-05-01T07:43:06","guid":{"rendered":"https:\/\/www.leccecronaca.it\/?p=258740"},"modified":"2026-05-01T10:05:02","modified_gmt":"2026-05-01T08:05:02","slug":"anziana-morta-per-un-incendio-scoppiato-in-casa-a-sogliano-cavour","status":"publish","type":"post","link":"https:\/\/www.leccecronaca.it\/index.php\/2026\/05\/01\/anziana-morta-per-un-incendio-scoppiato-in-casa-a-sogliano-cavour\/","title":{"rendered":"ANZIANA MORTA PER UN INCENDIO SCOPPIATO IN CASA A SOGLIANO CAVOUR"},"content":{"rendered":"\n<p><img decoding=\"async\" loading=\"lazy\" width=\"300\" height=\"300\" class=\"wp-image-258746\" style=\"width: 1500px;\" src=\"https:\/\/www.leccecronaca.it\/wordpress\/wp-content\/uploads\/2026\/05\/miglio.jpeg\" alt=\"\" srcset=\"https:\/\/www.leccecronaca.it\/wordpress\/wp-content\/uploads\/2026\/05\/miglio.jpeg 300w, https:\/\/www.leccecronaca.it\/wordpress\/wp-content\/uploads\/2026\/05\/miglio-150x150.jpeg 150w, https:\/\/www.leccecronaca.it\/wordpress\/wp-content\/uploads\/2026\/05\/miglio-60x60.jpeg 60w\" sizes=\"(max-width: 300px) 100vw, 300px\" \/><\/p>\n\n\n\n<p><strong>(Rdl)<\/strong> ______________  Tragedia ieri sera tardi in un&#8217;abitazione Sogliano Cavour, dove, all&#8217;improvviso, \u00e8 scoppiato un incendio, per cause ancora da accertare. Le fiamme si sono sviluppate con tale rapidit\u00e0, da non lasciare scampo all&#8217;anziana che l\u00ec viveva, Fulvia Maniglia, 84 anni, costretta a muoversi su una sedia a rotelle per problemi di salute. E&#8217; morta soffocata, era gi\u00e0 troppo tardi per salvarla quando sono arrivati i Vigili del Fuoco, ai quali non \u00e8 restato altro da fare che domare l&#8217;incendio e mettere in sicurezza la zona. <\/p>\n\n\n\n<p>I figli dell&#8217;anziana, residenti nelle vicinanze, erano passati da poco a trovarla, ed erano gi\u00e0 andati via quando \u00e8 successo il dramma imprevedibile. <\/p>\n\n\n\n<p>Indagini dei Carabinieri in corso.<\/p>\n\n\n\n<p> <\/p>\n\n\n\n<p><\/p>\n<fb:like href='https:\/\/www.leccecronaca.it\/index.php\/2026\/05\/01\/anziana-morta-per-un-incendio-scoppiato-in-casa-a-sogliano-cavour\/' send='true' layout='button_count' show_faces='true' width='450' height='65' action='recommend' colorscheme='light' font='lucida grande'><\/fb:like><span class=\"fb_share\"><fb:like href=\"https:\/\/www.leccecronaca.it\/index.php\/2026\/05\/01\/anziana-morta-per-un-incendio-scoppiato-in-casa-a-sogliano-cavour\/\" layout=\"button_count\"><\/fb:like><\/span>","protected":false},"excerpt":{"rendered":"<p>(Rdl) ______________ Tragedia ieri sera tardi in un&#8217;abitazione Sogliano Cavour, dove, all&#8217;improvviso, \u00e8 scoppiato un incendio, per cause ancora da accertare. Le fiamme si sono sviluppate con tale rapidit\u00e0, da non lasciare scampo all&#8217;anziana che l\u00ec viveva, Fulvia Maniglia, 84 anni, costretta a muoversi su una sedia a rotelle per problemi di salute. E&#8217; morta [&hellip;]<\/p>\n","protected":false},"author":4,"featured_media":258748,"comment_status":"open","ping_status":"closed","sticky":false,"template":"","format":"standard","meta":[],"categories":[69],"tags":[],"_links":{"self":[{"href":"https:\/\/www.leccecronaca.it\/index.php\/wp-json\/wp\/v2\/posts\/258740"}],"collection":[{"href":"https:\/\/www.leccecronaca.it\/index.php\/wp-json\/wp\/v2\/posts"}],"about":[{"href":"https:\/\/www.leccecronaca.it\/index.php\/wp-json\/wp\/v2\/types\/post"}],"author":[{"embeddable":true,"href":"https:\/\/www.leccecronaca.it\/index.php\/wp-json\/wp\/v2\/users\/4"}],"replies":[{"embeddable":true,"href":"https:\/\/www.leccecronaca.it\/index.php\/wp-json\/wp\/v2\/comments?post=258740"}],"version-history":[{"count":3,"href":"https:\/\/www.leccecronaca.it\/index.php\/wp-json\/wp\/v2\/posts\/258740\/revisions"}],"predecessor-version":[{"id":258749,"href":"https:\/\/www.leccecronaca.it\/index.php\/wp-json\/wp\/v2\/posts\/258740\/revisions\/258749"}],"wp:featuredmedia":[{"embeddable":true,"href":"https:\/\/www.leccecronaca.it\/index.php\/wp-json\/wp\/v2\/media\/258748"}],"wp:attachment":[{"href":"https:\/\/www.leccecronaca.it\/index.php\/wp-json\/wp\/v2\/media?parent=258740"}],"wp:term":[{"taxonomy":"category","embeddable":true,"href":"https:\/\/www.leccecronaca.it\/index.php\/wp-json\/wp\/v2\/categories?post=258740"},{"taxonomy":"post_tag","embeddable":true,"href":"https:\/\/www.leccecronaca.it\/index.php\/wp-json\/wp\/v2\/tags?post=258740"}],"curies":[{"name":"wp","href":"https:\/\/api.w.org\/{rel}","templated":true}]}}