{"id":258750,"date":"2026-05-01T10:29:19","date_gmt":"2026-05-01T08:29:19","guid":{"rendered":"https:\/\/www.leccecronaca.it\/?p=258750"},"modified":"2026-05-01T10:29:23","modified_gmt":"2026-05-01T08:29:23","slug":"nuove-polemiche-a-nardo-su-pippi-mellone-ora-per-il-mercato-coperto","status":"publish","type":"post","link":"https:\/\/www.leccecronaca.it\/index.php\/2026\/05\/01\/nuove-polemiche-a-nardo-su-pippi-mellone-ora-per-il-mercato-coperto\/","title":{"rendered":"NUOVE POLEMICHE A NARDO&#8217; SU PIPPI MELLONE, ORA PER IL MERCATO COPERTO"},"content":{"rendered":"\n<p><img decoding=\"async\" loading=\"lazy\" width=\"1600\" height=\"1200\" class=\"wp-image-258751\" style=\"width: 1500px;\" src=\"https:\/\/www.leccecronaca.it\/wordpress\/wp-content\/uploads\/2026\/05\/mercato.jpg\" alt=\"\" srcset=\"https:\/\/www.leccecronaca.it\/wordpress\/wp-content\/uploads\/2026\/05\/mercato.jpg 1600w, https:\/\/www.leccecronaca.it\/wordpress\/wp-content\/uploads\/2026\/05\/mercato-300x225.jpg 300w, https:\/\/www.leccecronaca.it\/wordpress\/wp-content\/uploads\/2026\/05\/mercato-1024x768.jpg 1024w, https:\/\/www.leccecronaca.it\/wordpress\/wp-content\/uploads\/2026\/05\/mercato-768x576.jpg 768w, https:\/\/www.leccecronaca.it\/wordpress\/wp-content\/uploads\/2026\/05\/mercato-1536x1152.jpg 1536w, https:\/\/www.leccecronaca.it\/wordpress\/wp-content\/uploads\/2026\/05\/mercato-400x300.jpg 400w\" sizes=\"(max-width: 1600px) 100vw, 1600px\" \/><\/p>\n\n\n\n<p>di <strong>Graziano De Tuglie<\/strong> ________________<\/p>\n\n\n\n<p>Con un comunicato Lorenzo Siciliano, capogruppo PD al Consiglio Comunale di Nard\u00f2, ci informa di un singolare caso che accade in quel Comune.<\/p>\n\n\n\n<p>Da oltre sette anni risulta terminato ed efficiente il complesso dell&#8217;ex Mercato Coperto senza che nessuna decisione circa il suo utilizzo sia stato determinato dalle varie amministrazioni, sempre a guida del sindaco Mellone, che si sono succedute nel corso del tempo. <\/p>\n\n\n\n<p>Il complesso immobiliare era stato destinatario di un finanziamento di poco superiore al milione di euro, ottenuto dalle amministrazioni ante-Mellone, e aveva lasciato insoluto il quesito relativo al suo utilizzo; addirittura era stato abbandonato e lasciato al degrado esterno al punto che torme di teppistelli ne avevano deturpato i muri perimetrali pi\u00f9 volte complice la scarsa illuminazione e l&#8217;incuria.<\/p>\n\n\n\n<p><\/p>\n\n\n\n<p>Ora, improvvisamente, si appalesa l&#8217;interesse di una cooperativa che chiede di utilizzare gli spazi dell&#8217;ex Mercato Coperto e costringe l&#8217;amministrazione ad emanare una specie di avviso pubblico con cui si avverte la cittadinanza che si sta procedendo ad assegnare lo spazio e si avvisa chi fosse interessato ad avanzare proposte per mettere a confronto altre eventuali proposte.<\/p>\n\n\n\n<p><\/p>\n\n\n\n<p>Dal ci\u00f2 le opposizioni in Consiglio Comunale si scatenano chiedendo la convocazione della Commissione Controllo per avere nozione e consapevolezza dell&#8217;improvviso interesse che l&#8217;immobile sembra suscitare.<\/p>\n\n\n\n<p><\/p>\n\n\n\n<p>Il lettore permetter\u00e0 un inciso rispetto al fatto che la Commissione Controllo \u00e8 andata deserta come avviene da anni, la maggioranza l&#8217;ha ignorata facendo mancare il numero legale. Avviene da dieci anni sistematicamente ma bisogna rilevare, per onest\u00e0 intellettuale, che analogamente accadeva nella consiliatura in cui Mellone, all&#8217;epoca all&#8217;opposizione, presiedeva la stessa Commissione. <\/p>\n\n\n\n<p><\/p>\n\n\n\n<p>L&#8217;assurdo \u00e8 che dirigenti e funzionari comunali disertino la commissione; sono soggetti alla legge e devono partecipare alle riunioni degli organismi statutari salvo poi prendere atto che le stesse vadano deserte.<\/p>\n\n\n\n<p><\/p>\n\n\n\n<p>Ma tornando al nocciolo della questionE, Siciliano lamenta il fatto che<strong><em> <\/em><\/strong><\/p>\n\n\n\n<p><strong><em>\u201cNon aver mai predisposto un bando pubblico serio, con requisiti chiari e una visione strategica per il futuro di questo bene, ha di fatto consentito che iniziative private si inserissero nel vuoto decisionale dell\u2019amministrazione.<br>Il Comune, infatti, non ha mai detto cosa vuole farne dell\u2019ex mercato coperto, quali finalit\u00e0 intende perseguire, n\u00e9 come intende valorizzarlo per creare opportunit\u00e0 per i giovani e per le tante associazioni virtuose del territorio, spesso costrette a cercare altrove spazi e riconoscimento.<\/em><\/strong><br><strong><em>E allora le domande sorgono spontanee. Com\u2019\u00e8 possibile che una cooperativa con sede a oltre 120 chilometri fosse a conoscenza di questa opportunit\u00e0, ignorata per anni dalla stessa amministrazione? Perch\u00e9 non si \u00e8 mai partiti da un percorso pubblico, trasparente e aperto alla citt\u00e0?<\/em><\/strong><br><em><strong>A pensar male si fa peccato, ma spesso ci si azzecca.\u00a0E se fino a ieri non ci spiegavamo come fosse possibile tutto questo, oggi il quadro \u00e8 fin troppo chiaro: tra i tre componenti della cooperativa, infatti, una \u00e8 la sorella del portavoce del Sindaco Mellone e un\u2019altra \u00e8 la madre di un soggetto molto vicino all\u2019attuale amministrazione.<\/strong><\/em><br><strong><em>Elementi che impongono una riflessione seria, perch\u00e9 quando si parla di beni pubblici, il tema non \u00e8 solo cosa accadr\u00e0, ma come si \u00e8 arrivati fin qui e con quali premesse<\/em><\/strong>.<br><strong><em>E il timore, fondato, \u00e8 che si stia ripetendo un copione gi\u00e0 visto: procedure frettolose, assenza di una visione pubblica e il rischio concreto che, ancora una volta, a beneficiare della gestione di spazi pubblici siano soggetti legati, direttamente o indirettamente, all\u2019area di potere che governa la citt\u00e0\u201d<\/em><\/strong>.<\/p>\n\n\n\n<p><\/p>\n\n\n\n<p>In verit\u00e0 l&#8217;avviso \u00e8 legale anche se difetta apertamente di trasparenza, ma il decisionista sindaco a rimorchio dell&#8217;iniziativa privata \u00e8 una cosa mai vista; pi\u00f9 opportuno sarebbe stato un bando aperto a tutti per un periodo di due mesi indicando cosa l&#8217;Amministrazione intende fare dell&#8217;immobile.<\/p>\n<fb:like href='https:\/\/www.leccecronaca.it\/index.php\/2026\/05\/01\/nuove-polemiche-a-nardo-su-pippi-mellone-ora-per-il-mercato-coperto\/' send='true' layout='button_count' show_faces='true' width='450' height='65' action='recommend' colorscheme='light' font='lucida grande'><\/fb:like><span class=\"fb_share\"><fb:like href=\"https:\/\/www.leccecronaca.it\/index.php\/2026\/05\/01\/nuove-polemiche-a-nardo-su-pippi-mellone-ora-per-il-mercato-coperto\/\" layout=\"button_count\"><\/fb:like><\/span>","protected":false},"excerpt":{"rendered":"<p>di Graziano De Tuglie ________________ Con un comunicato Lorenzo Siciliano, capogruppo PD al Consiglio Comunale di Nard\u00f2, ci informa di un singolare caso che accade in quel Comune. Da oltre sette anni risulta terminato ed efficiente il complesso dell&#8217;ex Mercato Coperto senza che nessuna decisione circa il suo utilizzo sia stato determinato dalle varie amministrazioni, [&hellip;]<\/p>\n","protected":false},"author":4,"featured_media":258751,"comment_status":"open","ping_status":"closed","sticky":false,"template":"","format":"standard","meta":[],"categories":[69,76],"tags":[],"_links":{"self":[{"href":"https:\/\/www.leccecronaca.it\/index.php\/wp-json\/wp\/v2\/posts\/258750"}],"collection":[{"href":"https:\/\/www.leccecronaca.it\/index.php\/wp-json\/wp\/v2\/posts"}],"about":[{"href":"https:\/\/www.leccecronaca.it\/index.php\/wp-json\/wp\/v2\/types\/post"}],"author":[{"embeddable":true,"href":"https:\/\/www.leccecronaca.it\/index.php\/wp-json\/wp\/v2\/users\/4"}],"replies":[{"embeddable":true,"href":"https:\/\/www.leccecronaca.it\/index.php\/wp-json\/wp\/v2\/comments?post=258750"}],"version-history":[{"count":1,"href":"https:\/\/www.leccecronaca.it\/index.php\/wp-json\/wp\/v2\/posts\/258750\/revisions"}],"predecessor-version":[{"id":258752,"href":"https:\/\/www.leccecronaca.it\/index.php\/wp-json\/wp\/v2\/posts\/258750\/revisions\/258752"}],"wp:featuredmedia":[{"embeddable":true,"href":"https:\/\/www.leccecronaca.it\/index.php\/wp-json\/wp\/v2\/media\/258751"}],"wp:attachment":[{"href":"https:\/\/www.leccecronaca.it\/index.php\/wp-json\/wp\/v2\/media?parent=258750"}],"wp:term":[{"taxonomy":"category","embeddable":true,"href":"https:\/\/www.leccecronaca.it\/index.php\/wp-json\/wp\/v2\/categories?post=258750"},{"taxonomy":"post_tag","embeddable":true,"href":"https:\/\/www.leccecronaca.it\/index.php\/wp-json\/wp\/v2\/tags?post=258750"}],"curies":[{"name":"wp","href":"https:\/\/api.w.org\/{rel}","templated":true}]}}