{"id":258757,"date":"2026-05-01T07:07:00","date_gmt":"2026-05-01T05:07:00","guid":{"rendered":"https:\/\/www.leccecronaca.it\/?p=258757"},"modified":"2026-05-01T13:46:13","modified_gmt":"2026-05-01T11:46:13","slug":"copertino-celebra-san-giuseppe-patriarca-tra-fede-e-tradizioni-nel-gorno-dei-lavoratori","status":"publish","type":"post","link":"https:\/\/www.leccecronaca.it\/index.php\/2026\/05\/01\/copertino-celebra-san-giuseppe-patriarca-tra-fede-e-tradizioni-nel-gorno-dei-lavoratori\/","title":{"rendered":"COPERTINO CELEBRA SAN GIUSEPPE PATRIARCA TRA FEDE E TRADIZIONI NEL GORNO DEI LAVORATORI"},"content":{"rendered":"\n<figure class=\"wp-block-image size-large\"><img decoding=\"async\" loading=\"lazy\" width=\"768\" height=\"1024\" src=\"https:\/\/www.leccecronaca.it\/wordpress\/wp-content\/uploads\/2026\/05\/1000310847-768x1024.jpg\" alt=\"\" class=\"wp-image-258758\" srcset=\"https:\/\/www.leccecronaca.it\/wordpress\/wp-content\/uploads\/2026\/05\/1000310847-768x1024.jpg 768w, https:\/\/www.leccecronaca.it\/wordpress\/wp-content\/uploads\/2026\/05\/1000310847-225x300.jpg 225w, https:\/\/www.leccecronaca.it\/wordpress\/wp-content\/uploads\/2026\/05\/1000310847-1152x1536.jpg 1152w, https:\/\/www.leccecronaca.it\/wordpress\/wp-content\/uploads\/2026\/05\/1000310847.jpg 1530w\" sizes=\"(max-width: 768px) 100vw, 768px\" \/><\/figure>\n\n\n\n<p><\/p>\n\n\n\n<p><strong>(Rdl) <\/strong>______A Copertino si rinnova una delle tradizioni pi\u00f9 sentite dalla comunit\u00e0: i festeggiamenti in onore di San Giuseppe Patriarca, Patrono dei Lavoratori, che animano la giornata del 1\u00b0 maggio 2026 tra devozione, musica e momenti di condivisione popolare.<\/p>\n\n\n\n<p><\/p>\n\n\n\n<p>Nella giornata simbolo dedicata al lavoro, la citt\u00e0 di Copertino si raccoglie attorno alla figura di San Giuseppe Patriarca, esempio di umilt\u00e0, sacrificio e dedizione. Un appuntamento che unisce spiritualit\u00e0 e tradizione, coinvolgendo cittadini, famiglie e visitatori in un programma ricco di eventi religiosi e civili.<\/p>\n\n\n\n<p><\/p>\n\n\n\n<p>Il programma religiosoIl momento centrale dei festeggiamenti sar\u00e0 la solenne processione delle ore 20.00, che attraverser\u00e0 alcune delle principali vie cittadine. Il corteo partir\u00e0 dalla Chiesa di San Giuseppe Patriarca, snodandosi lungo via Torino, via Corsica, via Puglia, via Fratelli Cervi, via Peucezia, via Monte Bianco, via Vittorio Veneto, via T. Colaci, Piazza Umberto I e via Garibaldi, per poi fare ritorno in chiesa.<\/p>\n\n\n\n<p>Un percorso che diventa occasione di raccoglimento e partecipazione collettiva, con la comunit\u00e0 che si stringe attorno al Santo in un clima di fede e devozione.<\/p>\n\n\n\n<p>Ad arricchire la giornata, un calendario di iniziative pensate per tutte le et\u00e0:<\/p>\n\n\n\n<p>Ore 9.30 \u2013 Esibizione del Gruppo Musici e Sbandieratori del Rione Cittadella, che porter\u00e0 in scena colori, suoni e atmosfere della tradizione storica.<\/p>\n\n\n\n<p>Ore 21.00 \u2013 \u201cBalla Italia in Concerto\u201d, spettacolo musicale che accompagner\u00e0 la serata con intrattenimento e coinvolgimento del pubblico.<\/p>\n\n\n\n<p>A rendere ancora pi\u00f9 suggestiva l\u2019atmosfera saranno le luminarie, curate dalla ditta Illuminal Art, e le esecuzioni della Banda Musicale Associazione \u201cSan Giuseppe da Copertino\u201d, che contribuiranno a scandire i momenti pi\u00f9 significativi della festa.<\/p>\n\n\n\n<p><\/p>\n\n\n\n<p>I festeggiamenti rappresentano non solo un evento religioso, ma anche un importante momento di identit\u00e0 collettiva. Il Comitato organizzatore, insieme ai sacerdoti e a tutti coloro che hanno collaborato, rinnova cos\u00ec una tradizione che ogni anno richiama partecipazione e senso di appartenenza.<\/p>\n\n\n\n<p>Nel giorno dedicato ai lavoratori, Copertino rende omaggio a San Giuseppe Patriarca, figura simbolo del lavoro e della dignit\u00e0, celebrando valori che continuano a essere profondamente attuali.<\/p>\n<fb:like href='https:\/\/www.leccecronaca.it\/index.php\/2026\/05\/01\/copertino-celebra-san-giuseppe-patriarca-tra-fede-e-tradizioni-nel-gorno-dei-lavoratori\/' send='true' layout='button_count' show_faces='true' width='450' height='65' action='recommend' colorscheme='light' font='lucida grande'><\/fb:like><span class=\"fb_share\"><fb:like href=\"https:\/\/www.leccecronaca.it\/index.php\/2026\/05\/01\/copertino-celebra-san-giuseppe-patriarca-tra-fede-e-tradizioni-nel-gorno-dei-lavoratori\/\" layout=\"button_count\"><\/fb:like><\/span>","protected":false},"excerpt":{"rendered":"<p>(Rdl) ______A Copertino si rinnova una delle tradizioni pi\u00f9 sentite dalla comunit\u00e0: i festeggiamenti in onore di San Giuseppe Patriarca, Patrono dei Lavoratori, che animano la giornata del 1\u00b0 maggio 2026 tra devozione, musica e momenti di condivisione popolare. Nella giornata simbolo dedicata al lavoro, la citt\u00e0 di Copertino si raccoglie attorno alla figura di [&hellip;]<\/p>\n","protected":false},"author":4,"featured_media":258758,"comment_status":"open","ping_status":"closed","sticky":false,"template":"","format":"standard","meta":[],"categories":[1,69],"tags":[],"_links":{"self":[{"href":"https:\/\/www.leccecronaca.it\/index.php\/wp-json\/wp\/v2\/posts\/258757"}],"collection":[{"href":"https:\/\/www.leccecronaca.it\/index.php\/wp-json\/wp\/v2\/posts"}],"about":[{"href":"https:\/\/www.leccecronaca.it\/index.php\/wp-json\/wp\/v2\/types\/post"}],"author":[{"embeddable":true,"href":"https:\/\/www.leccecronaca.it\/index.php\/wp-json\/wp\/v2\/users\/4"}],"replies":[{"embeddable":true,"href":"https:\/\/www.leccecronaca.it\/index.php\/wp-json\/wp\/v2\/comments?post=258757"}],"version-history":[{"count":2,"href":"https:\/\/www.leccecronaca.it\/index.php\/wp-json\/wp\/v2\/posts\/258757\/revisions"}],"predecessor-version":[{"id":258761,"href":"https:\/\/www.leccecronaca.it\/index.php\/wp-json\/wp\/v2\/posts\/258757\/revisions\/258761"}],"wp:featuredmedia":[{"embeddable":true,"href":"https:\/\/www.leccecronaca.it\/index.php\/wp-json\/wp\/v2\/media\/258758"}],"wp:attachment":[{"href":"https:\/\/www.leccecronaca.it\/index.php\/wp-json\/wp\/v2\/media?parent=258757"}],"wp:term":[{"taxonomy":"category","embeddable":true,"href":"https:\/\/www.leccecronaca.it\/index.php\/wp-json\/wp\/v2\/categories?post=258757"},{"taxonomy":"post_tag","embeddable":true,"href":"https:\/\/www.leccecronaca.it\/index.php\/wp-json\/wp\/v2\/tags?post=258757"}],"curies":[{"name":"wp","href":"https:\/\/api.w.org\/{rel}","templated":true}]}}