{"id":258771,"date":"2026-05-01T07:10:00","date_gmt":"2026-05-01T05:10:00","guid":{"rendered":"https:\/\/www.leccecronaca.it\/?p=258771"},"modified":"2026-05-01T16:05:48","modified_gmt":"2026-05-01T14:05:48","slug":"primo-maggio-e-futuro-del-lavoro-il-made-in-italy-al-centro-del-iv-convegno-unitaly","status":"publish","type":"post","link":"https:\/\/www.leccecronaca.it\/index.php\/2026\/05\/01\/primo-maggio-e-futuro-del-lavoro-il-made-in-italy-al-centro-del-iv-convegno-unitaly\/","title":{"rendered":"PRIMO MAGGIO E FUTURO DEL LAVORO: IL MADE IN ITALY AL CENTRO DEL IV CONVEGNO FIERA UNITALY IN PROGRAMMA A OTTOBRE A CORIGLIANO D&#8217;OTRANTO"},"content":{"rendered":"\n<figure class=\"wp-block-image size-large\"><img decoding=\"async\" loading=\"lazy\" width=\"869\" height=\"1024\" src=\"https:\/\/www.leccecronaca.it\/wordpress\/wp-content\/uploads\/2026\/05\/IMG-20260430-WA0036-869x1024.jpg\" alt=\"\" class=\"wp-image-258774\" srcset=\"https:\/\/www.leccecronaca.it\/wordpress\/wp-content\/uploads\/2026\/05\/IMG-20260430-WA0036-869x1024.jpg 869w, https:\/\/www.leccecronaca.it\/wordpress\/wp-content\/uploads\/2026\/05\/IMG-20260430-WA0036-254x300.jpg 254w, https:\/\/www.leccecronaca.it\/wordpress\/wp-content\/uploads\/2026\/05\/IMG-20260430-WA0036-768x905.jpg 768w, https:\/\/www.leccecronaca.it\/wordpress\/wp-content\/uploads\/2026\/05\/IMG-20260430-WA0036.jpg 877w\" sizes=\"(max-width: 869px) 100vw, 869px\" \/><\/figure>\n\n\n\n<p>(Rdl) ___________________ In un momento storico segnato da profonde trasformazioni del lavoro e del sistema produttivo italiano, torna con forza la necessit\u00e0 di riaffermarne il valore centrale come fondamento dell\u2019economia e della coesione sociale del Paese. <\/p>\n\n\n\n<p>In occasione della Festa dei Lavoratori, il tema assume un significato ancora pi\u00f9 rilevante: il lavoro non \u00e8 soltanto un diritto, ma il risultato di un ecosistema complesso fatto di persone, imprese, artigiani e imprenditori che quotidianamente contribuiscono alla crescita dell\u2019Italia.<\/p>\n\n\n\n<p>In questo scenario, la tutela e la valorizzazione del Made in Italy si configurano come una priorit\u00e0 strategica nazionale. Difenderlo significa sostenere occupazione, qualit\u00e0, identit\u00e0 produttiva e continuit\u00e0 industriale, rafforzando al tempo stesso il tessuto economico dei territori.<\/p>\n\n\n\n<p>Negli ultimi anni, tuttavia, il sistema commerciale italiano ha subito un\u2019evoluzione significativa. Secondo i dati di Confcommercio e Confesercenti, nell\u2019ultimo decennio hanno cessato l\u2019attivit\u00e0 oltre 110.000 esercizi commerciali, con ripercussioni dirette sull\u2019occupazione e sulla vitalit\u00e0 dei centri urbani. Parallelamente, la crescita delle grandi piattaforme globali e delle multinazionali ha modificato profondamente le dinamiche della distribuzione e del lavoro, imponendo una riflessione concreta sul futuro del sistema produttivo nazionale.<\/p>\n\n\n\n<p><\/p>\n\n\n\n<figure class=\"wp-block-gallery has-nested-images columns-default is-cropped wp-block-gallery-1 is-layout-flex\">\n<figure class=\"wp-block-image size-large\"><img decoding=\"async\" loading=\"lazy\" width=\"576\" height=\"1024\" data-id=\"258775\"  src=\"https:\/\/www.leccecronaca.it\/wordpress\/wp-content\/uploads\/2026\/05\/1000311823-576x1024.jpg\" alt=\"\" class=\"wp-image-258775\" srcset=\"https:\/\/www.leccecronaca.it\/wordpress\/wp-content\/uploads\/2026\/05\/1000311823-576x1024.jpg 576w, https:\/\/www.leccecronaca.it\/wordpress\/wp-content\/uploads\/2026\/05\/1000311823-169x300.jpg 169w, https:\/\/www.leccecronaca.it\/wordpress\/wp-content\/uploads\/2026\/05\/1000311823-768x1365.jpg 768w, https:\/\/www.leccecronaca.it\/wordpress\/wp-content\/uploads\/2026\/05\/1000311823-864x1536.jpg 864w, https:\/\/www.leccecronaca.it\/wordpress\/wp-content\/uploads\/2026\/05\/1000311823.jpg 1148w\" sizes=\"(max-width: 576px) 100vw, 576px\" \/><\/figure>\n<\/figure>\n\n\n\n<p><\/p>\n\n\n\n<p>\u00c8 proprio da questa consapevolezza che nasce il IV Convegno Nazionale \u2013 Fiera Unitaly, in programma dal 23 al 25 ottobre 2026 presso il Castello di Corigliano d&#8217;Otranto. Un appuntamento che sta gi\u00e0 raccogliendo importanti adesioni da parte di imprese, manager e realt\u00e0 produttive e artistiche, con l\u2019obiettivo di creare un momento concreto di confronto sul futuro del Made in Italy.<\/p>\n\n\n\n<p>\u201cUnitaly\u201d nasce da una visione chiara: unire l\u2019Italia dal Nord al Sud, valorizzando le eccellenze territoriali e costruendo una rete nazionale pi\u00f9 coesa e rappresentativa del patrimonio produttivo del Paese. <\/p>\n\n\n\n<p>Tra le presenze annunciate, spicca quella dell\u2019artista Giammarco Mangia, le cui opere saranno protagoniste del convegno. Le sue creazioni prendono vita da legni di mare raccolti lungo le coste del Salento e trasformati in opere uniche attraverso un processo che fonde natura, tempo e sensibilit\u00e0 artistica.<\/p>\n\n\n\n<p>Accanto al percorso artistico, trova spazio anche l\u2019esperienza imprenditoriale di Novembre Arreda, realt\u00e0 fondata nel 1927 e oggi guidata dall\u2019architetto Andrea Novembre. Un esempio concreto di continuit\u00e0, innovazione ed eccellenza nel settore del design e del manifatturiero italiano.Il IV Convegno Nazionale \u2013 Fiera Unitaly si propone dunque non solo come evento, ma come progetto di visione: un luogo di incontro, dialogo e crescita per rafforzare il sistema produttivo italiano e restituire centralit\u00e0 al lavoro e al Made in Italy. Le tre giornate saranno aperte al pubblico e vedranno la partecipazione di esperti, manager e investitori, offrendo un\u2019opportunit\u00e0 concreta di confronto tra imprese e mercato. L\u2019obiettivo \u00e8 favorire nuove connessioni, collaborazioni e opportunit\u00e0 di sviluppo, in un\u2019ottica di valorizzazione reale del tessuto produttivo nazionale.<\/p>\n\n\n\n<p>In questo contesto, esperienze come quella raccontata da Giammarco Mangia assumono un valore simbolico: l\u2019arte che nasce dalla materia, la memoria che si trasforma in creazione, l\u2019identit\u00e0 che diventa linguaggio universale. \u00c8 proprio in questa capacit\u00e0 di trasformare ci\u00f2 che nasce dalla natura e dal lavoro in qualcosa che parla al mondo che si riconosce il cuore autentico del Made in Italy.<\/p>\n<fb:like href='https:\/\/www.leccecronaca.it\/index.php\/2026\/05\/01\/primo-maggio-e-futuro-del-lavoro-il-made-in-italy-al-centro-del-iv-convegno-unitaly\/' send='true' layout='button_count' show_faces='true' width='450' height='65' action='recommend' colorscheme='light' font='lucida grande'><\/fb:like><span class=\"fb_share\"><fb:like href=\"https:\/\/www.leccecronaca.it\/index.php\/2026\/05\/01\/primo-maggio-e-futuro-del-lavoro-il-made-in-italy-al-centro-del-iv-convegno-unitaly\/\" layout=\"button_count\"><\/fb:like><\/span>","protected":false},"excerpt":{"rendered":"<p>(Rdl) ___________________ In un momento storico segnato da profonde trasformazioni del lavoro e del sistema produttivo italiano, torna con forza la necessit\u00e0 di riaffermarne il valore centrale come fondamento dell\u2019economia e della coesione sociale del Paese. In occasione della Festa dei Lavoratori, il tema assume un significato ancora pi\u00f9 rilevante: il lavoro non \u00e8 soltanto [&hellip;]<\/p>\n","protected":false},"author":4,"featured_media":258774,"comment_status":"open","ping_status":"closed","sticky":false,"template":"","format":"standard","meta":[],"categories":[1],"tags":[],"_links":{"self":[{"href":"https:\/\/www.leccecronaca.it\/index.php\/wp-json\/wp\/v2\/posts\/258771"}],"collection":[{"href":"https:\/\/www.leccecronaca.it\/index.php\/wp-json\/wp\/v2\/posts"}],"about":[{"href":"https:\/\/www.leccecronaca.it\/index.php\/wp-json\/wp\/v2\/types\/post"}],"author":[{"embeddable":true,"href":"https:\/\/www.leccecronaca.it\/index.php\/wp-json\/wp\/v2\/users\/4"}],"replies":[{"embeddable":true,"href":"https:\/\/www.leccecronaca.it\/index.php\/wp-json\/wp\/v2\/comments?post=258771"}],"version-history":[{"count":4,"href":"https:\/\/www.leccecronaca.it\/index.php\/wp-json\/wp\/v2\/posts\/258771\/revisions"}],"predecessor-version":[{"id":258782,"href":"https:\/\/www.leccecronaca.it\/index.php\/wp-json\/wp\/v2\/posts\/258771\/revisions\/258782"}],"wp:featuredmedia":[{"embeddable":true,"href":"https:\/\/www.leccecronaca.it\/index.php\/wp-json\/wp\/v2\/media\/258774"}],"wp:attachment":[{"href":"https:\/\/www.leccecronaca.it\/index.php\/wp-json\/wp\/v2\/media?parent=258771"}],"wp:term":[{"taxonomy":"category","embeddable":true,"href":"https:\/\/www.leccecronaca.it\/index.php\/wp-json\/wp\/v2\/categories?post=258771"},{"taxonomy":"post_tag","embeddable":true,"href":"https:\/\/www.leccecronaca.it\/index.php\/wp-json\/wp\/v2\/tags?post=258771"}],"curies":[{"name":"wp","href":"https:\/\/api.w.org\/{rel}","templated":true}]}}