{"id":263064,"date":"2026-08-31T10:46:46","date_gmt":"2026-08-31T08:46:46","guid":{"rendered":"https:\/\/www.leccecronaca.it\/?p=263064"},"modified":"2026-08-31T10:46:49","modified_gmt":"2026-08-31T08:46:49","slug":"la-riflessione-quando-il-potere-incontra-il-territorio-chi-ha-il-coraggio-di-parlare","status":"publish","type":"post","link":"https:\/\/www.leccecronaca.it\/index.php\/2026\/08\/31\/la-riflessione-quando-il-potere-incontra-il-territorio-chi-ha-il-coraggio-di-parlare\/","title":{"rendered":"LA RIFLESSIONE \/ QUANDO IL POTERE INCONTRA IL TERRITORIO, CHI HA IL CORAGGIO DI PARLARE?"},"content":{"rendered":"\n<p><img decoding=\"async\" loading=\"lazy\" width=\"539\" height=\"733\" class=\"wp-image-263065\" style=\"width: 1500px;\" src=\"https:\/\/www.leccecronaca.it\/wordpress\/wp-content\/uploads\/2026\/08\/Screenshot_20260830-194850.jpg\" alt=\"\" srcset=\"https:\/\/www.leccecronaca.it\/wordpress\/wp-content\/uploads\/2026\/08\/Screenshot_20260830-194850.jpg 539w, https:\/\/www.leccecronaca.it\/wordpress\/wp-content\/uploads\/2026\/08\/Screenshot_20260830-194850-221x300.jpg 221w\" sizes=\"(max-width: 539px) 100vw, 539px\" \/><\/p>\n\n\n\n<p>di <strong>Cristina Pipoli _<\/strong>________________ <\/p>\n\n\n\n<p>Ci sono poteri che non hanno bisogno di presentarsi.<\/p>\n\n\n\n<p>Non hanno bisogno di urlare il proprio nome.<\/p>\n\n\n\n<p>Non hanno bisogno di minacciare davanti a tutti.<\/p>\n\n\n\n<p>A volte basta una firma.<\/p>\n\n\n\n<p>Una telefonata.<\/p>\n\n\n\n<p>Una porta che si chiude.<\/p>\n\n\n\n<p>Un documento che non arriva.<\/p>\n\n\n\n<p>Una domanda alla quale nessuno vuole rispondere.<\/p>\n\n\n\n<p>E allora viene da chiedersi:<\/p>\n\n\n\n<p>che cosa succede a chi quella domanda continua a farla?<\/p>\n\n\n\n<p>La storia italiana \u00e8 piena di vicende nelle quali questa domanda \u00e8 rimasta sospesa.<\/p>\n\n\n\n<p>Papa Luciani.<\/p>\n\n\n\n<p>La P2.<\/p>\n\n\n\n<p>La scomparsa di Manuela Orlandi.<\/p>\n\n\n\n<p>Le ombre del Vaticano.<\/p>\n\n\n\n<p>Fino alle rappresentazioni cinematografiche evocate da Il Padrino Parte III.<\/p>\n\n\n\n<p>Storie diverse.<\/p>\n\n\n\n<p>Contesti diversi.<\/p>\n\n\n\n<p>Responsabilit\u00e0 che non possono essere sovrapposte senza prove.<\/p>\n\n\n\n<p>Ma una domanda ritorna:<\/p>\n\n\n\n<p>che cosa accade quando interessi enormi entrano in gioco e il potere diventa difficile da vedere, da controllare, da interrogare?<\/p>\n\n\n\n<p>Ma la domanda rimane la stessa:<\/p>\n\n\n\n<p>chi decide sul territorio e chi ha il potere di dire s\u00ec o di dire no?<\/p>\n\n\n\n<p>Ed \u00e8 proprio su questo terreno che la riflessione di Ermenegildo Fusaro sulla natura, sul creato e sul bene comune pu\u00f2 assumere oggi un significato ancora pi\u00f9 attuale.<\/p>\n\n\n\n<p>Perch\u00e9 difendere il territorio non significa necessariamente rifiutare il cambiamento.<\/p>\n\n\n\n<p>Significa pretendere che il cambiamento sia trasparente, documentato, sostenibile e rispettoso delle comunit\u00e0 che quel territorio lo abitano.<\/p>\n\n\n\n<p>Osservare i dire no?<\/p>\n\n\n\n<p>Qui \u00e8 bene specificarlo, c&#8217;\u00e8 una differenza importante tra chi osserva e chi prende posizione.<\/p>\n\n\n\n<p>C&#8217;\u00e8 chi osserva, raccoglie dati, documenta e segnala.<\/p>\n\n\n\n<p>\u00c8 una funzione preziosa.<\/p>\n\n\n\n<p>Ma pu\u00f2 arrivare un momento nel quale osservare non basta pi\u00f9.<\/p>\n\n\n\n<p>\u00c8 quando qualcuno, davanti a ci\u00f2 che considera un rischio per il territorio, decide di dire: &#8220;No.&#8221;<\/p>\n\n\n\n<p>Quella non \u00e8 pi\u00f9 soltanto osservazione.<\/p>\n\n\n\n<p>\u00c8 una presa di posizione.<\/p>\n\n\n\n<p>\u00c8 l&#8217;assunzione di una responsabilit\u00e0.<\/p>\n\n\n\n<p>\u00c8 la scelta di porre un limite quando si ritiene che quel limite sia necessario per proteggere un bene che appartiene a tutti.<\/p>\n\n\n\n<p>E proprio qui dovrebbe cominciare il confronto serio.<\/p>\n\n\n\n<p>Non:<\/p>\n\n\n\n<p>chi \u00e8 pi\u00f9 bravo a raccontarsi?<\/p>\n\n\n\n<p>Ma:<\/p>\n\n\n\n<p>Chi ha fatto cosa?<\/p>\n\n\n\n<p>Chi ha raccolto i dati?<\/p>\n\n\n\n<p>Chi ha segnalato?<\/p>\n\n\n\n<p>Chi ha denunciato?<\/p>\n\n\n\n<p>Chi ha chiesto verifiche?<\/p>\n\n\n\n<p>Chi ha detto no?<\/p>\n\n\n\n<p>E soprattutto:<\/p>\n\n\n\n<p>Chi ha mantenuto quel no quando sarebbe stato pi\u00f9 facile tornare indietro?<\/p>\n\n\n\n<p>Perch\u00e9 anche il &#8220;no&#8221; deve essere sottoposto alla prova dei fatti.<\/p>\n\n\n\n<p>Ma quando quel no nasce da dati, denunce, documenti e dalla convinzione di difendere il bene comune, non pu\u00f2 essere liquidato.<\/p>\n\n\n\n<p>Va ascoltato.<\/p>\n\n\n\n<p>Va verificato.<\/p>\n\n\n\n<p>Va messo alla prova dei fatti.<\/p>\n\n\n\n<p>E quando la narrazione si rovescia?<\/p>\n\n\n\n<p>Ed \u00e8 qui che arriva un&#8217;altra domanda.<\/p>\n\n\n\n<p>Che cosa accade quando la realt\u00e0 viene raccontata al contrario?<\/p>\n\n\n\n<p>Quando chi ha detto no viene percepito come quello che divide?<\/p>\n\n\n\n<p>Quando chi ha denunciato viene considerato colui che crea il problema?<\/p>\n\n\n\n<p>Quando chi ha difeso un territorio viene rappresentato come un ostacolo?<\/p>\n\n\n\n<p>E, dall&#8217;altra parte, quando qualcuno si presenta come difensore del territorio e propone una lettura diversa dei fatti?<\/p>\n\n\n\n<p>Non spetta al giornalismo scegliere una parte sulla base delle dichiarazioni.<\/p>\n\n\n\n<p>Spetta al giornalismo chiedere:<\/p>\n\n\n\n<p>Dove sono i documenti?<\/p>\n\n\n\n<p>Dove sono i dati?<\/p>\n\n\n\n<p>Chi ha denunciato per primo?<\/p>\n\n\n\n<p>Chi ha chiesto controlli?<\/p>\n\n\n\n<p>Chi ha detto no?<\/p>\n\n\n\n<p>Perch\u00e9 una narrazione pu\u00f2 essere molto potente.<\/p>\n\n\n\n<p>Pu\u00f2 trasformare il denunciante in un disturbatore.<\/p>\n\n\n\n<p>La richiesta di trasparenza in un attacco.<\/p>\n\n\n\n<p>La vigilanza in allarmismo.<\/p>\n\n\n\n<p>La difesa dell&#8217;ambiente in un ostacolo allo sviluppo.<\/p>\n\n\n\n<p>Sono i fatti a stabilire ci\u00f2 che pu\u00f2 essere dimostrato.<\/p>\n\n\n\n<p>Ma nel rifiutarsi di decidere prima di aver visto le prove.<\/p>\n\n\n\n<p>Perch\u00e9 il giornalista non deve essere il custode di una verit\u00e0 gi\u00e0 scelta.<\/p>\n\n\n\n<p>Deve essere colui che continua a cercarla.<\/p>\n\n\n\n<p>Anche quando \u00e8 scomoda.<\/p>\n\n\n\n<p>Anche quando fa paura.<\/p>\n\n\n\n<p>Anche quando qualcuno preferirebbe che quella domanda non venisse mai fatta.<\/p>\n\n\n\n<p>___________________ <\/p>\n\n\n\n<p>LA RICERCA nel nostro articolo del 19 luglio scorso<\/p>\n\n\n\n<figure class=\"wp-block-embed is-type-wp-embed is-provider-leccecronaca-it wp-block-embed-leccecronaca-it\"><div class=\"wp-block-embed__wrapper\">\n<blockquote class=\"wp-embedded-content\" data-secret=\"7vbpMpULdS\"><a href=\"https:\/\/www.leccecronaca.it\/index.php\/2026\/07\/19\/il-film-il-padrino-parte-iii-papa-luciani-e-le-domande-che-non-dovrebbero-fare-paura-alla-ricerca-storica\/\">IL FILM IL PADRINO PARTE III, PAPA LUCIANI E LE DOMANDE CHE NON DOVREBBERO FARE PAURA ALLA RICERCA STORICA<\/a><\/blockquote><iframe class=\"wp-embedded-content\" sandbox=\"allow-scripts\" security=\"restricted\" style=\"position: absolute; clip: rect(1px, 1px, 1px, 1px);\" title=\"&#8220;IL FILM IL PADRINO PARTE III, PAPA LUCIANI E LE DOMANDE CHE NON DOVREBBERO FARE PAURA ALLA RICERCA STORICA&#8221; &#8212; LecceCronaca.it\" src=\"https:\/\/www.leccecronaca.it\/index.php\/2026\/07\/19\/il-film-il-padrino-parte-iii-papa-luciani-e-le-domande-che-non-dovrebbero-fare-paura-alla-ricerca-storica\/embed\/#?secret=e1hN0LTzys#?secret=7vbpMpULdS\" data-secret=\"7vbpMpULdS\" width=\"500\" height=\"282\" frameborder=\"0\" marginwidth=\"0\" marginheight=\"0\" scrolling=\"no\"><\/iframe>\n<\/div><\/figure>\n<fb:like href='https:\/\/www.leccecronaca.it\/index.php\/2026\/08\/31\/la-riflessione-quando-il-potere-incontra-il-territorio-chi-ha-il-coraggio-di-parlare\/' send='true' layout='button_count' show_faces='true' width='450' height='65' action='recommend' colorscheme='light' font='lucida grande'><\/fb:like><span class=\"fb_share\"><fb:like href=\"https:\/\/www.leccecronaca.it\/index.php\/2026\/08\/31\/la-riflessione-quando-il-potere-incontra-il-territorio-chi-ha-il-coraggio-di-parlare\/\" layout=\"button_count\"><\/fb:like><\/span>","protected":false},"excerpt":{"rendered":"<p>di Cristina Pipoli _________________ Ci sono poteri che non hanno bisogno di presentarsi. Non hanno bisogno di urlare il proprio nome. Non hanno bisogno di minacciare davanti a tutti. A volte basta una firma. Una telefonata. Una porta che si chiude. Un documento che non arriva. Una domanda alla quale nessuno vuole rispondere. E allora [&hellip;]<\/p>\n","protected":false},"author":4,"featured_media":263065,"comment_status":"open","ping_status":"closed","sticky":false,"template":"","format":"standard","meta":[],"categories":[31],"tags":[],"_links":{"self":[{"href":"https:\/\/www.leccecronaca.it\/index.php\/wp-json\/wp\/v2\/posts\/263064"}],"collection":[{"href":"https:\/\/www.leccecronaca.it\/index.php\/wp-json\/wp\/v2\/posts"}],"about":[{"href":"https:\/\/www.leccecronaca.it\/index.php\/wp-json\/wp\/v2\/types\/post"}],"author":[{"embeddable":true,"href":"https:\/\/www.leccecronaca.it\/index.php\/wp-json\/wp\/v2\/users\/4"}],"replies":[{"embeddable":true,"href":"https:\/\/www.leccecronaca.it\/index.php\/wp-json\/wp\/v2\/comments?post=263064"}],"version-history":[{"count":1,"href":"https:\/\/www.leccecronaca.it\/index.php\/wp-json\/wp\/v2\/posts\/263064\/revisions"}],"predecessor-version":[{"id":263066,"href":"https:\/\/www.leccecronaca.it\/index.php\/wp-json\/wp\/v2\/posts\/263064\/revisions\/263066"}],"wp:featuredmedia":[{"embeddable":true,"href":"https:\/\/www.leccecronaca.it\/index.php\/wp-json\/wp\/v2\/media\/263065"}],"wp:attachment":[{"href":"https:\/\/www.leccecronaca.it\/index.php\/wp-json\/wp\/v2\/media?parent=263064"}],"wp:term":[{"taxonomy":"category","embeddable":true,"href":"https:\/\/www.leccecronaca.it\/index.php\/wp-json\/wp\/v2\/categories?post=263064"},{"taxonomy":"post_tag","embeddable":true,"href":"https:\/\/www.leccecronaca.it\/index.php\/wp-json\/wp\/v2\/tags?post=263064"}],"curies":[{"name":"wp","href":"https:\/\/api.w.org\/{rel}","templated":true}]}}