{"id":263079,"date":"2026-09-01T13:00:32","date_gmt":"2026-09-01T11:00:32","guid":{"rendered":"https:\/\/www.leccecronaca.it\/?p=263079"},"modified":"2026-09-01T13:00:34","modified_gmt":"2026-09-01T11:00:34","slug":"arriva-joel-monteiro-via-lecce-via","status":"publish","type":"post","link":"https:\/\/www.leccecronaca.it\/index.php\/2026\/09\/01\/arriva-joel-monteiro-via-lecce-via\/","title":{"rendered":"ARRIVA JOEL MONTEIRO, VIA LECCE VIA!"},"content":{"rendered":"\n<p><img decoding=\"async\" loading=\"lazy\" width=\"768\" height=\"1024\" class=\"wp-image-263080\" style=\"width: 1500px;\" src=\"https:\/\/www.leccecronaca.it\/wordpress\/wp-content\/uploads\/2026\/09\/a01598b7-887b-4fda-84ae-8a3965ca70ff-768x1024-1.jpg\" alt=\"\" srcset=\"https:\/\/www.leccecronaca.it\/wordpress\/wp-content\/uploads\/2026\/09\/a01598b7-887b-4fda-84ae-8a3965ca70ff-768x1024-1.jpg 768w, https:\/\/www.leccecronaca.it\/wordpress\/wp-content\/uploads\/2026\/09\/a01598b7-887b-4fda-84ae-8a3965ca70ff-768x1024-1-225x300.jpg 225w\" sizes=\"(max-width: 768px) 100vw, 768px\" \/><\/p>\n\n\n\n<p>(Rdl) _____________ L\u2019U.S. Lecce comunica di aver acquisito, a titolo definitivo, il diritto alle prestazioni sportive del calciatore\u00a0Joel\u00a0Monteiro\u00a0dal BSC Young Boys.\u00a0<\/p>\n\n\n\n<p>L\u2019esterno offensivo svizzero classe 1999, che vestir\u00e0 la maglia numero 99, ha sottoscritto un contratto fino al 30 giugno 2029 con opzione per l\u2019anno successivo. ____________<\/p>\n\n\n\n<p>Joel Monteiro, 27 anni, nato a Sion, quindi di nazionalit\u00e0 svizzera, ma anche con cittadinanza portoghese, arriva a Lecce per dare maggiore incisivit\u00e0 al reparto offensivo giallorosso, che sembra anche quest&#8217;anno in difficolt\u00e0.<\/p>\n\n\n\n<p>Nelle ultime tre stagioni \u00e8 stato titolare nello Young Boys, squadra ambiziosa del campionato svizzero e anche fino a ieri, con tre presenze ad agosto e un gol, prima delle visite mediche di questa mattina e della firma del contratto che lo lega al Lecce.<\/p>\n\n\n\n<p>Valore di mercato 3.500.000, quindi l&#8217;acquisto pi\u00f9 importante fatto in questa sessione. ________________<\/p>\n\n\n\n<p>LA RICERCA nel nostro articolo immediatamente precedente<\/p>\n\n\n\n<figure class=\"wp-block-embed is-type-wp-embed is-provider-leccecronaca-it wp-block-embed-leccecronaca-it\"><div class=\"wp-block-embed__wrapper\">\n<blockquote class=\"wp-embedded-content\" data-secret=\"X5WQCymMzH\"><a href=\"https:\/\/www.leccecronaca.it\/index.php\/2026\/09\/01\/ahi-che-malen-la-roma-travolge-il-lecce\/\">AHI CHE MALEN! LA ROMA TRAVOLGE IL LECCE<\/a><\/blockquote><iframe class=\"wp-embedded-content\" sandbox=\"allow-scripts\" security=\"restricted\" style=\"position: absolute; clip: rect(1px, 1px, 1px, 1px);\" title=\"&#8220;AHI CHE MALEN! LA ROMA TRAVOLGE IL LECCE&#8221; &#8212; LecceCronaca.it\" src=\"https:\/\/www.leccecronaca.it\/index.php\/2026\/09\/01\/ahi-che-malen-la-roma-travolge-il-lecce\/embed\/#?secret=wqlVJemB1a#?secret=X5WQCymMzH\" data-secret=\"X5WQCymMzH\" width=\"500\" height=\"282\" frameborder=\"0\" marginwidth=\"0\" marginheight=\"0\" scrolling=\"no\"><\/iframe>\n<\/div><\/figure>\n<fb:like href='https:\/\/www.leccecronaca.it\/index.php\/2026\/09\/01\/arriva-joel-monteiro-via-lecce-via\/' send='true' layout='button_count' show_faces='true' width='450' height='65' action='recommend' colorscheme='light' font='lucida grande'><\/fb:like><span class=\"fb_share\"><fb:like href=\"https:\/\/www.leccecronaca.it\/index.php\/2026\/09\/01\/arriva-joel-monteiro-via-lecce-via\/\" layout=\"button_count\"><\/fb:like><\/span>","protected":false},"excerpt":{"rendered":"<p>(Rdl) _____________ L\u2019U.S. Lecce comunica di aver acquisito, a titolo definitivo, il diritto alle prestazioni sportive del calciatore\u00a0Joel\u00a0Monteiro\u00a0dal BSC Young Boys.\u00a0 L\u2019esterno offensivo svizzero classe 1999, che vestir\u00e0 la maglia numero 99, ha sottoscritto un contratto fino al 30 giugno 2029 con opzione per l\u2019anno successivo. ____________ Joel Monteiro, 27 anni, nato a Sion, quindi [&hellip;]<\/p>\n","protected":false},"author":4,"featured_media":263080,"comment_status":"open","ping_status":"closed","sticky":false,"template":"","format":"standard","meta":[],"categories":[28],"tags":[],"_links":{"self":[{"href":"https:\/\/www.leccecronaca.it\/index.php\/wp-json\/wp\/v2\/posts\/263079"}],"collection":[{"href":"https:\/\/www.leccecronaca.it\/index.php\/wp-json\/wp\/v2\/posts"}],"about":[{"href":"https:\/\/www.leccecronaca.it\/index.php\/wp-json\/wp\/v2\/types\/post"}],"author":[{"embeddable":true,"href":"https:\/\/www.leccecronaca.it\/index.php\/wp-json\/wp\/v2\/users\/4"}],"replies":[{"embeddable":true,"href":"https:\/\/www.leccecronaca.it\/index.php\/wp-json\/wp\/v2\/comments?post=263079"}],"version-history":[{"count":1,"href":"https:\/\/www.leccecronaca.it\/index.php\/wp-json\/wp\/v2\/posts\/263079\/revisions"}],"predecessor-version":[{"id":263081,"href":"https:\/\/www.leccecronaca.it\/index.php\/wp-json\/wp\/v2\/posts\/263079\/revisions\/263081"}],"wp:featuredmedia":[{"embeddable":true,"href":"https:\/\/www.leccecronaca.it\/index.php\/wp-json\/wp\/v2\/media\/263080"}],"wp:attachment":[{"href":"https:\/\/www.leccecronaca.it\/index.php\/wp-json\/wp\/v2\/media?parent=263079"}],"wp:term":[{"taxonomy":"category","embeddable":true,"href":"https:\/\/www.leccecronaca.it\/index.php\/wp-json\/wp\/v2\/categories?post=263079"},{"taxonomy":"post_tag","embeddable":true,"href":"https:\/\/www.leccecronaca.it\/index.php\/wp-json\/wp\/v2\/tags?post=263079"}],"curies":[{"name":"wp","href":"https:\/\/api.w.org\/{rel}","templated":true}]}}