{"id":263088,"date":"2026-09-01T14:07:51","date_gmt":"2026-09-01T12:07:51","guid":{"rendered":"https:\/\/www.leccecronaca.it\/?p=263088"},"modified":"2026-09-01T14:07:54","modified_gmt":"2026-09-01T12:07:54","slug":"difesa-del-mare-e-legalita-nel-salento-lazione-sinergica-dei-carabinieri-a-tutela-dellecosistema","status":"publish","type":"post","link":"https:\/\/www.leccecronaca.it\/index.php\/2026\/09\/01\/difesa-del-mare-e-legalita-nel-salento-lazione-sinergica-dei-carabinieri-a-tutela-dellecosistema\/","title":{"rendered":"DIFESA DEL MARE E LEGALITA&#8217; NEL SALENTO: L\u2019AZIONE SINERGICA DEI CARABINIERI A TUTELA DELL\u2019ECOSISTEMA"},"content":{"rendered":"\n<p><img decoding=\"async\" loading=\"lazy\" width=\"1910\" height=\"1080\" class=\"wp-image-263089\" style=\"width: 1500px;\" src=\"https:\/\/www.leccecronaca.it\/wordpress\/wp-content\/uploads\/2026\/09\/cammare.jpg\" alt=\"\" srcset=\"https:\/\/www.leccecronaca.it\/wordpress\/wp-content\/uploads\/2026\/09\/cammare.jpg 1910w, https:\/\/www.leccecronaca.it\/wordpress\/wp-content\/uploads\/2026\/09\/cammare-300x170.jpg 300w, https:\/\/www.leccecronaca.it\/wordpress\/wp-content\/uploads\/2026\/09\/cammare-1024x579.jpg 1024w, https:\/\/www.leccecronaca.it\/wordpress\/wp-content\/uploads\/2026\/09\/cammare-768x434.jpg 768w, https:\/\/www.leccecronaca.it\/wordpress\/wp-content\/uploads\/2026\/09\/cammare-1536x869.jpg 1536w\" sizes=\"(max-width: 1910px) 100vw, 1910px\" \/><\/p>\n\n\n\n<p>Report del Comando Provinciale dei Carabinieri di Lecce _______________<\/p>\n\n\n\n<p>Nelle acque del Salento, il mare non \u00e8 solo una risorsa naturale e turistica di inestimabile valore, ma un ecosistema fragile che richiede vigilanza costante, dedizione e professionalit\u00e0.<br>Nell&#8217;ambito dei servizi straordinari predisposti dal Comando Provinciale Carabinieri di Lecce, d&#8217;intesa con il Gruppo Navale Genova e la fondamentale componente Subacquea dell&#8217;Arma, i militari sono stati protagonisti di un\u2019articolata operazione di controllo lungo il litorale tra Gallipoli, Nard\u00f2 e Porto Cesareo, volta a contrastare i reati ambientali e a garantire la sicurezza in mare.<br>Un\u2019attivit\u00e0 che evidenzia la versatilit\u00e0 e la prontezza operativa dei Carabinieri, capaci di coniugare l&#8217;assistenza al cittadino e la fermezza nella tutela dell&#8217;ambiente. <\/p>\n\n\n\n<p>Durante il pattugliamento, i militari del Nucleo Subacquei di Pescara sono prima intervenuti con tempestivit\u00e0 in soccorso di un&#8217;imbarcazione in difficolt\u00e0, liberandone l&#8217;elica bloccata da una cima e sventando potenziali pericoli per i naviganti.<\/p>\n\n\n\n<p><br>Successivamente, il personale specializzato ha portato alla luce un grave episodio di pesca illegale. Un 58enne del posto \u00e8 stato sorpreso dopo aver catturato una cernia attraverso modalit\u00e0 vietate dalla legge: l&#8217;utilizzo di apparecchi ausiliari di respirazione abbinato al fucile subacqueo, quest&#8217;ultimo rinvenuto dai Carabinieri ancora carico sul fondale a 25 metri di profondit\u00e0, con un serio rischio anche per la sicurezza pubblica.<br>L&#8217;operazione, condotta in stretta collaborazione con la Capitaneria di Porto di Gallipoli, si \u00e8 conclusa con il sequestro dell&#8217;attrezzatura da immersione e la contestazione di una sanzione amministrativa di 1.000 euro. Un segnale forte che ribadisce come la pesca di frodo non sia un semplice illecito amministrativo, ma una ferita al patrimonio biologico marino. La cernia sequestrata, previa verifica di idoneit\u00e0, \u00e8 stata devoluta a un ente benefico locale, trasformando un atto illecito in un gesto di solidariet\u00e0 per la comunit\u00e0.<\/p>\n\n\n\n<p><br>L&#8217;impegno dell&#8217;Arma dei Carabinieri prosegue senza sosta, a terra e in mare, per garantire che la bellezza dei nostri mari resti un bene protetto e accessibile a tutti nel rispetto delle regole.<br>Lecce, 01.09.2026<\/p>\n<fb:like href='https:\/\/www.leccecronaca.it\/index.php\/2026\/09\/01\/difesa-del-mare-e-legalita-nel-salento-lazione-sinergica-dei-carabinieri-a-tutela-dellecosistema\/' send='true' layout='button_count' show_faces='true' width='450' height='65' action='recommend' colorscheme='light' font='lucida grande'><\/fb:like><span class=\"fb_share\"><fb:like href=\"https:\/\/www.leccecronaca.it\/index.php\/2026\/09\/01\/difesa-del-mare-e-legalita-nel-salento-lazione-sinergica-dei-carabinieri-a-tutela-dellecosistema\/\" layout=\"button_count\"><\/fb:like><\/span>","protected":false},"excerpt":{"rendered":"<p>Report del Comando Provinciale dei Carabinieri di Lecce _______________ Nelle acque del Salento, il mare non \u00e8 solo una risorsa naturale e turistica di inestimabile valore, ma un ecosistema fragile che richiede vigilanza costante, dedizione e professionalit\u00e0.Nell&#8217;ambito dei servizi straordinari predisposti dal Comando Provinciale Carabinieri di Lecce, d&#8217;intesa con il Gruppo Navale Genova e la [&hellip;]<\/p>\n","protected":false},"author":4,"featured_media":263089,"comment_status":"open","ping_status":"closed","sticky":false,"template":"","format":"standard","meta":[],"categories":[69],"tags":[],"_links":{"self":[{"href":"https:\/\/www.leccecronaca.it\/index.php\/wp-json\/wp\/v2\/posts\/263088"}],"collection":[{"href":"https:\/\/www.leccecronaca.it\/index.php\/wp-json\/wp\/v2\/posts"}],"about":[{"href":"https:\/\/www.leccecronaca.it\/index.php\/wp-json\/wp\/v2\/types\/post"}],"author":[{"embeddable":true,"href":"https:\/\/www.leccecronaca.it\/index.php\/wp-json\/wp\/v2\/users\/4"}],"replies":[{"embeddable":true,"href":"https:\/\/www.leccecronaca.it\/index.php\/wp-json\/wp\/v2\/comments?post=263088"}],"version-history":[{"count":1,"href":"https:\/\/www.leccecronaca.it\/index.php\/wp-json\/wp\/v2\/posts\/263088\/revisions"}],"predecessor-version":[{"id":263090,"href":"https:\/\/www.leccecronaca.it\/index.php\/wp-json\/wp\/v2\/posts\/263088\/revisions\/263090"}],"wp:featuredmedia":[{"embeddable":true,"href":"https:\/\/www.leccecronaca.it\/index.php\/wp-json\/wp\/v2\/media\/263089"}],"wp:attachment":[{"href":"https:\/\/www.leccecronaca.it\/index.php\/wp-json\/wp\/v2\/media?parent=263088"}],"wp:term":[{"taxonomy":"category","embeddable":true,"href":"https:\/\/www.leccecronaca.it\/index.php\/wp-json\/wp\/v2\/categories?post=263088"},{"taxonomy":"post_tag","embeddable":true,"href":"https:\/\/www.leccecronaca.it\/index.php\/wp-json\/wp\/v2\/tags?post=263088"}],"curies":[{"name":"wp","href":"https:\/\/api.w.org\/{rel}","templated":true}]}}